
{"id":49069,"date":"2015-02-21T02:03:19","date_gmt":"2015-02-21T00:03:19","guid":{"rendered":"http:\/\/www.gdapress.it\/it\/?p=49069"},"modified":"2015-02-21T02:03:19","modified_gmt":"2015-02-21T00:03:19","slug":"luca-macauda-alla-testa-dellacqua-brescia","status":"publish","type":"post","link":"https:\/\/www.gdapress.it\/it\/index.php\/49069\/arte\/luca-macauda-alla-testa-dellacqua-brescia.html","title":{"rendered":"Luca Macauda Alla testa dell&#8217;acqua Brescia"},"content":{"rendered":"<p><a href=\"http:\/\/www.gdapress.it\/it\/..\/public\/it\/2015\/02\/be27f0e9-5108-4667-af72-445b9deb0d7f.jpg\"><img loading=\"lazy\" decoding=\"async\" class=\"alignnone size-medium wp-image-49070\" src=\"http:\/\/www.gdapress.it\/it\/..\/public\/it\/2015\/02\/be27f0e9-5108-4667-af72-445b9deb0d7f-300x158.jpg\" alt=\"be27f0e9-5108-4667-af72-445b9deb0d7f\" width=\"300\" height=\"158\" srcset=\"https:\/\/www.gdapress.it\/it\/..\/public\/it\/2015\/02\/be27f0e9-5108-4667-af72-445b9deb0d7f-300x158.jpg 300w, https:\/\/www.gdapress.it\/it\/..\/public\/it\/2015\/02\/be27f0e9-5108-4667-af72-445b9deb0d7f-500x263.jpg 500w, https:\/\/www.gdapress.it\/it\/..\/public\/it\/2015\/02\/be27f0e9-5108-4667-af72-445b9deb0d7f-900x474.jpg 900w\" sizes=\"auto, (max-width: 300px) 100vw, 300px\" \/><\/a><\/p>\n<p>Luca Macauda Alla testa dell&#8217;acqua Testo critico: Gabriele Tosi Inaugurazione sabato 21 febbraio 2015, ore 18.00 Fino a 20 marzo 2015 &#8211; visitabile dal gioved\u00ec al sabato dalle 15 alle 19 nuovo indirizzo: via gabriele rosa 20\/a 25121 Brescia<\/p>\n<p>Alla testa dell&#8217;acqua \u00e8 una espressione che proviene dal dialetto siciliano oltre ad essere il nome una specifica localit\u00e0 nell&#8217;area sud orientale dell&#8217;isola. La duplicit\u00e0 del suo significato, cio\u00e8 l&#8217;esigenza in una discussione di andare all&#8217;origine della stessa, e l&#8217;essere espressione toponomastica, incarna la recente ricerca pittorica di Luca Macauda (Modica, 1979) che si concretizza sulle superfici della tela lavorata a pastello morbido.<\/p>\n<p>Le sette opere esposte, varie nelle grandezze fino ad arrivare a lavori di grandi dimensioni, sono state eseguite dall\u2019artista nel recente 2014 e 2015. \u201cSulle superfici di Macauda la pittura galleggia\u201d ci suggerisce Gabriele Tosi nel testo critico che accompagna la mostra. \u201cCome accettati dall\u2019onda, i suoi segni affondano e riemergono, vibrano energici pensando la materia terrosa con la fluidit\u00e0 propria dell\u2019acqua. La sicurezza mentale del tratto si scioglie in un fare libero, lontano da ogni bellicoso estremismo perch\u00e9 fautore di quella naturalezza capace di sciogliere le gabbie dell\u2019artificio. Cos\u00ec ho inteso l\u2019uso di questi pastelli morbidi, che naturali e privi di solventi spingono l\u2019artista a lavorare sulle aderenze, a sentire l\u2019immagine invece di proiettarla dagli occhi. La fragilit\u00e0 della materia &#8211; un incauto passaggio di mano farebbe pastrocchi &#8211; si sposa col rifiutare al visivo ogni forma fossile, la sua duratura brillantezza delega alla luce, cio\u00e8 al vivo, ogni compito distintivo e formale\u201d. Ed in merito alla complessiva ricerca dell&#8217;artista: \u201cMi viene in mente che spesso, nell\u2019ambiente dell\u2019arte contemporanea, usiamo la parola \u201clavoro\u201d invece di \u201copera\u201d. In fisica, il \u201clavoro\u201d si pu\u00f2 grossolanamente definire come la forza che agisce su un oggetto e ne causa lo spostamento. Quando noto come queste tele ammettano di non uscire dal vuoto e al tempo stesso non siano una variazione di alcun modello, piuttosto il portato esperienziale di ci\u00f2 che le precede, la definizione \u201clavoro\u201d non mi appare pi\u00f9 cos\u00ec fredda e inopportuna. Il risultato \u00e8 infatti una pittura che mantiene una memoria, in qualche modo materica, del proprio ricercare. Ho avuto la possibilit\u00e0 di fruire le ultime opere in ordine cronologico e un senso di continuo mutamento mi \u00e8 apparso evidente. A volte c\u2019\u00e8 qualcosa che si muove, cresce, affiora: nel cambio di un colore, nell\u2019emersione pi\u00f9 energica dal fondo, nella dose dei segni. Altre volte, come dopo un parto compiuto, la novit\u00e0 \u00e8 carica, travolgente e offuscante, come se tra una dimensione e l\u2019altra fosse trascorso un periodo lunghissimo in un tempo davvero breve\u201d. Il testo completo sar\u00e0 disponibile in mostra, che sar\u00e0 allestita nei nuovi spazi di A+B al civico 20a di via Gabriele Rosa a Brescia.<\/p>\n","protected":false},"excerpt":{"rendered":"<p>Luca Macauda Alla testa dell&#8217;acqua Testo critico: Gabriele Tosi Inaugurazione sabato 21 febbraio 2015, ore 18.00 Fino a 20 marzo 2015 &#8211; visitabile dal gioved\u00ec al sabato dalle 15 alle 19 nuovo indirizzo: via gabriele rosa 20\/a 25121 Brescia Alla testa dell&#8217;acqua \u00e8 una espressione che proviene dal dialetto siciliano oltre ad essere il nome &hellip; <a href=\"https:\/\/www.gdapress.it\/it\/index.php\/49069\/arte\/luca-macauda-alla-testa-dellacqua-brescia.html\" class=\"more-link\">Read more <span class=\"screen-reader-text\">Luca Macauda Alla testa dell&#8217;acqua Brescia<\/span><\/a><\/p>\n","protected":false},"author":3,"featured_media":0,"comment_status":"closed","ping_status":"open","sticky":false,"template":"","format":"standard","meta":{"footnotes":""},"categories":[4],"tags":[1469,14706],"class_list":["post-49069","post","type-post","status-publish","format-standard","hentry","category-arte","tag-brescia","tag-luca-macauda"],"_links":{"self":[{"href":"https:\/\/www.gdapress.it\/it\/index.php\/wp-json\/wp\/v2\/posts\/49069","targetHints":{"allow":["GET"]}}],"collection":[{"href":"https:\/\/www.gdapress.it\/it\/index.php\/wp-json\/wp\/v2\/posts"}],"about":[{"href":"https:\/\/www.gdapress.it\/it\/index.php\/wp-json\/wp\/v2\/types\/post"}],"author":[{"embeddable":true,"href":"https:\/\/www.gdapress.it\/it\/index.php\/wp-json\/wp\/v2\/users\/3"}],"replies":[{"embeddable":true,"href":"https:\/\/www.gdapress.it\/it\/index.php\/wp-json\/wp\/v2\/comments?post=49069"}],"version-history":[{"count":1,"href":"https:\/\/www.gdapress.it\/it\/index.php\/wp-json\/wp\/v2\/posts\/49069\/revisions"}],"predecessor-version":[{"id":49071,"href":"https:\/\/www.gdapress.it\/it\/index.php\/wp-json\/wp\/v2\/posts\/49069\/revisions\/49071"}],"wp:attachment":[{"href":"https:\/\/www.gdapress.it\/it\/index.php\/wp-json\/wp\/v2\/media?parent=49069"}],"wp:term":[{"taxonomy":"category","embeddable":true,"href":"https:\/\/www.gdapress.it\/it\/index.php\/wp-json\/wp\/v2\/categories?post=49069"},{"taxonomy":"post_tag","embeddable":true,"href":"https:\/\/www.gdapress.it\/it\/index.php\/wp-json\/wp\/v2\/tags?post=49069"}],"curies":[{"name":"wp","href":"https:\/\/api.w.org\/{rel}","templated":true}]}}