
{"id":49066,"date":"2015-02-21T01:51:15","date_gmt":"2015-02-20T23:51:15","guid":{"rendered":"http:\/\/www.gdapress.it\/it\/?p=49066"},"modified":"2015-02-21T01:51:15","modified_gmt":"2015-02-20T23:51:15","slug":"spazio-oberdan-milano-horses-men","status":"publish","type":"post","link":"https:\/\/www.gdapress.it\/it\/index.php\/49066\/cinema\/spazio-oberdan-milano-horses-men.html","title":{"rendered":"Spazio Oberdan Milano OF HORSES AND MEN"},"content":{"rendered":"<p><a href=\"http:\/\/www.gdapress.it\/it\/..\/public\/it\/2015\/02\/Of-horses-and-men.jpg\"><img loading=\"lazy\" decoding=\"async\" class=\"alignnone size-medium wp-image-49067\" src=\"http:\/\/www.gdapress.it\/it\/..\/public\/it\/2015\/02\/Of-horses-and-men-300x169.jpg\" alt=\"Of horses and men\" width=\"300\" height=\"169\" srcset=\"https:\/\/www.gdapress.it\/it\/..\/public\/it\/2015\/02\/Of-horses-and-men-300x169.jpg 300w, https:\/\/www.gdapress.it\/it\/..\/public\/it\/2015\/02\/Of-horses-and-men-500x281.jpg 500w, https:\/\/www.gdapress.it\/it\/..\/public\/it\/2015\/02\/Of-horses-and-men-900x506.jpg 900w, https:\/\/www.gdapress.it\/it\/..\/public\/it\/2015\/02\/Of-horses-and-men.jpg 1920w\" sizes=\"auto, (max-width: 300px) 100vw, 300px\" \/><\/a><\/p>\n<p><strong>Spazio Oberdan Milano<\/strong><\/p>\n<p>Viale Vittorio Veneto 2<\/p>\n<p>IN ANTEPRIMA IL FILM<\/p>\n<p><strong>OF HORSES AND MEN<\/strong><\/p>\n<p>DAL 21 AL 28 FEBBRAIO 2015<\/p>\n<p><strong>Dal 21 al 28 febbraio 2015<\/strong> presso Spazio Oberdan Milano, Fondazione Cineteca Italiana presenta in anteprima il film <strong>OF HORSES AND MEN<\/strong>, l\u2019opera prima dell&#8217;islandese Benedikt Erlingsson, gi\u00e0 attore in diversi film scandinavi, anche con Lars Von Trier.<\/p>\n<p>Un esordio brillante, con un\u2019opera originale, divertente, strana, affascinante e sottilmente crudele, <strong>candidata islandese all\u2019Oscar del miglior film straniero 2014<\/strong> e vincitore di numerosi premi in importanti festival internazionali. Protagonista \u00e8 l&#8217;Islanda pi\u00f9 selvaggia, quasi desertica, qualche casa sparuta, una comunit\u00e0 che vive in una valle desolata, in cui tutti sanno tutto di tutti, spiandosi con il cannocchiale, muovendosi in situazioni spesso al limite del grottesco e con il cavallo islandese, splendida razza, poco pi\u00f9 grande di un pony, docilissimo, figura ricorrente nelle vite dei bizzarri personaggi che popolano il film. Dietro la macchina da presa Erlingsson mostra un talento fuori dal comune, con un suo stile preciso, qualcosa che ricorda le rarefatte stupefazioni di Wes Anderson o, per sottrazione, le atmosfere sospese di Kaurismaki.<\/p>\n<p><strong>INFO:<\/strong><\/p>\n<p>T 02.87242114 \/ <a href=\"mailto:info@cinetecamilano.it\">info@cinetecamilano.it<\/a> \/ <a href=\"http:\/\/www.cinetecamilano.it\/\">www.cinetecamilano.it<\/a><\/p>\n<p>&nbsp;<\/p>\n<p><strong>MODALIT\u00c0 D\u2019INGRESSO:<\/strong><\/p>\n<p>Biglietto d\u2019ingresso: intero \u20ac <strong>7,00<\/strong><\/p>\n<p>Biglietto d\u2019ingresso ridotto per possessori di Cinetessera o studenti universitari: <strong>\u20ac 5,50<\/strong><\/p>\n<p>Proiezione pomeridiana feriale:\u00a0 intero \u20ac <strong>5,50<\/strong>, ridotto \u20ac <strong>3,50<\/strong>.<\/p>\n<p>Cinetessera annuale: <strong>\u20ac 6,00<\/strong>, valida anche per le proiezioni al MIC \u2013 Museo Interattivo del Cinema &#8211; e all\u2019 Area Metropolis 2.0 \u2013 Paderno Dugnano.<\/p>\n","protected":false},"excerpt":{"rendered":"<p>Spazio Oberdan Milano Viale Vittorio Veneto 2 IN ANTEPRIMA IL FILM OF HORSES AND MEN DAL 21 AL 28 FEBBRAIO 2015 Dal 21 al 28 febbraio 2015 presso Spazio Oberdan Milano, Fondazione Cineteca Italiana presenta in anteprima il film OF HORSES AND MEN, l\u2019opera prima dell&#8217;islandese Benedikt Erlingsson, gi\u00e0 attore in diversi film scandinavi, anche &hellip; <a href=\"https:\/\/www.gdapress.it\/it\/index.php\/49066\/cinema\/spazio-oberdan-milano-horses-men.html\" class=\"more-link\">Read more <span class=\"screen-reader-text\">Spazio Oberdan Milano OF HORSES AND MEN<\/span><\/a><\/p>\n","protected":false},"author":3,"featured_media":0,"comment_status":"closed","ping_status":"open","sticky":false,"template":"","format":"standard","meta":{"footnotes":""},"categories":[21],"tags":[17,14705,1460],"class_list":["post-49066","post","type-post","status-publish","format-standard","hentry","category-cinema","tag-milano","tag-of-horses-and-men","tag-spazio-oberdan"],"_links":{"self":[{"href":"https:\/\/www.gdapress.it\/it\/index.php\/wp-json\/wp\/v2\/posts\/49066","targetHints":{"allow":["GET"]}}],"collection":[{"href":"https:\/\/www.gdapress.it\/it\/index.php\/wp-json\/wp\/v2\/posts"}],"about":[{"href":"https:\/\/www.gdapress.it\/it\/index.php\/wp-json\/wp\/v2\/types\/post"}],"author":[{"embeddable":true,"href":"https:\/\/www.gdapress.it\/it\/index.php\/wp-json\/wp\/v2\/users\/3"}],"replies":[{"embeddable":true,"href":"https:\/\/www.gdapress.it\/it\/index.php\/wp-json\/wp\/v2\/comments?post=49066"}],"version-history":[{"count":1,"href":"https:\/\/www.gdapress.it\/it\/index.php\/wp-json\/wp\/v2\/posts\/49066\/revisions"}],"predecessor-version":[{"id":49068,"href":"https:\/\/www.gdapress.it\/it\/index.php\/wp-json\/wp\/v2\/posts\/49066\/revisions\/49068"}],"wp:attachment":[{"href":"https:\/\/www.gdapress.it\/it\/index.php\/wp-json\/wp\/v2\/media?parent=49066"}],"wp:term":[{"taxonomy":"category","embeddable":true,"href":"https:\/\/www.gdapress.it\/it\/index.php\/wp-json\/wp\/v2\/categories?post=49066"},{"taxonomy":"post_tag","embeddable":true,"href":"https:\/\/www.gdapress.it\/it\/index.php\/wp-json\/wp\/v2\/tags?post=49066"}],"curies":[{"name":"wp","href":"https:\/\/api.w.org\/{rel}","templated":true}]}}