
{"id":49061,"date":"2015-02-21T01:43:52","date_gmt":"2015-02-20T23:43:52","guid":{"rendered":"http:\/\/www.gdapress.it\/it\/?p=49061"},"modified":"2015-02-21T01:45:31","modified_gmt":"2015-02-20T23:45:31","slug":"laverdi-crescendo-musica-milano","status":"publish","type":"post","link":"https:\/\/www.gdapress.it\/it\/index.php\/49061\/musica\/laverdi-crescendo-musica-milano.html","title":{"rendered":"laVerdi Crescendo in Musica Milano"},"content":{"rendered":"<p><a href=\"http:\/\/www.gdapress.it\/it\/..\/public\/it\/2015\/02\/olivieri-vespa.jpeg\"><img loading=\"lazy\" decoding=\"async\" class=\"alignnone size-medium wp-image-49063\" src=\"http:\/\/www.gdapress.it\/it\/..\/public\/it\/2015\/02\/olivieri-vespa-300x225.jpeg\" alt=\"olivieri vespa\" width=\"300\" height=\"225\" srcset=\"https:\/\/www.gdapress.it\/it\/..\/public\/it\/2015\/02\/olivieri-vespa-300x225.jpeg 300w, https:\/\/www.gdapress.it\/it\/..\/public\/it\/2015\/02\/olivieri-vespa-500x375.jpeg 500w, https:\/\/www.gdapress.it\/it\/..\/public\/it\/2015\/02\/olivieri-vespa-900x676.jpeg 900w, https:\/\/www.gdapress.it\/it\/..\/public\/it\/2015\/02\/olivieri-vespa.jpeg 1622w\" sizes=\"auto, (max-width: 300px) 100vw, 300px\" \/><\/a><\/p>\n<p><strong>Crescendo in Musica 2014\/15<\/strong><\/p>\n<p><strong>Giocando a suon di musica!<\/strong><\/p>\n<p>I grandi compositori tra bambole e soldatini di piombo<\/p>\n<p><strong>Sabato 21 febbraio 2015 &#8211; ore 16.00<\/strong><\/p>\n<p>Auditorium di Milano &#8211; largo Mahler<\/p>\n<p>Orchestra <strong>laVERDI Per Tutti<\/strong><\/p>\n<p>Direttore<strong> Giulio Piccinelli<\/strong><\/p>\n<p>Attore <strong>Nicola Olivieri <\/strong><\/p>\n<p>Testi <strong>Francesco Montemurro<\/strong><\/p>\n<p><strong>\u00a0<\/strong><\/p>\n<p>In casa laVerdi \u00e8 tutto pronto per il settimo appuntamento del <strong>Crescendo in Musica<\/strong>, la rassegna dedicata ai bambini, ai ragazzi e alle loro famiglie. <strong>Sabato 21 febbraio <\/strong>alle <strong>ore 16.00<\/strong>, il palco dell\u2019<strong>Auditorium di Milano<\/strong>, in <strong>largo Mahler<\/strong>, ospiter\u00e0 uno spettacolo musicale dedicato a uno dei temi preferiti dal pubblico dei piccoli e non solo, al loro passatempo per eccellenza: <strong>i giochi<\/strong>! Protagonista del pomeriggio in musica sar\u00e0 l\u2019orchestra amatoriale <strong>laVERDI per tutti<\/strong>, con un organico di ben novanta elementi, tutti musicisti non professionisti a cui laVerdi d\u00e0 l\u2019opportunit\u00e0 di fare musica ad alti livelli. Sotto la direzione del maestro <strong>Giulio Piccinelli<\/strong>, dunque, l\u2019orchestra ci proietter\u00e0 nella dimensione ludica della musica e di tutti quei grandi compositori che l\u2019hanno esplorata. Sar\u00e0 ancora una volta la voce di <strong>Nicola Olivieri<\/strong>, nei panni di una simpatica vespa, ad accompagnare bambini e adulti tra le note di <strong>Debussy <\/strong>(<em>Children\u2019s Corner<\/em>), <strong>Bizet <\/strong>(<em>Jeux d\u2019enfants<\/em>), <strong>Faur\u00e9 <\/strong>(<em>Dolly Suite<\/em>), <strong>Leopold Mozart <\/strong>(<em>Sinfonia dei giocattoli),<\/em> <strong>Pern\u00e9 <\/strong>(<em>Marche de petits soldats de plomb<\/em>).<\/p>\n<p>(<strong>Biglietti<\/strong> euro 15,00\/7,50; <strong>Info e prenotazioni<\/strong>: Auditorium di Milano Fondazione Cariplo, largo Mahler, orari apertura: mar \u2013 dom ore 14.30 \u2013 19.00, tel. 02.83389401\/2\/3; biglietteria via Clerici 3 (Cordusio),\u00a0 orari apertura: lun \u2013 ven\u00a0 ore 10.00 \u2013 19.00, sab ore 14.00 \u2013 19.00, tel. 02.83389.334 \u00a0<a href=\"http:\/\/www.laverdi.org\/\">www.laverdi.org<\/a>). <strong>\u00a0<\/strong><\/p>\n<p><strong>\u00a0<\/strong><\/p>\n<p>Concludiamo con un commento di <strong>Francesco Montemurro<\/strong> che ha curato i testi dello spettacolo:<\/p>\n<p>\u201cI bambini prendono sul serio i loro giochi e se ne lasciano incantare. Scrive Pirandello: <em>Possiamo sperare che conservino questa stessa prerogativa ascoltando un concerto di musica \u201ccolta\u201d?<\/em><\/p>\n<p>\u201cAffinch\u00e9 il rituale del concerto (ormai un po\u2019 indigesto anche agli adulti) risulti interessante per i giovanissimi ascoltatori, occorre avvolgerlo di stimoli evocativi e familiari, condirlo con presenze che rendano l\u2019Auditorium un luogo in cui si vive un\u2019esperienza originale; un luogo in cui si abbia voglia di ritornare. Un luogo di giochi, appunto.<\/p>\n<p>\u201cLa musica pu\u00f2 evocare anche il gioco. E non \u00e8 la musica stessa un gioco? In quante lingue il verbo suonare e il verbo giocare coincidono? Il settimo Crescendo in musica della stagione 2014\/15 ha per protagonista Vespina, una vespa-donna-delle-pulizie (Nicola Olivieri) che con la sua semplicit\u00e0 fatta di espressioni non verbali (un graml\u00f2 tutto fatto di Bzzz!) fa da ponte tra i bambini e le spiegazioni del direttore d\u2019orchestra (Giulio Piccinelli).<\/p>\n<p>\u201cE cos\u00ec, dopo aver giocato a cercare lo strumento giusto per intervenire nella Sinfonia dei giocattoli di Leopold Mozart, Vespina costruir\u00e0 un suo filo ludico intrecciandolo con\u00a0 vari movimenti della <em>Dolly Suite<\/em> di Faur\u00e9. Quindi, instaurata una complicit\u00e0 con il pubblico, inventando insieme agli spettatori un titolo di fantasia per due movimenti del <em>Children\u2019s corner<\/em> di Debussy, trasciner\u00e0 i bambini a diventare perfino un\u2019orchestra, specchio di quella sul palco! Infine sfider\u00e0 il Direttore a commentare musicalmente un racconto del suo nonno calabrone: <em>La fiaba del tamburino incantato<\/em>. Baster\u00e0 abbinare alla narrazione i <em>Jeux d\u2019enfants<\/em> di Bizet e <em>La marche des petits soldats de plomb<\/em> di Pern\u00e9 e&#8230; il gioco \u00e8 fatto!<\/p>\n<p>&nbsp;<\/p>\n<p><strong>Biografie<\/strong><\/p>\n<p><strong>Giulio Piccinelli<\/strong><\/p>\n<p>Direttore<\/p>\n<p>Bresciano, nato nel 1977, si diploma in tromba nel 1997 sotto la guida di Sergio Malacarne. Nello stesso anno la segnalazione all\u2019audizione presso l\u2019Orchestra Sinfonica di Milano Giusppe Verdi lo porta a suonare in alcuni dei pi\u00f9 importanti teatri italiani sotto la guida di maestri come Jon Marin, Carlo Maria Giulini e Riccardo Chailly. Dal 1998 fino al 2004, parallelamente all\u2019attivit\u00e0 orchestrale, segue corsi di perfezionamento con i maestri Giuseppe Bodanza, Francesco Tamiati, Adam Rapa, Giancarlo Parodi e Gianluigi Petrarulo. Nell\u2019anno 2006 comincia lo studio della direzione bandistica con il maestro Claudio Mandonico e nel 2012 consegue il diploma superiore di direzione presso l\u2019Istituto Superiore Europeo Bandistico di Trento studiando con il maestro Jan Cober, Carlo Pirola, Giovanni Caracristi e Felix Hauswirth. Maestri come Ronald Jhonson e Rafael Pasqual Vilaplana hanno contribuito alla sua formazione nei numerosi Master a cui ha partecipato. L\u2019anno 2013 \u00e8 uno dei pi\u00f9 significativi per quanto riguarda la sua formazione direttoriale. A gennaio partecipa al primo master di direzione d\u2019orchestra tenuto dal Maestro Sasha Makila in Finlandia e nell\u2019occasione diriger\u00e0 l\u2019Orchestra St. Michel Strings. Qualche mese dopo viene segnalato come miglior allievo del corso tenuto dal Maestro Angelo Bolciaghi e organizzato dall\u2019associazione B.M.B. Nel luglio 2013 viene scelto per partecipare all\u2019<em>International Conductors Corse and Contest\u00a0 \u201cLifelong Learning International<\/em>\u201d tenuto dai maestri Alex Shillings, Eugene Corporon e Jan Cober, inserito nel prestigioso concorso mondiale di Kerkrade. Il concorso lo vede protagonista fino alle fasi semifinali dove ha l\u2019opportunit\u00e0 di dirigere la prestigiosa banda della marina militare olandese. Ha avuto inoltre la possibilit\u00e0 di dirigere l\u2019Orchestra di Fiati giovanile europea (EUYWO), l\u2019Orchestra dell\u2019University of Northen Jowa e l\u2019Orchestra di Fiati professionale di Lipsia. Dirige le bande dei comuni bresciani di Nuvolera, Ro\u00e8 Vociano e Rovato. Docente di tromba nell\u2019anno sc. 2011\/2012 presso il Liceo \u201cVeronica Gambara\u201d di Brescia, eredita il progetto della banda d\u2019istituto che tutt\u2019oggi dirige. Nell\u2019anno sc. 2012\/2013 con la banda d\u2019istituto del liceo vince, nella categoria giovanile, il primo premio al concorso internazionale per bande <em>\u201cFlicorno d\u2019Oro\u201d<\/em> di Riva del Garda.<\/p>\n<p>&nbsp;<\/p>\n<p>&nbsp;<\/p>\n<p><strong>laVERDI Per Tutti<\/strong><\/p>\n<p>L\u2019idea di creare un\u2019orchestra sinfonica amatoriale in seno a laVerdi fu concepita dal suo fondatore, Vladimir Delman, e fu subito condivisa da Luigi Corbani. La prematura scomparsa del Maestro Delman, avvenuta nel 1994, imped\u00ec tuttavia che l\u2019idea si trasformasse in un progetto esecutivo fino alla fine del 2005. In quell\u2019anno la Direzione della Fondazione decise infatti di organizzare le prime audizioni per musicisti non professionisti interessati a far parte della nuova orchestra: \u2018laVERDI per tutti\u2019 si costitu\u00ec e inizi\u00f2 quindi a provare nel febbraio 2006. Da allora, ogni anno, vengono organizzate nuove audizioni per permettere a tutti coloro che hanno studiato uno strumento musicale, e desiderano affrontare il grande repertorio sinfonico, di accedere all\u2019Orchestra amatoriale della Fondazione Orchestra Sinfonica e Coro Sinfonico di Milano Giuseppe Verdi.<\/p>\n<p>Cresciuta attraverso costanti prove settimanali e grazie al decisivo contributo delle Prime Parti dell\u2019Orchestra professionale, Luca Santaniello e Mario Shirai Grigolato per gli archi, Fausto Ghiazza e Luca Stocco per i fiati, \u2018laVERDI per tutti\u2019, che tra il 2009 e il 2013 \u00e8 stata guidata dal Maestro Jader Bignamini, attuale Direttore Associato de laVerdi, \u00e8 passata dai circa quaranta elementi iniziali all\u2019attuale organico di oltre novanta musicisti.<\/p>\n<p>Questa rilevante crescita quantitativa \u00e8 stata accompagnata dalla progressiva dilatazione del repertorio, che spazia dal Settecento al Duemila. In nove anni di vita e in oltre cinquanta concerti realizzati a Milano e in altre citt\u00e0 italiane, \u2018laVERDI per tutti\u2019 ha infatti eseguito opere di Mozart, Beethoven, Gounod, Elgar, Schubert, Haydn, Mendelssohn, Bellini, Mascagni, Puccini, Verdi, Chopin, Vivaldi, Rossini, Debussy, Faur\u00e9, Waldteufel, Chabrier, Bizet, Dvorak, Vacca, Barber, Gershwin, Chaykovsky, Wagner, Schumann, Grieg, Sibelius, Morricone e Williams. Questo repertorio \u00e8 stato eseguito anche grazie alla collaborazione di numerosi solisti, tra i quali il pianista Simone Pedroni e la violinista Laura Marzadori, e di diversi cori sinfonici, tra cui quello degli Amici del Loggione del Teatro alla Scala di Milano.<\/p>\n<p>Composta da persone molto diverse per et\u00e0, professione, provenienza geografica e formazione musicale, ma tutte unite dall\u2019entusiasmo, dalla passione e dall\u2019amore per la musica sinfonica, \u2018laVERDI per tutti\u2019 rappresenta in Italia il primo esempio di orchestra amatoriale di grande organico stabilmente attiva grazie al sostegno di una delle pi\u00f9 importanti Fondazioni musicali del Paese.<\/p>\n<p>L\u2019apprezzamento sempre espresso dal pubblico \u00e8 stato condiviso dall\u2019Associazione Nazionale Critici Musicali, che il 25 maggio 2008, presso il Teatro Gaetano Donizetti di Bergamo, ha attribuito a \u2018laVERDI per tutti\u2019 il XXVII Premio Franco Abbiati nella Categoria Filippo Siebaneck.<\/p>\n<p>&nbsp;<\/p>\n<p>&nbsp;<\/p>\n<p><strong>Nicola Olivieri<\/strong><\/p>\n<p>Attore<\/p>\n<p>Nicola Olivieri, vocalista e attore, dopo il \u201cbattesimo\u201d al Piccolo Teatro di Milano in <em>Faust <\/em>&#8211; frammenti di Giorgio Strehler, dal 1990 conduce laboratori di Animazione teatrale per Bambini, collabora con il CRT Milano per il progetto <em>\u201cTeatro di Frontiera\u201d<\/em>\u00a0 e con l&#8217; As.Li.Co. al progetto per le scuole <em>\u201cOpera Domani\u201d<\/em> sotto la direzione di Serena Sinigallia, e dal 2009 con la scuola Steiner di Origlio (Lugano) in qualit\u00e0 di curatore del corso di teatro.<\/p>\n<p>Con la compagnia veneziana <em>\u201cVeneziaInscena\u201d<\/em> diretta da A. Iurissevich, dal 2004 veste i panni del protagonista nel canovaccio <em>D&#8217;Amore rapito<\/em>, suo debutto al Carnevale di Venezia con repliche nella rassegna estiva <em>\u201cVenezia in Campo\u201d<\/em> ed ai festival internazionali di Madrid e Lisbona. Nel 2006 interpreta Pulcinella ne La forza delle stelle di A. Stradella per la XXVII edizione del festival <em>\u201cSegni Barocchi\u201d<\/em> di Foligno. Notevole la sua interpretazione dei tre diversi personaggi protagonisti in <em>Zauber quel Flote\u2026<\/em> del musicologo Danilo Faravelli, e del servo Vespone ne <em>La serva padrona<\/em> di Pergolesi. In occasione della Giornata della Memoria interpreta regolarmente, affiancato dal fisarmonicista Davide Vendramin, il ruolo del protagonista in <em>Primo<\/em>, monologo interattivo di Francesco Montemurro indirizzato alle Scuole Medie. In scena come Notaio nel <em>Don Pasquale<\/em> di Donizetti per As.Li.Co. Opera Pocket stagione 2007\/08. Dal 2001 \u00e8 interprete di numerosi spettacoli per il cartellone \u201cCrescendo in Musica\u201d con l&#8217;Orchestra Sinfonica di Milano Giuseppe Verdi sotto la guida di Damiano Michieletto, Arturo Cannistr\u00e0 e Francesco Montemurro. Con quest&#8217;ultimo costituisce la compagnia <em>IlSaleinZucca<\/em> portando in scena in qualit\u00e0 di attore e cantante spettacoli che abbinano la teatralit\u00e0 alla musica classica eseguita dal vivo. Numerosi i titoli di cui \u00e8 stato protagonista: <em>Cantano i Bimbi<\/em>, <em>Vespina e il pianoforte<\/em>, <em>Nick lo strumento logo<\/em>, <em>E adesso &#8230; Musical!<\/em> (AA.VV), <em>Marionette in Libert\u00e0<\/em> (Stravinskij su testi di Rodari), <em>Pierino e il lupo<\/em> (Prokofiev), Guida <em>all&#8217;orchestra<\/em> (B.Britten), <em>Tubby the tuba<\/em> (George Kleinsinger) , <em>Le quattro stagioni del Capitan<\/em> <em>Fracassa<\/em> (A. Vivaldi- spettacolo vincitore della XXII edizione della rassegna \u201cEWIVA\u201d indetta dal Comune di Milano), <em>Don Chisciotte e Sancio Panza <\/em>(M. De Falla) <em>Il carnevale degli animali<\/em> (C.Saint -Saens), <em>Il Fantasma dell&#8217;Opera<\/em> (Andrew Lloyd Webber), <em>Lo Schiaccianoci <\/em>e <em>Cenerentola<\/em> (\u010cajkovskij), <em>Les Choristes<\/em> (Bruno Coulais), Chi rap\u00ec la topina <em>Costanza<\/em> (R.Vacca), Lo scoiattolo in <em>gamba<\/em> (N.Rota), <em>Pierino porcospino<\/em>, <em>La tarantella di pulcinella<\/em> (G. Negri) ed il recente <em>C&#8217;era una volta l&#8217;Opera<\/em>, inserito nel cartellone Verdi e Wagner a Milano 2012. Nel 2013 \u00e8 protagonista della prima assoluta di <em>Chicino e Cicotta<\/em>, operina di Silvia Colasanti su testo di Roberto Piumini e del <em>FisaElisir d&#8217;Amore<\/em> (una riduzione del capolavoro di G. Donizetti).<\/p>\n<p>Come componente stabile del trio <em>&#8220;Le sorelle Marinetti&#8221;<\/em> (nel ruolo di Turbina), riscuote da anni notevole successo anche in ambito televisivo e discografico ed \u00e8 ora in tourn\u00e9e con la commedia musicale <em>Risate sotto le bombe<\/em> con Gianni Fantoni.<\/p>\n<p>&nbsp;<\/p>\n<p><strong>Francesco Montemurro<\/strong><\/p>\n<p>Regista della compagnia <em>ilSaleinZucca<\/em><\/p>\n<p>Terminati gli studi classici e di Conservatorio, inizia la collaborazione con il &#8220;Piccolo Teatro&#8221; prendendo parte, in qualit\u00e0 di attore, cantante e mimo a numerosi spettacoli diretti da Giorgio Strehler. Frequenta il corso di mimo della Scuola del Piccolo sotto la guida di Marise Flach, ed in seguito i corsi di danza contemporanea di Chrystine Perrot. Intraprende quindi l&#8217;attivit\u00e0 di regista curando diversi recital di poesia dell&#8217;attrice Anna Saia e come assistente di Lamberto Puggelli nel <em>Malato immaginario<\/em> di Moli\u00e8re per la &#8220;Compagnia degli Incamminati&#8221;. A seguito dell&#8217;esperienza maturata &#8211; anche come autore &#8211; di numerosi &#8220;Concerti teatrali&#8221; del ciclo Crescendo in Musica per l&#8217;Orchestra Sinfonica di Milano Giuseppe Verdi, tra cui <em>La vera storia di Halloween<\/em>, <em>Pulcinella in Libert\u00e0<\/em>, <em>Pierino e il lupo<\/em>, <em>Guida all\u2019orchestra<\/em>, <em>Il fantasma dell\u2019opera<\/em>, <em>Don Chisciotte e Sancio Panza<\/em>, <em>Il carnevale degli animali<\/em>, <em>Pierino porcospino<\/em>, <em>La tarantella di Pulcinella<\/em>, assieme all&#8217;attore Nicola Olivieri e allo scenografo Marco Calabrese fonda la compagnia <em>&#8220;Il Sale in Zucca&#8221;<\/em>. Per l&#8217;autore e musicologo Danilo Faravelli mette in scena a Milano <em>Zauber quel Flote\u2026<\/em>, <em>Il dissoluto redento<\/em> e <em>La Serva Padrona<\/em> di Pergolesi. Inoltre vince della dodicesima rassegna \u201cEWIVA\u201d indetta dal Comune di Milano con il suo <em>Le quattro stagioni del Capitan Fracassa<\/em>. Per la Giornata della memoria, insieme al Fisarmonicista Davide Vendramin, porta nelle scuole il suo Primo, ispirato ai sogni del pi\u00f9 noto sopravvissuto ai campi di sterminio. Nelle passate stagioni del ciclo Yale a Milano scrive i testi per l\u2019attrice Marta Comerio come voce recitante delle operette <em>La P\u00e8ricole<\/em>, <em>Fruling<\/em> e <em>Mosca Ceriomuski<\/em>. Ha collaborato con l&#8217;associazione FNASD e con l&#8217;Associazione Espressione Danza Milano per la scrittura dei testi e la regia di spettacoli quali <em>Lo schiaccianoci<\/em>, <em>La bella addormentata<\/em>, <em>Cenerentola<\/em>, <em>Animali sulle punte<\/em>, <em>Il piccolo principe<\/em>, <em>Pinocchio<\/em> e il <em>Sogno<\/em> <em>di una notte di mezza estate<\/em>. Partecipa regolarmente alla rassegna Torinese Micron, dedicata alle opere da camera per ragazzi e alla rassegna TamTamusica del Teatro Edi di Milano. Per il Crescendo in musica 2010\/11 cura la regia de <em>Il Monello<\/em> <em>e le apparizioni <\/em>di Maurice Ravel, <em>Amahl<\/em> e i <em>Visitatori notturni<\/em> di\u00a0 Giancarlo Menotti, <em>Chi rap\u00ec la topina Costanza?<\/em> di Roberta Vacca e <em>Lo scoiattolo in Gamba<\/em> di Nino Rota a cui aggiunge un prologo sulle musiche degli <em>Uccelli <\/em>di Ottorino Respighi. Per la stagione \u201cNotturni in Villa\u201d del luglio 2011 scrive e dirige <em>L&#8217;Italia \u00e8 un mobile: 150 anni nell&#8217;armadio<\/em>, una riduzione del <em>Rigoletto<\/em> di Giuseppe Verdi, collegata al tema del\u00a0 150\u00b0 anniversario dell&#8217;Unit\u00e0 d&#8217;Italia. La rivista &#8220;Spazio, essere bambini \u00e8 bellissimo&#8221; pubblica i suoi racconti: <em>Un violino per Ar\u00f9n<\/em> e <em>L&#8217;arca di Mira<\/em>. Nell&#8217;aprile 2013 mette in scena la prima assoluta dell&#8217;operina <em>Chicino e Cicotta<\/em> della compositrice Silvia Colasanti su testo di Roberto Piumini. Di recente apparizione il suo <em>C&#8217;era una volta l&#8217;opera<\/em> ed il <em>FisaElisir d&#8217;amore<\/em>, entrambi dedicati al repertorio Lirico. Oltre alla regia de <em>L&#8217;orto dei sogni<\/em> di Carlo Chiddemi, nella stagione 2013\/14 scrive e mette in scena <em>La famiglia degli archi<\/em> da un&#8217;idea di Kirill Vishniakov con l&#8217;attore Tommaso Banfi e <em>Classic top ten<\/em> su arrangiamenti di Gabriele Bazzi Berneri.<\/p>\n<p>&nbsp;<\/p>\n<p>.<\/p>\n<p>&nbsp;<\/p>\n<p>&nbsp;<\/p>\n<p>&nbsp;<\/p>\n<p>Il <strong>Progetto Educational<\/strong>, di cui la rassegna Crescendo in Musica fa parte, \u00e8 patrocinato dal <strong>Ministero dell\u2019Istruzione, dell\u2019Universit\u00e0 e della Ricerca<\/strong>, e sostenuto da <strong>Regione Lombardia \u2013 Settore Cultura, Intesa San Paolo<\/strong>, con il sostegno di <strong>Fondazione Cariplo<\/strong>, di <strong>CIDIM,<\/strong><strong> Comitato Nazionale Italiano Musica<\/strong>, e di <strong>Donna Kendall Foundation<\/strong> (Corona del Mar, California).<\/p>\n<p>Giunto alla quattordicesima edizione, il Progetto Educational intende incentivare l\u2019arte dell\u2019ascolto: arte che \u00e8 alla base non solo della comprensione del linguaggio musicale ma di qualsiasi processo educativo.<\/p>\n","protected":false},"excerpt":{"rendered":"<p>Crescendo in Musica 2014\/15 Giocando a suon di musica! I grandi compositori tra bambole e soldatini di piombo Sabato 21 febbraio 2015 &#8211; ore 16.00 Auditorium di Milano &#8211; largo Mahler Orchestra laVERDI Per Tutti Direttore Giulio Piccinelli Attore Nicola Olivieri Testi Francesco Montemurro \u00a0 In casa laVerdi \u00e8 tutto pronto per il settimo appuntamento &hellip; <a href=\"https:\/\/www.gdapress.it\/it\/index.php\/49061\/musica\/laverdi-crescendo-musica-milano.html\" class=\"more-link\">Read more <span class=\"screen-reader-text\">laVerdi Crescendo in Musica Milano<\/span><\/a><\/p>\n","protected":false},"author":3,"featured_media":0,"comment_status":"closed","ping_status":"open","sticky":false,"template":"","format":"standard","meta":{"footnotes":""},"categories":[19],"tags":[6552,1494,17],"class_list":["post-49061","post","type-post","status-publish","format-standard","hentry","category-musica","tag-crescendo-in-musica","tag-laverdi","tag-milano"],"_links":{"self":[{"href":"https:\/\/www.gdapress.it\/it\/index.php\/wp-json\/wp\/v2\/posts\/49061","targetHints":{"allow":["GET"]}}],"collection":[{"href":"https:\/\/www.gdapress.it\/it\/index.php\/wp-json\/wp\/v2\/posts"}],"about":[{"href":"https:\/\/www.gdapress.it\/it\/index.php\/wp-json\/wp\/v2\/types\/post"}],"author":[{"embeddable":true,"href":"https:\/\/www.gdapress.it\/it\/index.php\/wp-json\/wp\/v2\/users\/3"}],"replies":[{"embeddable":true,"href":"https:\/\/www.gdapress.it\/it\/index.php\/wp-json\/wp\/v2\/comments?post=49061"}],"version-history":[{"count":3,"href":"https:\/\/www.gdapress.it\/it\/index.php\/wp-json\/wp\/v2\/posts\/49061\/revisions"}],"predecessor-version":[{"id":49065,"href":"https:\/\/www.gdapress.it\/it\/index.php\/wp-json\/wp\/v2\/posts\/49061\/revisions\/49065"}],"wp:attachment":[{"href":"https:\/\/www.gdapress.it\/it\/index.php\/wp-json\/wp\/v2\/media?parent=49061"}],"wp:term":[{"taxonomy":"category","embeddable":true,"href":"https:\/\/www.gdapress.it\/it\/index.php\/wp-json\/wp\/v2\/categories?post=49061"},{"taxonomy":"post_tag","embeddable":true,"href":"https:\/\/www.gdapress.it\/it\/index.php\/wp-json\/wp\/v2\/tags?post=49061"}],"curies":[{"name":"wp","href":"https:\/\/api.w.org\/{rel}","templated":true}]}}