
{"id":48905,"date":"2015-02-17T11:28:17","date_gmt":"2015-02-17T09:28:17","guid":{"rendered":"http:\/\/www.gdapress.it\/it\/?p=48905"},"modified":"2015-02-17T11:37:53","modified_gmt":"2015-02-17T09:37:53","slug":"presentati-alla-bit-di-milano-luoghi-piu-belli-della-puglia","status":"publish","type":"post","link":"https:\/\/www.gdapress.it\/it\/index.php\/48905\/turismo\/presentati-alla-bit-di-milano-luoghi-piu-belli-della-puglia.html","title":{"rendered":"Presentati alla Bit di Milano i luoghi pi\u00f9 belli della Puglia"},"content":{"rendered":"<p><a href=\"http:\/\/www.gdapress.it\/it\/..\/public\/it\/2015\/02\/GetAttachment.jpg\"><img loading=\"lazy\" decoding=\"async\" class=\"alignnone size-thumbnail wp-image-48906\" src=\"http:\/\/www.gdapress.it\/it\/..\/public\/it\/2015\/02\/GetAttachment-150x146.jpg\" alt=\"GetAttachment\" width=\"150\" height=\"146\" \/><\/a>\u00a0<a href=\"http:\/\/www.gdapress.it\/it\/..\/public\/it\/2015\/02\/2conferenza-stampa-affollata.jpg\"><img loading=\"lazy\" decoding=\"async\" class=\"alignnone size-thumbnail wp-image-48907\" src=\"http:\/\/www.gdapress.it\/it\/..\/public\/it\/2015\/02\/2conferenza-stampa-affollata-150x150.jpg\" alt=\"2conferenza stampa-affollata\" width=\"150\" height=\"150\" srcset=\"https:\/\/www.gdapress.it\/it\/..\/public\/it\/2015\/02\/2conferenza-stampa-affollata-150x150.jpg 150w, https:\/\/www.gdapress.it\/it\/..\/public\/it\/2015\/02\/2conferenza-stampa-affollata-144x144.jpg 144w\" sizes=\"auto, (max-width: 150px) 100vw, 150px\" \/><\/a><\/p>\n<p>In un\u2019affollatissima e attesa conferenza stampa presentati alla Bit di Milano i luoghi pi\u00f9 belli della Puglia in un viaggio straordinario che fa tappa ad <strong>Alberobello, Castellana Grotte,\u00a0 Castro, Galatina, Nard\u00f2 e Melendugno. <\/strong>Pi\u00f9 di cento i giornalisti presenti, invitati dalla rivista di turismo e cultura del Mediterraneo, Spiagge di Carmen Mancarella (www.mediterraneantourism.it)<\/p>\n<p><a href=\"http:\/\/www.gdapress.it\/it\/..\/public\/it\/2015\/02\/27melendugno-festasaniceta.jpg\"><img loading=\"lazy\" decoding=\"async\" class=\"alignnone size-medium wp-image-48912\" src=\"http:\/\/www.gdapress.it\/it\/..\/public\/it\/2015\/02\/27melendugno-festasaniceta-300x200.jpg\" alt=\"27melendugno-festasaniceta\" width=\"300\" height=\"200\" srcset=\"https:\/\/www.gdapress.it\/it\/..\/public\/it\/2015\/02\/27melendugno-festasaniceta-300x200.jpg 300w, https:\/\/www.gdapress.it\/it\/..\/public\/it\/2015\/02\/27melendugno-festasaniceta-500x333.jpg 500w, https:\/\/www.gdapress.it\/it\/..\/public\/it\/2015\/02\/27melendugno-festasaniceta-900x599.jpg 900w, https:\/\/www.gdapress.it\/it\/..\/public\/it\/2015\/02\/27melendugno-festasaniceta.jpg 1003w\" sizes=\"auto, (max-width: 300px) 100vw, 300px\" \/><\/a>\u00a0\u00a0\u00a0\u00a0<a href=\"http:\/\/www.gdapress.it\/it\/..\/public\/it\/2015\/02\/22galatina-basilica-affreschi.jpg\"><img loading=\"lazy\" decoding=\"async\" class=\"alignnone size-medium wp-image-48917\" src=\"http:\/\/www.gdapress.it\/it\/..\/public\/it\/2015\/02\/22galatina-basilica-affreschi-300x200.jpg\" alt=\"22galatina-basilica-affreschi\" width=\"300\" height=\"200\" srcset=\"https:\/\/www.gdapress.it\/it\/..\/public\/it\/2015\/02\/22galatina-basilica-affreschi-300x200.jpg 300w, https:\/\/www.gdapress.it\/it\/..\/public\/it\/2015\/02\/22galatina-basilica-affreschi-500x333.jpg 500w, https:\/\/www.gdapress.it\/it\/..\/public\/it\/2015\/02\/22galatina-basilica-affreschi-900x600.jpg 900w, https:\/\/www.gdapress.it\/it\/..\/public\/it\/2015\/02\/22galatina-basilica-affreschi.jpg 984w\" sizes=\"auto, (max-width: 300px) 100vw, 300px\" \/><\/a>\u00a0\u00a0\u00a0<a href=\"http:\/\/www.gdapress.it\/it\/..\/public\/it\/2015\/02\/19wcastroscorcio.jpg\"><img loading=\"lazy\" decoding=\"async\" class=\"alignnone size-medium wp-image-48920\" src=\"http:\/\/www.gdapress.it\/it\/..\/public\/it\/2015\/02\/19wcastroscorcio-200x300.jpg\" alt=\"19wcastroscorcio\" width=\"200\" height=\"300\" srcset=\"https:\/\/www.gdapress.it\/it\/..\/public\/it\/2015\/02\/19wcastroscorcio-200x300.jpg 200w, https:\/\/www.gdapress.it\/it\/..\/public\/it\/2015\/02\/19wcastroscorcio-266x400.jpg 266w, https:\/\/www.gdapress.it\/it\/..\/public\/it\/2015\/02\/19wcastroscorcio-450x676.jpg 450w, https:\/\/www.gdapress.it\/it\/..\/public\/it\/2015\/02\/19wcastroscorcio.jpg 667w\" sizes=\"auto, (max-width: 200px) 100vw, 200px\" \/><\/a><\/p>\n<p>I sindaci di Alberobello, <strong>Michele Maria Longo<\/strong>, di Castellana Grotte, <strong>Franco Tricase,<\/strong> il presidente di Castellana Grotte, <strong>Domi Ciliberti<\/strong>, il vicesindaco di Castro, <strong>Angelo Coluccia<\/strong> con il consigliere delegato al turismo, <strong>Pasquale Rizzo<\/strong>, gli assessori al turismo di Nard\u00f2, <strong>Maurizio Leuzzi<\/strong> e di Melendugno, <strong>Anna Elisa Prete, <\/strong>il sindaco di Galatina,<strong> Cosimo Montagna, <\/strong>l\u2019assessore al turismo e al marketing di Galatina,<strong> Alberto Russi, <\/strong>il titolare dell\u2019Agenzia Mood, <strong>Piero Anselmi <\/strong>e il presidente dell\u2019Associazione Amica,<strong> Nicola Baglivi hanno guidato oltre cento giornalisti alla scoperta delle loro citt\u00e0.<\/strong><\/p>\n<p><a href=\"http:\/\/www.gdapress.it\/it\/..\/public\/it\/2015\/02\/15wcastellana-grottabianca.jpg\"><img loading=\"lazy\" decoding=\"async\" class=\"alignnone size-medium wp-image-48921\" src=\"http:\/\/www.gdapress.it\/it\/..\/public\/it\/2015\/02\/15wcastellana-grottabianca-300x200.jpg\" alt=\"15wcastellana-grottabianca\" width=\"300\" height=\"200\" srcset=\"https:\/\/www.gdapress.it\/it\/..\/public\/it\/2015\/02\/15wcastellana-grottabianca-300x200.jpg 300w, https:\/\/www.gdapress.it\/it\/..\/public\/it\/2015\/02\/15wcastellana-grottabianca-500x333.jpg 500w, https:\/\/www.gdapress.it\/it\/..\/public\/it\/2015\/02\/15wcastellana-grottabianca-900x600.jpg 900w, https:\/\/www.gdapress.it\/it\/..\/public\/it\/2015\/02\/15wcastellana-grottabianca.jpg 984w\" sizes=\"auto, (max-width: 300px) 100vw, 300px\" \/><\/a>\u00a0<a href=\"http:\/\/www.gdapress.it\/it\/..\/public\/it\/2015\/02\/14walberobello.festa-di-san-cosma-e-damiano.jpg\"><img loading=\"lazy\" decoding=\"async\" class=\"alignnone size-medium wp-image-48922\" src=\"http:\/\/www.gdapress.it\/it\/..\/public\/it\/2015\/02\/14walberobello.festa-di-san-cosma-e-damiano-300x199.jpg\" alt=\"14walberobello.festa di san cosma e damiano\" width=\"300\" height=\"199\" srcset=\"https:\/\/www.gdapress.it\/it\/..\/public\/it\/2015\/02\/14walberobello.festa-di-san-cosma-e-damiano-300x199.jpg 300w, https:\/\/www.gdapress.it\/it\/..\/public\/it\/2015\/02\/14walberobello.festa-di-san-cosma-e-damiano-500x331.jpg 500w, https:\/\/www.gdapress.it\/it\/..\/public\/it\/2015\/02\/14walberobello.festa-di-san-cosma-e-damiano-900x596.jpg 900w, https:\/\/www.gdapress.it\/it\/..\/public\/it\/2015\/02\/14walberobello.festa-di-san-cosma-e-damiano.jpg 984w\" sizes=\"auto, (max-width: 300px) 100vw, 300px\" \/><\/a><a href=\"http:\/\/www.gdapress.it\/it\/..\/public\/it\/2015\/02\/26santandrea-pepe.jpg\"><img loading=\"lazy\" decoding=\"async\" class=\"alignnone size-medium wp-image-48913\" src=\"http:\/\/www.gdapress.it\/it\/..\/public\/it\/2015\/02\/26santandrea-pepe-300x200.jpg\" alt=\"26santandrea-pepe\" width=\"300\" height=\"200\" srcset=\"https:\/\/www.gdapress.it\/it\/..\/public\/it\/2015\/02\/26santandrea-pepe-300x200.jpg 300w, https:\/\/www.gdapress.it\/it\/..\/public\/it\/2015\/02\/26santandrea-pepe-500x333.jpg 500w, https:\/\/www.gdapress.it\/it\/..\/public\/it\/2015\/02\/26santandrea-pepe-900x599.jpg 900w, https:\/\/www.gdapress.it\/it\/..\/public\/it\/2015\/02\/26santandrea-pepe.jpg 1003w\" sizes=\"auto, (max-width: 300px) 100vw, 300px\" \/><\/a>\u00a0<a href=\"http:\/\/www.gdapress.it\/it\/..\/public\/it\/2015\/02\/25roca-portulignuok.jpg\"><img loading=\"lazy\" decoding=\"async\" class=\"alignnone size-medium wp-image-48914\" src=\"http:\/\/www.gdapress.it\/it\/..\/public\/it\/2015\/02\/25roca-portulignuok-300x200.jpg\" alt=\"25roca-portulignuok\" width=\"300\" height=\"200\" srcset=\"https:\/\/www.gdapress.it\/it\/..\/public\/it\/2015\/02\/25roca-portulignuok-300x200.jpg 300w, https:\/\/www.gdapress.it\/it\/..\/public\/it\/2015\/02\/25roca-portulignuok-500x333.jpg 500w, https:\/\/www.gdapress.it\/it\/..\/public\/it\/2015\/02\/25roca-portulignuok-900x599.jpg 900w, https:\/\/www.gdapress.it\/it\/..\/public\/it\/2015\/02\/25roca-portulignuok.jpg 1003w\" sizes=\"auto, (max-width: 300px) 100vw, 300px\" \/><\/a><\/p>\n<p>A sorpresa il direttore di Affaritaliani Angelo Maria Perrino ha la sua candidatura a sindaco nella citta natale Ceglie Messapica. E ha preso tutti per la gola offrendo il celebre biscotto, il pescuett, fatto di mandorla, zucchero e uova con un cuore di amarena o cotognata leccese e cotto nei forni di pietra con i gusci di mandorla.<\/p>\n<p><a href=\"http:\/\/www.gdapress.it\/it\/..\/public\/it\/2015\/02\/GetAttachment-1.jpg\"><img loading=\"lazy\" decoding=\"async\" class=\"alignnone size-full wp-image-48910\" src=\"http:\/\/www.gdapress.it\/it\/..\/public\/it\/2015\/02\/GetAttachment-1.jpg\" alt=\"GetAttachment (1)\" width=\"219\" height=\"146\" \/><\/a>\u00a0<a href=\"http:\/\/www.gdapress.it\/it\/..\/public\/it\/2015\/02\/10castellomonaci.jpg\"><img loading=\"lazy\" decoding=\"async\" class=\"alignnone size-medium wp-image-48911\" src=\"http:\/\/www.gdapress.it\/it\/..\/public\/it\/2015\/02\/10castellomonaci-300x113.jpg\" alt=\"Copyright - MARACA FotoGrafia\" width=\"300\" height=\"113\" srcset=\"https:\/\/www.gdapress.it\/it\/..\/public\/it\/2015\/02\/10castellomonaci-300x113.jpg 300w, https:\/\/www.gdapress.it\/it\/..\/public\/it\/2015\/02\/10castellomonaci-500x189.jpg 500w, https:\/\/www.gdapress.it\/it\/..\/public\/it\/2015\/02\/10castellomonaci-900x339.jpg 900w, https:\/\/www.gdapress.it\/it\/..\/public\/it\/2015\/02\/10castellomonaci.jpg 984w\" sizes=\"auto, (max-width: 300px) 100vw, 300px\" \/><\/a>\u00a0\u00a0<a href=\"http:\/\/www.gdapress.it\/it\/..\/public\/it\/2015\/02\/4whotelbelvedere-piscina.jpg\"><img loading=\"lazy\" decoding=\"async\" class=\"alignnone size-medium wp-image-48908\" src=\"http:\/\/www.gdapress.it\/it\/..\/public\/it\/2015\/02\/4whotelbelvedere-piscina-300x199.jpg\" alt=\"4whotelbelvedere-piscina\" width=\"300\" height=\"199\" srcset=\"https:\/\/www.gdapress.it\/it\/..\/public\/it\/2015\/02\/4whotelbelvedere-piscina-300x199.jpg 300w, https:\/\/www.gdapress.it\/it\/..\/public\/it\/2015\/02\/4whotelbelvedere-piscina-500x332.jpg 500w, https:\/\/www.gdapress.it\/it\/..\/public\/it\/2015\/02\/4whotelbelvedere-piscina-900x598.jpg 900w, https:\/\/www.gdapress.it\/it\/..\/public\/it\/2015\/02\/4whotelbelvedere-piscina.jpg 984w\" sizes=\"auto, (max-width: 300px) 100vw, 300px\" \/><\/a>\u00a0<a href=\"http:\/\/www.gdapress.it\/it\/..\/public\/it\/2015\/02\/5bb-dimoravicolocorto.jpg\"><img loading=\"lazy\" decoding=\"async\" class=\"alignnone size-medium wp-image-48909\" src=\"http:\/\/www.gdapress.it\/it\/..\/public\/it\/2015\/02\/5bb-dimoravicolocorto-300x150.jpg\" alt=\"5bb-dimoravicolocorto\" width=\"300\" height=\"150\" srcset=\"https:\/\/www.gdapress.it\/it\/..\/public\/it\/2015\/02\/5bb-dimoravicolocorto-300x150.jpg 300w, https:\/\/www.gdapress.it\/it\/..\/public\/it\/2015\/02\/5bb-dimoravicolocorto-500x250.jpg 500w, https:\/\/www.gdapress.it\/it\/..\/public\/it\/2015\/02\/5bb-dimoravicolocorto-900x450.jpg 900w, https:\/\/www.gdapress.it\/it\/..\/public\/it\/2015\/02\/5bb-dimoravicolocorto.jpg 984w\" sizes=\"auto, (max-width: 300px) 100vw, 300px\" \/><\/a><\/p>\n<p>&nbsp;<\/p>\n<p>&nbsp;<\/p>\n<p>&nbsp;<\/p>\n<p>&nbsp;<\/p>\n<p>&nbsp;<\/p>\n<p>&nbsp;<\/p>\n<p>&nbsp;<\/p>\n<p>&nbsp;<\/p>\n<p>&nbsp;<\/p>\n<p>In campo una cordata di imprenditori: Hotel Belvedere Salento, un quattro stelle, affacciato sulla baia di Torre dell\u2019Orso (<a href=\"http:\/\/www.hotelbelvederesalento.com\/\">www.hotelbelvederesalento.com<\/a>) che, sotto la direzione di <strong>Anio Ianuzziello,<\/strong> \u00e8 stato incoronato dai viaggiatori di Trip Advisor primo albergo in Puglia e 15mo in Italia, inserito nella Hit dei primi 25 alberghi italiani, il B&amp;B di charme, Dimora Vicolo Corto, diretto da <strong>Tonio Rollo e Francesco Fracasso<\/strong> (<a href=\"http:\/\/www.dimoravicolocorto.it\/\">www.dimoravicolocorto.it<\/a>) nel cuore del centro storico di Lecce con le sue ampie camere in B&amp;B e la formula appartamento per le famiglie, il B&amp;B sul mare B&amp;B Lungomare San Foca (<a href=\"http:\/\/www.bblumgomaresanfoca.it\/\">www.bblumgomaresanfoca.it<\/a>), il bio resort Naturalis di Martano (www.bioresortnaturalis.it), decretato alla Bit dal Gruppo italiano stampa turistica l\u2019albergo 2015 pi\u00f9 eco d\u2019Italia, le dimore di charme di Marittima B&amp;B Palazzo Vecchio (www.bebpalazzovecchio.it) e Palazzo Campurra (<a href=\"http:\/\/www.campurra.it\/\">www.campurra.it<\/a>), gli agriturismi Masseria Chicco Rizzo, nel cuore della Grecia Salentina (<a href=\"http:\/\/www.masseriachiccorizzo.it\/\">www.masseriachiccorizzo.it<\/a>), le Scuderie di Castello Monaci nei vigneti di negroamaro (<a href=\"http:\/\/www.castellomonaci.com\/\">www.castellomonaci.com<\/a>), diretto da <strong>Luigi Ancora<\/strong>.<\/p>\n<p><a href=\"http:\/\/www.gdapress.it\/it\/..\/public\/it\/2015\/02\/11wivini-tenutamarano.jpg\"><img loading=\"lazy\" decoding=\"async\" class=\"alignnone size-medium wp-image-48923\" src=\"http:\/\/www.gdapress.it\/it\/..\/public\/it\/2015\/02\/11wivini-tenutamarano-300x199.jpg\" alt=\"11wivini-tenutamarano\" width=\"300\" height=\"199\" srcset=\"https:\/\/www.gdapress.it\/it\/..\/public\/it\/2015\/02\/11wivini-tenutamarano-300x199.jpg 300w, https:\/\/www.gdapress.it\/it\/..\/public\/it\/2015\/02\/11wivini-tenutamarano-500x332.jpg 500w, https:\/\/www.gdapress.it\/it\/..\/public\/it\/2015\/02\/11wivini-tenutamarano-900x598.jpg 900w, https:\/\/www.gdapress.it\/it\/..\/public\/it\/2015\/02\/11wivini-tenutamarano.jpg 2006w\" sizes=\"auto, (max-width: 300px) 100vw, 300px\" \/><\/a><\/p>\n<p>E per portarsi a casa un souvenir goloso ci sono i vini di\u00a0 tenuta Marano, che propone grandi vini del Salento prodotti nelle Terre del Negroamaro a Guagnano, (<a href=\"http:\/\/www.tenutamarano.it\/\">www.tenutamarano.it<\/a>), i biscotti di Ceglie Messapica prodotti dalle pasticcerie\u00a0 Altergusto di Gianni Bellanova e Allegrinitaly di Franco Marra e l\u2019olio extravergine di oliva di Alea a Martano (<a href=\"http:\/\/www.olioalea.it\/\">www.olioalea.it<\/a>). Per l\u2019artigianato tappa obbligata nella Bottega del maestro Agostino Branca a Tricase unico nel produrre ceramiche coloratissime e dalle forme innovative (<a href=\"mailto:branca@brancaagostino.191.it\">branca@brancaagostino.191.it<\/a>) e a volersi regalare un po\u2019 di coccole ci sono i prodotti cosmetici eccellenti con aloe vera di Natura&amp;Benessere (<a href=\"http:\/\/www.naturabenessere.com\/\">www.naturabenessere.com<\/a>) acquistabili on line oppure nell\u2019erboristeria di via Moschettini a Martano.<\/p>\n<p>&nbsp;<\/p>\n<p>ALBEROBELLO &#8211; Il nostro itinerario parte dalla famosa Alberobello, dichiarata nel 1996, patrimonio mondiale dell\u2019Umanit\u00e0 dall\u2019Unesco. Qui il tessuto urbano \u00e8 unico: i trulli dei due rioni Monti e Aia Piccola si susseguono l\u2019uno accanto all\u2019altro riproducendo un paesaggio fiabesco. Vennero costruiti dai contadini a partire dal 1500 per non pagare le tasse! Dovevano avere infatti la forma e la struttura di una casa precaria, facilmente \u201csmontabile\u201d. Se i funzionari regi fossero arrivati per un\u2019ispezione, venivano infatti subito e facilmente demoliti. Cos\u00ec, i coni, costruiti con le chiancarelle incastrate tra loro senza l\u2019uso della malta, facevano da tetto alle umili case, oggi diventate dimore di charme e caratteristici negozi di artigianato per una ricettivit\u00e0 di qualit\u00e0. Spiccano nel tessuto urbano: il Trullo Sovrano, l\u2019unico ad avere anche un primo piano e il trullo d\u2019Amore, mentre la chiesa dei Santi Medici, cui Alberobello \u00e8 devota, ha due campanili, simbolo dei due Santi fratelli, molto venerati con una festa che richiama migliaia di turisti e pellegrini il 26 settembre di ogni anno. Sui coni dei trulli ci sono\u00a0 simboli esoterici e della cristianit\u00e0 divertenti da leggere e da interpretare con l\u2019aiuto di guide del posto.<\/p>\n<p>Oggi Alberobello con la nuova amministrazione del sindaco Michele Maria Longo sta puntando molto sul turismo degli eventi con idee sempre pi\u00f9 nuove e originali.<\/p>\n<p>&nbsp;<\/p>\n<p>ALBEROBELLO, I PRINCIPALI EVENTI:<\/p>\n<p>&#8211; <strong>La Passione vivente,<\/strong> sera del Venerd\u00ec Santo: evento religioso inserito nel percorso Settimana Santa in Puglia. I volontari mettono in scena la passione sullo sfondo dei trulli in un\u2019atmosfera quanto mai suggestiva.<\/p>\n<p><strong>&#8211; Unesco in Jazz Festival con Note di Dieta Mediterranea, 30 aprile 2015:<\/strong> tre patrimoni mondiali\u00a0 Unesco dell\u2019Umanit\u00e0 in uno: i Trulli di Alberobello, il Jazz e la Dieta Mediterranea in occasione dell\u2019Unesco Jazz Day. L\u2019evento si ripeter\u00e0 il primo week end di agosto (edizione summer) e la terza settimana di dicembre (edizione winter);<\/p>\n<p><strong>&#8211; Lovin\u2019Puglia,<\/strong> Apulia qualities in Alberobello, 1,2,3 maggio 2015; 28,29,30 luglio 2015 la Puglia turistica si incontra ad Alberobello terza decade di ottobre, ultima decade di aprile, ultima decade di luglio per esporre il meglio di cibo, vino, cultura, volontariato, folklore, ospitalit\u00e0, artigianato, siti Unesco e shopping.<\/p>\n<p>85 etichette di vino primitivo<\/p>\n<p>&#8211; <strong>Alberobello AD 1797 \u2013 Rievocazione storica:<\/strong> in costumi medioevali gli abitanti ricordano la fine del dominio feudale<\/p>\n<p>&#8211; <strong>La notte dei briganti,<\/strong> terzo week end di agosto: rievocazione storica del brigantaggio, un fenomeno che ha interessato la Puglia e tutta l\u2019Italia meridionale;<\/p>\n<p>14 FOTO<\/p>\n<p>&#8211; <strong>Festa dei Santi Medici e Fiera del Bestiame<\/strong> 25, 26, 27 e 28 settembre: Festivit\u00e0 religiosa in onore dei Santi Medici Cosma e Damiano, protettori di Alberobello con luminarie, bande e fuochi d\u2019artificio.<\/p>\n<p>&#8211; <strong>Presepe vivente,<\/strong> 45ma edizione, dicembre 2015. I trulli sono lo scenario naturale del presepe vivente, il pi\u00f9 antico di Puglia. E\u2019 un presepe narrato dai volontari dell\u2019Associazione Amici del Presepe<\/p>\n<p>Appunt;<\/p>\n<ul>\n<li><strong>Ligth Festival, Coni di Luce, 6 dicembre \u2013 6 gennaio:<\/strong> sin dal suo primo esordio, il festival \u00e8 entrato tra i primi dieci festival delle luci mondiali ed \u00e8 stato inserito dall\u2019Unesco come progettualit\u00e0 capace di interpretare al meglio l\u2019indicazione della World Heritage Foundation Unesco: 2015 Anno della Luce. Ha goduto del patrocinio dell\u2019Esposizione Universale Expo 2015. I Trulli sono stati ricoperti da un gioco di luci cangianti capaci di donare mille e una emozione.<\/li>\n<\/ul>\n<p>&nbsp;<\/p>\n<p>CASTELLANA GROTTE, A pochi chilometri da Alberobello, si trovano le Grotte di Castellana, situate alle porte della <strong>Valle d\u2019Itria. <\/strong>Si aprono nelle Murge sud orientali a circa 1,5 km dal Comune di <strong>Castellana Grotte<\/strong>.<\/p>\n<p>&nbsp;<\/p>\n<p>Le Grotte di Castellana custodiscono da pi\u00f9 di <strong>90 milioni di anni<\/strong> un luogo incantato dove la natura ha generato scenari di inimmaginabile bellezza. Opere uniche, modellate dalla forza dell\u2019acqua e celate nel buio grembo della Terra. <strong>Stalattiti, stalagmiti, concrezioni dalle forme pi\u00f9 insolite e dalle suggestive sfumature di colore<\/strong>, si alternano in una continua danza ritmata dallo stillicidio che, ancora oggi, continua a nutrire tanto splendore.<\/p>\n<p>&nbsp;<\/p>\n<p>Da 77 anni, oltre 15 milioni di visitatori hanno potuto ammirare i <strong>tre chilometri di percorso<\/strong> sotterraneo che terminano con la meravigliosa <strong>Grotta Bianca<\/strong>, un\u2019ampia caverna unica al mondo per il totale candore.<\/p>\n<p>&nbsp;<\/p>\n<p>Le Grotte di Castellana sono <strong>aperte tutto l\u2019anno<\/strong> e offrono visite accompagnate da <strong>guide professioniste<\/strong> anche in lingua inglese, tedesca e francese, oltre all\u2019italiano. La <strong>visita completa <\/strong>ha un costo di 15\u20ac e sono previste riduzioni per gruppi e convenzionati.<\/p>\n<p>&nbsp;<\/p>\n<p>Le Grotte di Castellana sono state, inoltre, riconosciute <strong>le uniche grotte accessibili d\u2019Italia<\/strong> grazie al <strong>progetto C. A. S. A.<\/strong>, un\u2019equipe di operatori specializzati, formati appositamente per far vivere a tutti i visitatori che presentano forme di disabilit\u00e0 le emozioni sensoriali dell\u2019ambiente ipogeo, garantendo la massima sicurezza.<\/p>\n<p>&nbsp;<\/p>\n<p>Unica anche la possibilit\u00e0 di esplorare le Grotte di Castellana vivendo le <strong>emozioni dei primi scopritori<\/strong> grazie a <strong>Speleonight<\/strong>, una visita sensoriale su prenotazione che si effettua al buio, equipaggiati di caschetto e luce frontale. Un\u2019esperienza mozzafiato per ammirare le grotte guidati dall\u2019esperienza di veri speleologi.<\/p>\n<p>&nbsp;<\/p>\n<p>Le Grotte di Castellana offrono anche la possibilit\u00e0 di vivere emozioni uniche grazie ai <strong>grandi eventi<\/strong> che vengono organizzati ciclicamente all\u2019interno dell\u2019ampia Caverna della Grave; uno scenario di incomparabile bellezza che ha gi\u00e0 fatto da sfondo a <strong>concerti musicali<\/strong> con artisti del calibro di Vinicio Capossela, Gino Paoli, Nada, Ron, Servillo, oltre ad <strong>eventi culturali<\/strong> di grande spessore, tra cui Stefano Benni e Luca Bianchini. Da alcuni anni, inoltre, le Grotte di Castellana ospitano <strong>Hell in the Cave<\/strong>, il pi\u00f9 grande spettacolo sotterraneo al mondo arricchito da stupefacenti danze aeree e fantastiche scenografie. Ispirata alla <strong>Divina Commedia di Dante Alighieri<\/strong>, \u00e8 sold out ad ogni replica. Attesi anche per questo <strong>2015<\/strong> tantissimi eventi culturali e musicali, oltre alla terza edizione di \u201c<strong>Natale nelle Grotte<\/strong>\u201d e \u201c<strong>Presepi in grotta<\/strong>\u201d.<\/p>\n<p>&nbsp;<\/p>\n<p>Vivere le Grotte di Castellana significa <strong>immergersi in una esperienza capace di coinvolgere ogni senso<\/strong>, significa ritrovare profonde emozioni legate a memorie ancestrali, significa riscoprire l\u2019essenza della bellezza, incontaminata e pura.\u00a0 E non solo.<\/p>\n<p>Oggi, le Grotte di Castellana, sono un mondo da scoprire e riscoprire ogni giorno dell\u2019anno.<\/p>\n<p>Viste le Grotte, vale la pena fare un giro nel centro storico di Castellana, borgo medioevale dominato da una cattedrale romanica e che in pieno inverno, l\u201911 gennaio, si illumina con i fuochi delle Fanove: pi\u00f9 di 80 fal\u00f2 vengono accesi contemporaneamente per ricordare il miracolo della Madonna della Vetrana, che salv\u00f2 i cittadini di Castellana dalla peste.<\/p>\n<p>&nbsp;<\/p>\n<p>&nbsp;<\/p>\n<p>CASTRO, GROTTA ZINZULUSA E BORGO MEDIOEVALE.\u00a0 Con Castellana, un\u2019altra grotta molto famosa che attrae migliaia e migliaia di visitatori tutto l\u2019anno \u00e8 la Grotta Zinzulusa nel Salento, sul Mare Adriatico. Si trova a Castro, che ha ottenuto la Bandiera Blu per la trasparenza e la purezza delle sue acque e la qualit\u00e0 dei servizi offerti nel rispetto dell\u2019ambiente e che viene indicata come la Perla del Salento.<\/p>\n<p>Il nome di Grotta Zinzulusa viene dal dialetto salentino, che vuol dire stracci. Infatti le stalattiti che pendono dal soffito sembrano tanti zinzuli (stracci) che hanno disegnato col tempo figure fantastiche: il presepe, la cattedrale, il duomo, fino ad arrivare nella grotta del Cocito, che un tempo era completamente sommersa di guano di pipistrello. La grotta Zinzulusa \u00e8 rilevante anche dal punto di vista ambientale: in un laghetto di acqua dolce completamente immerso nel buio e non visitabile vivono i gamberi ciechi, di origine preistorica. La Grotta Zinzulusa \u00e8 visitabile sia dalla terra ferma, scendendo attraverso comodi gradini dal piazzale, che facendo un\u2019escusione in barca.<\/p>\n<ol start=\"19\">\n<li>\u201cLa Perla del Salento, tra le pi\u00f9 belle baie della Puglia, \u00e8 riparata dei venti e offre un mare azzurro e trasparente quasi sempre placido ideale per la balneazione e le escursioni in barca\u201d, dice il vicesindaco di Castro, Angelo Coluccia. Via mare, facendo escursioni in barca, ci si pu\u00f2 lasciare incantare dalla bellezza delle grotte: la Grotta Azzurra con i suoi riflessi azzurri come la Grotta Azzurra di Capri, la Grotta Palombara dove i pescatori andavano a pescare con una particolare tecnica l\u2019argate, chiudendo ai pesci l\u2019uscita dalla grotta con una rete, la Grotta Palombara abitata sin dalla Preistoria e la Grotta Zinzulusa.<\/li>\n<\/ol>\n<p>Ma Castro \u00e8 anche un incantevole borgo medioevale con la piazzetta dominata dal castello aragonese, che conserva il museo archeologico, e la chiesa di origine romanica dalla cripta bizantina. Tutto il centro storico \u00e8 circondato da uno spettacolare camminamento lungo le mura, da dove si possono ammirare gli uliveti a terrazza sul mare e arrivare fino alle imponenti mura messapiche, scoperte di recente.<\/p>\n<p>Qui l\u2019\u00e8quipe del professore Francesco D\u2019Andria ha scoperto i resti del tempio della Dea Minerva e una statuina in bronzo della stessa Dea tanto da indurre lo studioso a dire che Castro \u00e8 l\u2019antica Castrum Minervae dove approd\u00f2 Enea come ci racconta Virgilio nel VI libro dell\u2019Eneide.<\/p>\n<p>Dall\u2019albergo di lusso ai B&amp;B, dagli appartamenti in affitto ai tre stelle Castro offre anche un\u2019ampia e variegata ricettivit\u00e0 turistica.<\/p>\n<p>Da non perdere sono i piatti di pesce freschissimo offerti nei ristoranti e la pietanza tipica: lu pisce a sarsa, pesce fritto fatto macerare nell\u2019aceto e conservato in otri di creta, come facevano un tempo i pescatori per sfamare la famiglia anche quando non potevano andare a pesca per il mare forte.<\/p>\n<p>Biglietto unico: visita Grotta Zinzulusa, castello aragonese, museo archeologico e mura mesapiche con guida esperta in Beni culturali 8,00 euro individuale, 6,00 per gruppi, 5,00 scolaresche (<a href=\"mailto:turismo@comune.castro.le.it\">turismo@comune.castro.le.it<\/a>)<\/p>\n<p>CASTRO EVENTI:<\/p>\n<p><strong>FESTA PATRONALE, MADONNA DELL\u2019ANNUNZIATA: 23-35 aprile.<\/strong> Apre tutte le Feste patronali di primavera e d\u2019estate nel Salento, tra luminarie, bande e una solenne processione. \u00a0La sera della vigilia si svolgono la <strong>Sagra del \u201cPesce a sarsa\u201d<\/strong> e una fantasmagorica <strong>gara pirotecnica<\/strong>. Straordinari <strong>concerti bandistici<\/strong> si esibiscono nella incantevole piazzetta incastonata tra la Cattedrale, l\u2019Episcopio e i palazzi signorili).<\/p>\n<p>&#8211; <strong>Castro wine fest: 4 e 5 luglio 2015<\/strong> appuntamento all\u2019insegna della valorizzazione delle eccellenze vitivinicole salentine e dei migliori prodotti del territorio e della tradizione mediterranea, con oltre 25 cantine presenti, cooperative agricole, postazioni di musica live, attrazioni, spettacoli, in un \u201cpercorso di degustazione\u201d che attraversa il borgo antico di Castro, le terrazze panoramiche sulla baia, il Castello Aragonese in un\u2019atmosfera raffinata e magica.<\/p>\n<p><strong>&#8211; Castro in jazz 25 e 26 luglio 2015 <\/strong>rassegna di musica jazz organizzata dall\u2019amministrazione comunale, con eventi collaterali legati alla musica jazz e alla degustazione di vino e prodotti tipici \u201cjazz and wine\u201d, con ospiti e musicisti d\u2019eccezione (hanno suonato nelle edizioni precedenti Geg\u00e8 Telesforo, Nick TheNightfly, Sarah janes Morris).<\/p>\n<p>&#8211;\u00a0 <strong>CASTRUM MINERVAE, 2 agosto 2015 premio internazionale dedicato alla cultura classica, all\u2019archeologia, alle origini e alle radici profonde della nostra storia. <\/strong>Il premio Castrum Minervae \u00e8 conferito, nell\u2019ambito di un programma di spettacolo interamente dedicato al mito di Minerva e degli abitanti dell\u2019Olimpo, a personalit\u00e0 del mondo della cultura classica, della archeologia, del giornalismo e dell\u2019imprenditoria che si sono particolarmente distinti per il loro legame con il territorio salentino.<\/p>\n<p>Nella serata, musicisti, attori e ballerini raccontano i miti e le leggende del mondo antico in un susseguirsi di scene fantastiche ed emozionanti.<\/p>\n<p>&#8211; <strong>FESTA del MARE in onore della B.V. Maria SS. del Rosario Processione a mare \u2013 Gara Pirotecnica, 12 agosto 2015<\/strong>. Da pi\u00f9 di un secolo la devozione dei pescatori di Castro si esprime in questa suggestiva manifestazione. Il simulacro della Vergine Maria viene portato in processione lungo le acque della splendida baia di Castro, sui barconi da pesca, con le lampare illuminate.<\/p>\n<p>Il passaggio della processione a mare e i fuochi d\u2019artificio notturni si specchiano nelle acque smeraldine della baia, in uno spettacolo di struggente bellezza. Concerti bandistici nella pi\u00f9 sana tradizione pugliese.<\/p>\n<p>&#8211;\u00a0 <strong>Notte bianca, 17 agosto 2015:\u00a0 <\/strong>dal tardo pomeriggio a notte fonda il paese \u00e8 immerso in un clima musicante, di festa collettiva. Generi musicali diversi e postazioni distribuite su tutto il territorio comunale, accompagnano il turista in un tour ideale attraverso angoli, scorci, suggestioni uniche e l\u2019apertura notturna del Castello Aragonese e del Museo archeologico arricchisce sotto il profilo culturale l\u2019evento.<\/p>\n<p>&#8211; <strong>Natale in Contea, presepe vivente:<\/strong> dicembre 2015\/gennaio 2016. Nell\u2019ottica di destagionalizzare il turismo, i volontari dell\u2019associazione Natale in Contea in partenariato con l\u2019Amministrazione comunale vestono abiti medioevali per rievocare la Contea di Castro. Ges\u00f9 nasce tra i pescatori, la corte dei nobili, gli arcieri, i frati e le suore, gli alchimisti e i marinai, mentre i Re Magi arrivano dal mare. Il presepe \u00e8 visitabile il 26 dicembre, l\u20191 e il 6 gennaio.<\/p>\n<p>&nbsp;<\/p>\n<p>GALATINA, NEL CUORE DEL SALENTO. Galatina \u00e8 tra le 9 Citt\u00e0 d\u2019Italia, scelte dal Touring Club per il grande evento nazionale Penisola del Tesoro. Il 12 aprile arriveranno in citt\u00e0 tantissimi soci del Touring Club e saranno accolti da una Festa in grande stile che mira a prenderli per la gola. Si intitola Dolce Citt\u00e0 Nostra e punta e mettere in luce le eccellenze enogastronomiche di cui la citt\u00e0 \u00e8 ricchissima, avendo peraltro dato i natali al famoso pasticciotto leccese sin dal 1700 con la famiglia Ascalone. Ma ci sono altre tipicit\u00e0 da scoprire come l\u2019Africano, realizzato con uova sbattuto e zucchero e cotto al forno, la Mafalda, una variante dello spumone salentino, li mustazzoli (biscotti di noci tritate e cannella).<\/p>\n<p>Galatina \u00e8 famosa per la Basilica di Santa Caterina d\u2019Alessandria, un capolavoro d\u2019arte che era nel \u2018300 un vero e proprio cantiere di idee e di cultura. Venne voluta dal principe Raimondello del Balzo Orsini che. di ritorno da una Crociata in Terra Santa,\u00a0 pens\u00f2 di ingraziarsi il Papa nella speranza di diventare Imperatore. Ma mor\u00ec giovane. E tocc\u00f2 all\u2019ambiziosa moglie, Maria d\u2019Enghien, contessa di Lecce, realizzare il suo sogno. Si spos\u00f2 il principe Ladislao di Durazzo, di molto pi\u00f9 giovane di lei, e divent\u00f2 cos\u00ec imperatrice del Regno di Napoli. Ma le cose a corte non andavano bene e la Regina approfitt\u00f2 degli affreschi di Santa Caterina d\u2019Alessandria per sfogare le sue ire contro la cognata che lei definiva amabilmente Giovanna La Pazza. La fece ritrarre sul frontespizio della Chiesa nella scena dedicata al Giudizio Universale, mentre cavalcava la bestia dei sette peccati, facendosi accarezzare da due mori.<\/p>\n<p>&nbsp;<\/p>\n<p>La Chiesa \u00e8 interamente affrescata: la vita di Ges\u00f9 e dei Santi si intreccia con le passioni e gli intrighi di Corte. Maria d\u2019Enghien faceva ridisegnare gli affreschi se non le piacevano e in pi\u00f9 di un\u2019occasione prestava il suo volto alla Madonna! Per realizzare un\u2019opera cos\u00ec bella lavorarono a stretto contatto artisti della scuola locale, giottesca umbro marchigiana e tedesca.<\/p>\n<p>La Basilica \u00e8 incastonata in un romantico ed elegante centro storico, da cui si accede attraverso la Chiesa Madre dei Santi Pietro e Paolo. Galatina \u00e8 infatti al centro della pizzica. Era davanti alla Chiesa madre dei Santi Pietro e Paolo, che in occasione della Festa patronale di fine giugno, arrivavano da tutto il Salento le tarantate e i tarantati per essere guariti dal morso della taranta, ballando incessantemente la pizzica al suono di violini e tamburelli. Poco distante dalla chiesa madre si trova la chiesetta di San Paolo, dove arrivavano tarantate tutto l\u2019anno e al chiuso ballavano la pizzica per guarire, bevendo l\u2019acqua miracolosa della cisterna di San Paolo.<\/p>\n<p>&nbsp;<\/p>\n<p>NARDO\u2019 CENTRO STORICO BAROCCO\u00a0 E NATURA SELVAGGIA FANNO DA SET A GRANDI FILM:<\/p>\n<p>SEI MAI STATO SULLA LUNA?<\/p>\n<p>Mentre va in onda nelle sale cinematografico il film Sei mai stato sulla luna con Raul Bova, merita una visita la bella Nard\u00f2,<\/p>\n<p>sulla sponda jonica con un centro storico che dista dal mare appena 6 chilometri. Le sue bellezze naturali e monumentali hanno attratto numerosi produttori di film di successo. Vaste distese di ulivi secolari, fanno della citt\u00e0 salentina, la citt\u00e0 dell\u2019olio per eccellenza, e del vino negroamaro con interessanti realt\u00e0 che si stato affermando sempre di pi\u00f9 sui mercati internazionali. Il centro storico dalle chiese barocche, i palazzi gentilizi e le case contadine a corte, tipiche del Salento, sta vivendo un momento di forte rinascita e rilancio. Sempre pi\u00f9 viaggiatori infatti hanno deciso di acquistare a Nard\u00f2 la loro seconda casa: inglesi, francesi e tanti settentrionali.<\/p>\n<p>Nard\u00f2 ha ricevuto dal presidente della Repubblica la medaglia d\u2019oro al valor civile perch\u00e9 immediatamente dopo la seconda Guerra mondiale accolse gli ebrei nelle ville della marina di Santa Maria al Bagno. Nacquero storie di amore e di amicizia, raccontate oggi nel Museo dell\u2019accoglienza di Santa Maria al Bagno, una casa utilizzata dagli ebrei liberati dai campi di concentramento e caratterizzata dai graffiti dove essi raccontavano il Sogno di ritornare nella Terra promessa.<\/p>\n<p>Poco pi\u00f9 a Nord, da visitare c\u2019\u00e8 Santa Caterina con la sua Portoselvaggio e l\u2019area marina protetta, Palude del Capitano, che si estende fino a Porto Cesareo.<\/p>\n<p>24 PORTOSELVAGGIO NARDO\u2019 EVENTI<\/p>\n<p><strong>MEDITERRANEO INSIEME. 15 luglio \u2013 15 settembre.<\/strong> Si articola in quattro sezioni: letteratura\/cinema, cucina tipica, danza e musica e mira a far s\u00ec che Nard\u00f2 rievochi e diventi durante l\u2019estate il crocevia di Popoli e Culture che ha visto nel Mediterraneo il suo epicentro, ricreando un grande contenitore a cielo aperto qual \u00e8 il suo stupendo centro storico, un mix di suoni, colori, profumi, che affascini i turisti e li faccia sentire in quei giorni al centro del Mediterraneo. Spiega l\u2019assessore Maurizio Leuzzi: Nard\u00f2 ha dimostrato negli anni di avere una grande e riconosciuta tradizione di disponibilit\u00e0 all\u2019accoglienza (medaglia d\u2019oro per l\u2019accoglienza agli ebrei nel dopo guerra), sicch\u00e8 il progetto mira a coinvolgere quei paesi con cui Nard\u00f2 ha gi\u00e0 instaurato rapporti di grande amicizia e fratellanza (gemellaggi con citt\u00e0 di Israele e Grecia), quei paesi per i quali il mediterraneo -stante la loro vicinanza geografica- rappresenta un ponte di solidariet\u00e0 e accoglienza, quei paesi per i quali il tema della pace \u00e8 ancora oggi attuale e motivo di grandi tensioni\u201d.<\/p>\n<p><strong>CAVALCATA STORICA DELL\u2019INCORONATA,<\/strong> primo week end di agosto. Corteo e rappresentazioni in costumi d\u2019epoca;<\/p>\n<p><strong>FESTA TRADIZIONALE IN ONORE DI SAN GREGORIO ARMENO, 17 \u2013 20 febbraio:<\/strong> Riti religiosi in lingua armena, convegni sulla cultura armena e sui legami tra Nard\u00f2 e l\u2019Armenia. Festeggiamenti civili.<\/p>\n<p>&nbsp;<\/p>\n<p>SPIAGGE MELENDUGNO \u2013 Morbide e bianche spiagge caratterizzano il terriotorio di Melendugno con le sue cinque marine Bandiera Blu e Cinque Vele di Legambiente: Torre Specchia Ruggeri, San Foca, Roca Vecchia, Torre dell\u2019Orso e Torre Sant\u2019Andrea. Tutte dominate da una torre di guardia, voluta dall\u2019imperatore Carlo V su tutte le coste pugliesi per difendere il territorio dall\u2019attacco dei turchi, le spiagge sono punteggiate da alte dune, ricoperte di gigli selvatici e protette dalle pinete.<\/p>\n<p>La spiaggia pi\u00f9 bella, anche se d\u2019estate \u00e8 affollatissima, \u00e8 Torre dell\u2019Orso, sempre placida e con acque trasparentissime: una baia di poco pi\u00f9 di un chilometro le cui alte dune sono ricoperte da una pineta, come se fossero una chioma verde.<\/p>\n<p>Racconta l\u2019antica storia del Messapi, il popolo dei due mari che abitava il Salento, prima dell\u2019arrivo dei Romani, il sito archeologico di Roca Vecchia, dove \u00e8 stata rinvenuta nella grotta della Poesia piccola il Santuario del Dio Taotor messapico, Turor latino e Tahotor greco, cui i naviganti della Terra d\u2019Otranto rivolgevano preghiere prima di attraversare il Canale d\u2019Otranto,<\/p>\n<p>Poco distante c\u2019\u00e8 la Grotta della Poesia Grande, che il National Geographic ha decretato essere tra le prime dieci piscine naturali pi\u00f9 belle al mondo.<\/p>\n<p>26<\/p>\n<p>Un colpo d\u2019occhio poi sono i faraglioni di Sant\u2019Andrea, che con le loro mille forme dominano il mare limpido e cristallino: la Sfinge nel piccolo villaggio dei pescatori, l\u2019Italia con la tipica forma di Stivale e lu Pepe un arco, sotto cui \u00e8 bello passare a nuoto.<\/p>\n<p>Il mare porta le voci dei popoli vicini e lontani sulle sponde del Mediterraneo, mare di incontri ed intriganti culture.<\/p>\n<p>&nbsp;<\/p>\n<p>MELENDUGNO EVENTI<\/p>\n<p><strong>&#8211; BORGO IN FESTA,<\/strong> ponte del 2 giugno: All\u2019insegna della buona enogastronomia e della musica popolare, la festa mette insieme tutte le associazioni di volontariato della piccola frazione di Borgagne;<\/p>\n<p><strong>&#8211; BLUE FESTIVAL<\/strong> da giugno a settembre spettacoli di musica, arte , danza, jazz nelle marine di Melendugno e nella frazione di Bogagne;<\/p>\n<p><strong>LO SGUARDO DI OMERO,<\/strong> ottobre. Festival delle narrazioni filmiche al termine del quale vengono premiate le migliori. Il festival ha ottenuto il patrocinio del Ministero dei Beni culturali.<\/p>\n<p><strong>&#8211; FESTA DELLA MADONNA DI ROCA:<\/strong> secondo e terzo week end\u00a0 di maggio a Melendugno e Borgagne. Con un pellegrinaggio di sei chilometri gli abitanti di Melendugno e Borgagne raggiungono il mare: Roca Vecchia, dobe un tempo abitavano, prima che arrivassero i Turchi e portano in processione rispettivamente la Statua della Madonna di Roca e di Sant\u2019Antonio, un rito che accomuna anche i paesi vicini da fine aprile a maggio. Le sera festa con le tradizionali luminarie, fuochi d\u2019artificio e bande.<\/p>\n<p><strong>&#8211; FESTA DI SAN NICETA,<\/strong> 15, 16 settembre. Tra fuochi d\u2019artificio, bande e luminarie si festeggia il Santo Patrono del paese, cui viene dedicata anche l\u2019accensione dei lampioni di carta che volano in alto, nel cielo.<\/p>\n<p>&nbsp;<\/p>\n<p>&nbsp;<\/p>\n<p>&nbsp;<\/p>\n<p>&nbsp;<\/p>\n<p>Dove dormire, le migliori strutture<\/p>\n<p>&nbsp;<\/p>\n<p>Hotel Belvedere<\/p>\n<p>Via Alessandro Volta 37, Torre dell\u2019Orso<\/p>\n<p><a href=\"mailto:info@hotelbelvederesalento.it\">info@hotelbelvederesalento.com<\/a><\/p>\n<p>&nbsp;<\/p>\n<p>&nbsp;<\/p>\n<p>B&amp;B Dimora Vicolo Corto<\/p>\n<p>Dimora Vicolo corto<\/p>\n<p>Nel magnifico centro storico della citt\u00e0 di Lecce, culla dell\u2019arte e dell\u2019architettura barocca, nasce dimora vicolo corto location ideale in qualsiasi momento dell\u2019anno, dimora vicolo corto \u00e8 una residenza turistica composta da comode camere suite bilocali e appartamenti trilocali recentemente oggetto di un\u2019accurata ristrutturazione conservativa, dispone per i suoi ospiti di un ampio terrazzo, arredato a solarium e arricchito di piante tipiche salentine, dove trascorrere momenti di relax. Inoltre possibilit\u00e0 di organizzare meeting, conferenze e visite guidate nell\u2019entroterra ed escursioni con yacht e catamarano.<\/p>\n<p>&nbsp;<\/p>\n<p><a href=\"http:\/\/www.dimoravicolocorto.it\/\">www.dimoravicolocorto.it<\/a><\/p>\n<p>you tube: dimora vicolo corto<\/p>\n<p>direttore Tonio Rollo: 331 16 49 352 email <a href=\"mailto:dimoravicolocorto@gmail.com\">dimoravicolocorto@gmail.com<\/a><\/p>\n<p>via Corte San Cataldo, 8\/12<\/p>\n<p>73100 Lecce<\/p>\n<p>&nbsp;<\/p>\n<p>Via Corte San Cataldo 8\/13, Lecce<\/p>\n<p>Tel 328 071 0014<\/p>\n<p><a href=\"http:\/\/www.dimoravicolocorto.it\/\">www.dimoravicolocorto.it<\/a><\/p>\n<p>&nbsp;<\/p>\n<p>B&amp;B Lungomare<\/p>\n<p>Via Lungomare Matteotti San Foca<\/p>\n<p>Tel. 329. 91 30 756; 328 65 60 554<\/p>\n<p><a href=\"http:\/\/www.bblungomaresanfoca.it\/\">www.bblungomaresanfoca.it<\/a><\/p>\n<p>info@bblungomaresanfoca.it<\/p>\n<p>&nbsp;<\/p>\n<p>Agriturismo Masseria Chiccorizzo<\/p>\n<p>Contrada Chiccorizzo \u2013 Sternatia<\/p>\n<p><a href=\"http:\/\/www.masseriachiccorizzo.it\/\">www.masseriachiccorizzo.it<\/a><\/p>\n<p><a href=\"mailto:info%C3%B2@masseriachiccorizzo.it\">info@masseriachiccorizzo.it<\/a><\/p>\n<p>&nbsp;<\/p>\n<p>Castello Monaci<\/p>\n<p>Le Scuderie di Castello Monaci<\/p>\n<p>Agriturismo di charme<\/p>\n<p>Contrada Masseria Monaci ss \/ Ter<\/p>\n<p>Salice Salentino<\/p>\n<p>Tel 0831. 66 60 71<\/p>\n<p><a href=\"http:\/\/www.castellomonaci.com\/\">www.castellomonaci.com<\/a><\/p>\n<p>info@castellomonaci.com<\/p>\n<p>&nbsp;<\/p>\n<p>In un palazzo gentilizio<\/p>\n<p>B&amp;B Campurra, via Cellini 29, Marittima,<\/p>\n<p>tel. 339 72 64 774<\/p>\n<p><a href=\"http:\/\/www.campurra.com\/\">www.campurra.com<\/a><\/p>\n<p><a href=\"mailto:campurra.marittima@libero.it\">campurra.marittima@libero.it<\/a><\/p>\n<p>&nbsp;<\/p>\n<p>In un antico castello con ampie camere e piscina<\/p>\n<p>B&amp;B Palazzo Vecchio<\/p>\n<p>Via Benvenuto Cellini, 38<\/p>\n<p>Marittima<\/p>\n<p><a href=\"http:\/\/www.bebpalazzovecchio.it\/\">www.bebpalazzovecchio.it<\/a><\/p>\n<p><a href=\"mailto:info@bebpalazzovecchio.it\">info@bebpalazzovecchio.it<\/a><\/p>\n<p>&nbsp;<\/p>\n<p>B&amp;B Trappitu dei Settimi<\/p>\n<p>Via Convento 42 \u2013 Marittima di Diso<\/p>\n<p>Tel. 0836.922109; cell.340.6688630<\/p>\n<p><a href=\"http:\/\/www.trappitudeisettimi.it\/\">www.trappitudeisettimi.it<\/a><\/p>\n<p><a href=\"mailto:info@trappitudeisettimi.it\">info@trappitudeisettimi.it<\/a><\/p>\n<p>&nbsp;<\/p>\n<p>&nbsp;<\/p>\n<p>&nbsp;<\/p>\n<p>I MIGLIORI RISTORANTI<\/p>\n<p>&nbsp;<\/p>\n<p>Ristorante Lo Zio Tom<\/p>\n<p>Loc. Ciardo, Santa Maria di Leuca<\/p>\n<p>Tel. 0833. 76 78 70; 320 29 90 740<\/p>\n<p><a href=\"http:\/\/www.ziotomleuca.com\/\">www.ziotomleuca.com<\/a><\/p>\n<p><a href=\"mailto:ziotom@ziotomleuca.com\">ziotom@ziotomleuca.com<\/a><\/p>\n<p>&nbsp;<\/p>\n<p>Ristorante La Grotta del Conte<\/p>\n<p>Via Duca del Mare, Castro Marina<\/p>\n<p>Tel 0836. 94 33 49; 349 08 31 123<\/p>\n<p><a href=\"http:\/\/www.grottadelconte.it\/\">www.grottadelconte.it<\/a><\/p>\n<p>&nbsp;<\/p>\n<p>&nbsp;<\/p>\n<p>&nbsp;<\/p>\n<p>Dove acquistare prodotti tipici souvenir golosi<\/p>\n<p>Vini<\/p>\n<p>Tenuta Marano<\/p>\n<p>Contrada Scalera, Guagnano<\/p>\n<p>&nbsp;<\/p>\n<p>&nbsp;<\/p>\n<p>&nbsp;<\/p>\n<p>&nbsp;<\/p>\n<p>&nbsp;<\/p>\n<p>&nbsp;<\/p>\n<p>Dove acquistare prodotti artigianali<\/p>\n<p>Bottega d\u2019Arte Agostino Branca<\/p>\n<p>Via Tempio<\/p>\n<p>73039 Tricase<\/p>\n<p>tel. 0833 54 51 20<\/p>\n<p><a href=\"mailto:branca@brancaagostino.191.it\">branca@brancaagostino.191.it<\/a><\/p>\n<p>tel 348 39 69 688<\/p>\n<p>&nbsp;<\/p>\n<p>Dove acquistare prodotti tipici<\/p>\n<p>&nbsp;<\/p>\n<p>Olio extravergine di oliva<\/p>\n<p>Oleificio Alea<\/p>\n<p>Via Zaca, Martano<\/p>\n<p>Tel. 0836 57 44 91<\/p>\n<p>www.olioalea.it<\/p>\n<p>&nbsp;<\/p>\n<p>Dove acquistare prodotti naturali all\u2019aloe vera per la bellezza prodotti a Martano, nel cuore del Salento<\/p>\n<p>Impedibile la linea mani e la linea Domi dal profumo inebriante<\/p>\n<p>Acquisti on line<\/p>\n<p>www.benesserenatura.com<\/p>\n<p><strong>\u00a0Per saperne di pi\u00f9:<\/strong><\/p>\n<p>Carmen Mancarella<\/p>\n<p>Tel 328 1397 133; 348 62 83 353<\/p>\n<p>&nbsp;<\/p>\n<p><a href=\"mailto:spiaggepuglia@gmail.com\">spiaggepuglia@gmail.com<\/a><\/p>\n<p>www.mediterraneantourism.it<\/p>\n<p>&nbsp;<\/p>\n<p>&nbsp;<\/p>\n<p>&nbsp;<\/p>\n","protected":false},"excerpt":{"rendered":"<p>\u00a0 In un\u2019affollatissima e attesa conferenza stampa presentati alla Bit di Milano i luoghi pi\u00f9 belli della Puglia in un viaggio straordinario che fa tappa ad Alberobello, Castellana Grotte,\u00a0 Castro, Galatina, Nard\u00f2 e Melendugno. Pi\u00f9 di cento i giornalisti presenti, invitati dalla rivista di turismo e cultura del Mediterraneo, Spiagge di Carmen Mancarella (www.mediterraneantourism.it) \u00a0\u00a0\u00a0\u00a0\u00a0\u00a0\u00a0 &hellip; <a href=\"https:\/\/www.gdapress.it\/it\/index.php\/48905\/turismo\/presentati-alla-bit-di-milano-luoghi-piu-belli-della-puglia.html\" class=\"more-link\">Read more <span class=\"screen-reader-text\">Presentati alla Bit di Milano i luoghi pi\u00f9 belli della Puglia<\/span><\/a><\/p>\n","protected":false},"author":3,"featured_media":0,"comment_status":"closed","ping_status":"open","sticky":false,"template":"","format":"standard","meta":{"footnotes":""},"categories":[12171,9],"tags":[112,5799,17,1458],"class_list":["post-48905","post","type-post","status-publish","format-standard","hentry","category-bit-2026","category-turismo","tag-bit","tag-mancarella","tag-milano","tag-puglia"],"_links":{"self":[{"href":"https:\/\/www.gdapress.it\/it\/index.php\/wp-json\/wp\/v2\/posts\/48905","targetHints":{"allow":["GET"]}}],"collection":[{"href":"https:\/\/www.gdapress.it\/it\/index.php\/wp-json\/wp\/v2\/posts"}],"about":[{"href":"https:\/\/www.gdapress.it\/it\/index.php\/wp-json\/wp\/v2\/types\/post"}],"author":[{"embeddable":true,"href":"https:\/\/www.gdapress.it\/it\/index.php\/wp-json\/wp\/v2\/users\/3"}],"replies":[{"embeddable":true,"href":"https:\/\/www.gdapress.it\/it\/index.php\/wp-json\/wp\/v2\/comments?post=48905"}],"version-history":[{"count":4,"href":"https:\/\/www.gdapress.it\/it\/index.php\/wp-json\/wp\/v2\/posts\/48905\/revisions"}],"predecessor-version":[{"id":48927,"href":"https:\/\/www.gdapress.it\/it\/index.php\/wp-json\/wp\/v2\/posts\/48905\/revisions\/48927"}],"wp:attachment":[{"href":"https:\/\/www.gdapress.it\/it\/index.php\/wp-json\/wp\/v2\/media?parent=48905"}],"wp:term":[{"taxonomy":"category","embeddable":true,"href":"https:\/\/www.gdapress.it\/it\/index.php\/wp-json\/wp\/v2\/categories?post=48905"},{"taxonomy":"post_tag","embeddable":true,"href":"https:\/\/www.gdapress.it\/it\/index.php\/wp-json\/wp\/v2\/tags?post=48905"}],"curies":[{"name":"wp","href":"https:\/\/api.w.org\/{rel}","templated":true}]}}