
{"id":48864,"date":"2015-02-16T10:39:11","date_gmt":"2015-02-16T08:39:11","guid":{"rendered":"http:\/\/www.gdapress.it\/it\/?p=48864"},"modified":"2015-02-16T10:40:00","modified_gmt":"2015-02-16T08:40:00","slug":"escher-chiostro-del-bramante-roma","status":"publish","type":"post","link":"https:\/\/www.gdapress.it\/it\/index.php\/48864\/arte\/escher-chiostro-del-bramante-roma.html","title":{"rendered":"ESCHER Chiostro del Bramante, Roma"},"content":{"rendered":"<h4 align=\"center\"><big><\/big><big><\/big><big><\/big><big><\/big><big><\/big><big><\/big><big><b><small><\/small><small><i><small>Visitata da oltre 200.000 persone e <\/small><\/i><\/small><\/b><\/big><big><\/big><big><\/big><big><\/big><big><\/big><big><\/big><big><\/big><big><b><small><\/small><small><i><small><\/small><small><\/small><small><big><\/big><big>con pi\u00f9 di 1500 gruppi prenotati, <\/big><\/small><\/i><\/small><\/b><\/big>la mostra &#8220;Escher&#8221; entra nell&#8217;ultima settimana di apertura.<small><\/small><\/h4>\n<h4>Da luned\u00ec 16 a domenica 22 febbraio, la mostra prolunga eccezionalmente gli orari e sar\u00e0 visitabile tutti i giorni fino a mezzanotte (ultimo ingresso ore 23.00)<\/h4>\n<h4 align=\"center\"><small><\/small><br \/>\n<small>Escher<\/small><br \/>\n<small><\/small><small><\/small><small><\/small><small><\/small><small>a cura di Marco Bussagli<\/small><br \/>\n<span style=\"color: #cc0000;\">fino al 22 febbraio 2015<\/span><br \/>\nChiostro del Bramante, Roma<big><\/big><big><\/big><big><br \/>\n<\/big><\/h4>\n<h4 align=\"center\"><\/h4>\n<hr size=\"2\" width=\"100%\" \/>\n<h4 align=\"center\"><small><\/small><small><\/small><big><b><big><\/big><big>Ultimissimi giorni della mostra &#8220;Escher&#8221; che da luned\u00ec 16 a domenica 22 febbraio prolunga gli orari di apertura permettendo al pubblico di visitare la mostra fino alle ore 24.00 (ultimo ingresso ore 23.00)<\/big><\/b><\/big><\/h4>\n<p><b><big><\/big><big>Con oltre 200.000 visitatori e con pi\u00f9 di 1500 gruppi prenotati, la mostra dedicata al genio olandese conferma il suo grande successo e si appresta ad approdare a Bologna, nelle sale di Palazzo Albergati, dal 12 Marzo al 19 Luglio 2015.<\/big><\/b><\/p>\n<hr size=\"2\" width=\"100%\" \/>\n<h4 align=\"left\"><big><\/big><big>Con oltre 150 opere, tra cui i suoi capolavori pi\u00f9 noti come Mano con sfera riflettente (M.C. Escher Foundation), Giorno e notte (Collezione Giudiceandrea), Atro mondo II (Collezione Giudiceandrea), Casa di scale (relativit\u00e0) (Collezione Giudiceandrea) al Chiostro del Bramante, sar\u00e0 possibile ancora per l&#8217;ultima settimana visitare la grande mostra antologica interamente dedicata all\u2019artista, incisore e grafico olandese, che ne contestualizza il linguaggio artistico e racconta l\u2019annodarsi di universi culturali apparentemente inconciliabili i quali, grazie alla sua arte e alla sua spinta creativa, si armonizzano, invece, in una dimensione visiva decisamente unica.<\/big><\/h4>\n<h4>Prodotta da DART Chiostro del Bramante e Arthemisia Group e, in collaborazione con la Fondazione Escher, grazie ai prestiti provenienti dalla Collezione Federico Giudiceandrea, curata da Marco Bussagli, con il patrocinio di Roma Capitale, la mostra Escher vuole sottolineare l\u2019attitudine di questo intellettuale &#8211; perch\u00e9 il termine artista, nell\u2019accezione con cui siamo abituati ad usarlo, pare in parte inadeguato &#8211; a osservare la natura in un altro modo, con un punto di vista diverso, tale da far emergere in filigrana quella bellezza della regolarit\u00e0 geometrica che talora diviene magia e gioco.<\/h4>\n","protected":false},"excerpt":{"rendered":"<p>Visitata da oltre 200.000 persone e con pi\u00f9 di 1500 gruppi prenotati, la mostra &#8220;Escher&#8221; entra nell&#8217;ultima settimana di apertura. Da luned\u00ec 16 a domenica 22 febbraio, la mostra prolunga eccezionalmente gli orari e sar\u00e0 visitabile tutti i giorni fino a mezzanotte (ultimo ingresso ore 23.00) Escher a cura di Marco Bussagli fino al 22 &hellip; <a href=\"https:\/\/www.gdapress.it\/it\/index.php\/48864\/arte\/escher-chiostro-del-bramante-roma.html\" class=\"more-link\">Read more <span class=\"screen-reader-text\">ESCHER Chiostro del Bramante, Roma<\/span><\/a><\/p>\n","protected":false},"author":3,"featured_media":0,"comment_status":"closed","ping_status":"open","sticky":false,"template":"","format":"standard","meta":{"footnotes":""},"categories":[4],"tags":[5017,12627,27],"class_list":["post-48864","post","type-post","status-publish","format-standard","hentry","category-arte","tag-chiostro-bramante","tag-escher","tag-roma"],"_links":{"self":[{"href":"https:\/\/www.gdapress.it\/it\/index.php\/wp-json\/wp\/v2\/posts\/48864","targetHints":{"allow":["GET"]}}],"collection":[{"href":"https:\/\/www.gdapress.it\/it\/index.php\/wp-json\/wp\/v2\/posts"}],"about":[{"href":"https:\/\/www.gdapress.it\/it\/index.php\/wp-json\/wp\/v2\/types\/post"}],"author":[{"embeddable":true,"href":"https:\/\/www.gdapress.it\/it\/index.php\/wp-json\/wp\/v2\/users\/3"}],"replies":[{"embeddable":true,"href":"https:\/\/www.gdapress.it\/it\/index.php\/wp-json\/wp\/v2\/comments?post=48864"}],"version-history":[{"count":2,"href":"https:\/\/www.gdapress.it\/it\/index.php\/wp-json\/wp\/v2\/posts\/48864\/revisions"}],"predecessor-version":[{"id":48866,"href":"https:\/\/www.gdapress.it\/it\/index.php\/wp-json\/wp\/v2\/posts\/48864\/revisions\/48866"}],"wp:attachment":[{"href":"https:\/\/www.gdapress.it\/it\/index.php\/wp-json\/wp\/v2\/media?parent=48864"}],"wp:term":[{"taxonomy":"category","embeddable":true,"href":"https:\/\/www.gdapress.it\/it\/index.php\/wp-json\/wp\/v2\/categories?post=48864"},{"taxonomy":"post_tag","embeddable":true,"href":"https:\/\/www.gdapress.it\/it\/index.php\/wp-json\/wp\/v2\/tags?post=48864"}],"curies":[{"name":"wp","href":"https:\/\/api.w.org\/{rel}","templated":true}]}}