
{"id":48857,"date":"2015-02-09T07:44:25","date_gmt":"2015-02-09T05:44:25","guid":{"rendered":"http:\/\/www.gdapress.it\/it\/?p=48857"},"modified":"2015-02-16T10:01:04","modified_gmt":"2015-02-16T08:01:04","slug":"sapori-e-profumi-dal-mondo-il-cluster-bio-mediterraneo","status":"publish","type":"post","link":"https:\/\/www.gdapress.it\/it\/index.php\/48857\/expo-2015-2\/sapori-e-profumi-dal-mondo-il-cluster-bio-mediterraneo.html","title":{"rendered":"Sapori e Profumi dal mondo: il Cluster Bio-Mediterraneo"},"content":{"rendered":"<div>Le terre e gli alimenti, le origini e le unicit\u00e0 delle materie prime e dei prodotti, con le ricette della tradizione, vengono raccontati in anteprima da <strong>Sale&amp;Pepe<\/strong> e dalla sua Scuola di Cucina attraverso <strong>Sapori e profumi dal mondo<\/strong>, da luned\u00ec 9 febbraio, in \u201cUn Posto a Milano\u201d, il ristorante all\u2019interno di Cascina Cuccagna. Iniziative, incontri gratuiti, showcooking e speciali editoriali offrono l\u2019occasione per conoscere da vicino i<a href=\"http:\/\/www.expo2015.org\/it\/partecipanti\/paesi\"> Paesi <\/a>che partecipano ai <a href=\"http:\/\/www.expo2015.org\/it\/esplora\/cluster\">Cluster<\/a> di Expo Milano 2015 e i loro patrimoni gastronomici.<\/p>\n<p>In ogni giornata viene presentato un <strong>Cluster<\/strong> di Expo Milano 2015, con ospiti d\u2019eccezione, performance culinarie e degustazioni guidate alla scoperta delle specialit\u00e0 dei Paesi espositori, con il supporto degli chef di Sale&amp;Pepe. I Cluster di Expo Milano 2015 sono presentati sulle pagine di Sale&amp;Pepe con quattro speciali su quattro numeri consecutivi, a partire dal numero di febbraio. Su <strong><a href=\"http:\/\/www.salepepe.it\/expo-2015\/\" target=\"_blank\">Salepepe.it <\/a><\/strong>sar\u00e0 inoltre online un canale tematico con approfondimenti legati agli speciali, video ricette dal mondo, interviste ai protagonisti e fotogallery degli incontri.<\/p>\n<p><strong>Il primo appuntamento: il Cluster Bio-Mediterraneo<\/strong><\/p>\n<p>Il primo appuntamento \u00e8 fissato per luned\u00ec 9 febbraio con il <strong><a href=\"http:\/\/www.expo2015.org\/it\/esplora\/cluster\/bio-mediterraneo\">Cluster Bio-Mediterraneo<\/a><\/strong>: il punto d\u2019incontro tra i popoli e le civilt\u00e0 bagnate dal Mar Mediterraneo, dove la cultura del cibo si \u00e8 evoluta e combinata nel tempo creando una variet\u00e0 di tradizioni culinarie uniche.\u00a0Sono stati da poco consegnati\u00a0 i primi due Padiglioni del Cluster: quelli di\u00a0<a href=\"http:\/\/www.expo2015.org\/cs\/Satellite?c=Country&amp;childpagename=EXPO%2FCountry%2FEXPOLayoutCountry3&amp;cid=1392226755990&amp;pagename=EXPOWrapper\"><strong>Malta<\/strong><\/a> e <a href=\"http:\/\/www.expo2015.org\/it\/partecipanti\/paesi\/montenegro\"><strong>Montenegro<\/strong><\/a>, i primi Paesi Cluster che entrano in cantiere per iniziare i lavori di allestimento.<\/p>\n<p>Alle ore 10.30 si inizia con il welcome coffee e la conferenza stampa di presentazione dei Cluster di Expo Milano 2015 con gli interventi di <strong>Matteo Gatto<\/strong>, Visitor Experience &amp; Exhibition Design Director e <strong>Dario Cartabellotta<\/strong>, Responsabile Unico del Cluster Bio-Mediterraneo per la Regione Siciliana.<\/div>\n<div>\nIl progetto Sapori e profumi dal mondo viene poi illustrato da<strong> Laura Maragliano<\/strong>, direttore di Sale&amp;Pepe e <strong>Vittorio Castellani<\/strong>, in arte Chef Kumal\u00e8, giornalista e profondo conoscitore delle cucine del mondo.<\/p>\n<p>\u201cMi auguro che le persone partecipando a questi incontri possano imparare tante buone ricette e insieme a queste anche a sviluppare una sensibilit\u00e0 verso i temi di Expo Milano 2015 legati ad una alimentazione sostenibile, sana, gioiosa e rispettosa dell\u2019ambiente\u201d \u2013\u00a0 spiega Vittorio Castellani \u2013 \u201cAvremo con noi talent chef, italiani e non, che sapranno incuriosire e appassionare il pubblico, interagendo con lui. Cureremo i contenuti accompagnando le ricette con curiosit\u00e0 e aneddoti, perch\u00e9 il cibo \u00e8 cultura.<\/p>\n<p>Ospite d\u2019eccezione di questo primo appuntamento \u00e8 <strong>Filippo La Mantia<\/strong>, protagonista, alle ore 12.00, di uno showcooking ispirato agli ingredienti del Cluster: cous cous di kamut integrale con pesto di pomodorino pachino, basilico e melanzane fritte. \u201cL&#8217;ingrediente per me, universale, \u00e8 il cous cous. In questo caso lo abbiner\u00f2 esclusivamente a prodotti Siciliani al 100%, tipo pomodorini di Pachino, capperi di Pantelleria, alici dell&#8217;Aspra, mandorle di Avola e olio trapanese\u201d. Nato in Sicilia, lo chef ci spiega: \u201cio faccio tutto con la Sicilia nel cuore. Sono orgogliosamente palermitano e alla mia cultura devo tutto. Mi sono portato sempre dentro profumi e amore nei confronti della nostre tradizioni\u201d.<\/div>\n<div>\nAlle ore 15.00 prende il via il secondo momento della giornata Bio-Mediterraneo con le ricette libanesi di <strong>Rabih El Monla<\/strong> e <strong>Go Jharib<\/strong>, del Ristorante Lyr di Milano, e il loro chef <strong>Mustafa<\/strong>.\u00a0Infine, alle ore 17.00, c\u2019\u00e8\u00a0 l\u2019incontro con <strong>Luigi Caricato<\/strong>, autore di Atlante degli oli italiani (Mondadori Electa), per approfondire variet\u00e0, tecniche e tradizioni della migliore offerta olivicola nazionale.<\/div>\n<div><\/div>\n<div>Scopri le ricette che si possono preparare con gli <a href=\"http:\/\/worldrecipes.expo2015.org\/it\/ricette\/c-pesce.html\" target=\"_blank\">ingredienti tipici<\/a> del Cluster Bio-Mediterraneo su <a href=\"http:\/\/worldrecipes.expo2015.org\/it\/ricette\/c-verdure_e_funghi.html\" target=\"_blank\">World Recipes<\/a>.<\/div>\n<div>\u00a0Per saperne di pi\u00f9<\/div>\n<div>http:\/\/www.expo2015.org\/<\/div>\n","protected":false},"excerpt":{"rendered":"<p>Le terre e gli alimenti, le origini e le unicit\u00e0 delle materie prime e dei prodotti, con le ricette della tradizione, vengono raccontati in anteprima da Sale&amp;Pepe e dalla sua Scuola di Cucina attraverso Sapori e profumi dal mondo, da luned\u00ec 9 febbraio, in \u201cUn Posto a Milano\u201d, il ristorante all\u2019interno di Cascina Cuccagna. Iniziative, &hellip; <a href=\"https:\/\/www.gdapress.it\/it\/index.php\/48857\/expo-2015-2\/sapori-e-profumi-dal-mondo-il-cluster-bio-mediterraneo.html\" class=\"more-link\">Read more <span class=\"screen-reader-text\">Sapori e Profumi dal mondo: il Cluster Bio-Mediterraneo<\/span><\/a><\/p>\n","protected":false},"author":3,"featured_media":0,"comment_status":"closed","ping_status":"open","sticky":false,"template":"","format":"standard","meta":{"footnotes":""},"categories":[12170],"tags":[1455,14647,622,17],"class_list":["post-48857","post","type-post","status-publish","format-standard","hentry","category-expo-2015-2","tag-cascina-cuccagna","tag-cluster-bio-mediterraneo","tag-expo-2015","tag-milano"],"_links":{"self":[{"href":"https:\/\/www.gdapress.it\/it\/index.php\/wp-json\/wp\/v2\/posts\/48857","targetHints":{"allow":["GET"]}}],"collection":[{"href":"https:\/\/www.gdapress.it\/it\/index.php\/wp-json\/wp\/v2\/posts"}],"about":[{"href":"https:\/\/www.gdapress.it\/it\/index.php\/wp-json\/wp\/v2\/types\/post"}],"author":[{"embeddable":true,"href":"https:\/\/www.gdapress.it\/it\/index.php\/wp-json\/wp\/v2\/users\/3"}],"replies":[{"embeddable":true,"href":"https:\/\/www.gdapress.it\/it\/index.php\/wp-json\/wp\/v2\/comments?post=48857"}],"version-history":[{"count":1,"href":"https:\/\/www.gdapress.it\/it\/index.php\/wp-json\/wp\/v2\/posts\/48857\/revisions"}],"predecessor-version":[{"id":48858,"href":"https:\/\/www.gdapress.it\/it\/index.php\/wp-json\/wp\/v2\/posts\/48857\/revisions\/48858"}],"wp:attachment":[{"href":"https:\/\/www.gdapress.it\/it\/index.php\/wp-json\/wp\/v2\/media?parent=48857"}],"wp:term":[{"taxonomy":"category","embeddable":true,"href":"https:\/\/www.gdapress.it\/it\/index.php\/wp-json\/wp\/v2\/categories?post=48857"},{"taxonomy":"post_tag","embeddable":true,"href":"https:\/\/www.gdapress.it\/it\/index.php\/wp-json\/wp\/v2\/tags?post=48857"}],"curies":[{"name":"wp","href":"https:\/\/api.w.org\/{rel}","templated":true}]}}