
{"id":48837,"date":"2015-02-15T18:29:19","date_gmt":"2015-02-15T16:29:19","guid":{"rendered":"http:\/\/www.gdapress.it\/it\/?p=48837"},"modified":"2015-02-15T18:29:19","modified_gmt":"2015-02-15T16:29:19","slug":"exploration-mostra-personale-no-curves","status":"publish","type":"post","link":"https:\/\/www.gdapress.it\/it\/index.php\/48837\/arte\/exploration-mostra-personale-no-curves.html","title":{"rendered":"EXP[L]ORATION  MOSTRA PERSONALE  NO CURVES"},"content":{"rendered":"<p class=\"ecxWW-Predefinito\" align=\"center\"><b><span style=\"font-size: medium;\">DAL 12 FEBBRAIO AL 15 MARZO 2015<\/span><\/b><b><span style=\"font-size: medium;\">\u00a0<\/span><\/b><\/p>\n<p class=\"ecxMsoNormal\" align=\"center\">Museo Nazionale della Scienza e della Tecnologia<\/p>\n<p class=\"ecxWW-Predefinito\" align=\"center\">Via San Vittore 21, Milano<b><\/b><\/p>\n<p class=\"ecxWW-Predefinito\">\u00a0Dal 12 febbraio al 15 marzo 2015 <b>NO CURVES, artista e filosofo del nastro adesivo,<\/b>presenta al pubblico, in collaborazione con il Museo Nazionale della Scienza e Tecnologia Leonardo Da Vinci di Milano, la mostra<b>Exp[l]oration.<\/b><\/p>\n<p class=\"ecxWW-Predefinito\">Un ambizioso progetto espositivo, creato in sintonia con le tematiche e le collezioni del Museo, su cui l&#8217;artista ha lavorato pi\u00f9 di un anno, con oltre una ventina di opere ispirate all&#8217;esplorazione umana tra ritratti e citazioni che vanno a scavare nella storia, nella letteratura, nella cinematografia.<\/p>\n<p class=\"ecxWW-Predefinito\">Ci sar\u00e0 \u201cSpace lies\u201d un trittico che ritrae gli astronauti <i>Neil Armstrong, Michael Collins e Buzz Aldrin, <\/i>ma anche i ritratti di <i>Amelia Earhart, Leonardo Da Vinci, Yuri Gagarin, Valentina Vladimirova Tereskova, Vitale Bramani, Reinold Messner, Felix Baumgartner.<\/i><\/p>\n<p class=\"ecxWW-Predefinito\">\n<p class=\"ecxWW-Predefinito\">Oltre 800mq di esposizione, tra pannelli, installazioni, interventi artistici in alcuni spazi del Museo e sull\u2019enorme sottomarino Toti. Quattro le grandi aree fisiche e concettuali della mostra(terra, acqua, aria e spazio), che si avvale di importanti partnership con i brand leader dell&#8217;energy drink, della moda, del design e servizi di stampa online come <b>Red Bull<\/b>, <b>Tatras<\/b>, <b>Vibram<\/b>, <b>Tucano<\/b> e<b>Pixartprinting<\/b>. Con l\u2019ambizione di rappresentare graficamente, attraverso uno strumento statico come il nastro, l\u2019anima dell\u2019uomo, in continuo movimento.<\/p>\n<p class=\"ecxWW-Predefinito\">\n<p class=\"ecxWW-Predefinito\">Oggi, in un mondo dove l\u2019inesplorato va restringendosi giorno dopo giorno, mappato centimetro per centimetro dai satelliti in orbita attorno alla Terra, l\u2019uomo non ha ancora smesso di provare ad andare oltre i propri confini. L\u2019ultima frontiera \u00e8 il cosmo (\u201cSpazio, ultima frontiera\u201d, come ripeteva la voce narrante all\u2019inizio di ogni episodio di Star Trek), tra quelle stesse stelle che hanno accompagnato il viaggio dell\u2019uomo fin dall\u2019inizio.<\/p>\n<p class=\"ecxWW-Predefinito\">\n<p class=\"ecxWW-Predefinito\">Esplorare il mondo e quel che c\u2019\u00e8 al di fuori di esso, dopotutto, non \u00e8 che un mezzo per esplorare s\u00e9 stessi.<\/p>\n<p class=\"ecxWW-Predefinito\">Nell\u2019anno dell\u2019EXPO, in cui l\u2019attenzione di molti andr\u00e0 al cibo, al nutrirsi, al mangiare, <b>No Curves<\/b> apre il 2015 offrendo cibo per l\u2019anima.<\/p>\n<p class=\"ecxWW-Predefinito\">\n<p class=\"ecxWW-Predefinito\"><b>Performance live sul sottomarino Enrico Toti<\/b><\/p>\n<p class=\"ecxWW-Predefinito\"><i>Un work in progress fino al completamento il 22 febbraio 2015<\/i><\/p>\n<p class=\"ecxWW-Predefinito\">Due le giornate speciali dove l&#8217;artista si render\u00e0 disponibile ai giornalisti o ospiti:<\/p>\n<p class=\"ecxWW-Predefinito\">\u00b7\u00a0\u00a0\u00a0\u00a0\u00a0\u00a0\u00a0\u00a0\u00a0<b>domenica 15 febbraio<\/b> &#8211; Compleanno del Museo<\/p>\n<p class=\"ecxWW-Predefinito\">\u00b7\u00a0\u00a0\u00a0\u00a0\u00a0\u00a0\u00a0\u00a0 <b>sabato 21 febbraio<\/b> in contemporanea con la conclusione del Carnevale Ambrosiano<\/p>\n<p class=\"ecxWW-Predefinito\"><i>NOTA: Salvo imprevisti di tipo atmosferico. In questo caso saranno comunicate le date di presenza giornaliera dell&#8217;artista.<\/i><\/p>\n<p class=\"ecxWW-Predefinito\">\n<p class=\"ecxWW-Predefinito\">Utilizzando esclusivamente i nastri adesivi, strumento che caratterizza la sua arte, NO CURVES realizzer\u00e0 per un paio di settimane un gigantesco murales sulle pareti del TOTI.<\/p>\n<p class=\"ecxWW-Predefinito\">\n<p class=\"ecxWW-Predefinito\">Un evento esclusivo in concomitanza con la sua mostra personale Exp[l]oration presso il\u00a0 Padiglione Aeronavale.<\/p>\n<p class=\"ecxWW-Predefinito\">Un progetto unico al mondo reso possibile dalla partnership culturale con il Museo Nazionale della Scienza e della Tecnologia e con il supporto di\u00a0 prestigiose aziende quali TATRAS, PIXARPRINTING, TESA e PROTAPES.<\/p>\n<p class=\"ecxWW-Predefinito\">\n<p class=\"ecxWW-Predefinito\" align=\"center\"><b>\/\/\/<\/b><\/p>\n<p class=\"ecxWW-Predefinito\">\n<p class=\"ecxWW-Predefinito\"><b>NO CURVES <\/b>\u00e8\u00a0 lo pseudonimo dietro cui si cela un artista specializzato nella tape-art, ovvero l&#8217;arte di disegnare con il nastro adesivo: un prodotto utilizzato in prevalenza come materiale da lavoro, diviene nella mani del creativo uno straordinario elemento artistico e uno strumento per poter indagare nuove frontiere pittoriche, creando un immaginario futuristico fatto di linee spezzate e angoli, che rimanda alle grafiche futuriste e al mondo digitale.<\/p>\n<p class=\"ecxWW-Predefinito\">Tra i massimi esponenti della tape art, \u00e8 noto soprattutto nell\u2019ambiente dell\u2019advertising internazionale per le sue numerose performance al fianco di marchi prestigiosi.<\/p>\n<p class=\"ecxWW-Predefinito\">\n<p class=\"ecxWW-Predefinito\"><b>IL MUSEO NAZIONALE DELLA SCIENZA E DELLA TECNOLOGIA LEONARDO DA VINCI<\/b>, con i suoi 50mila metri quadri di superficie, \u00e8 il pi\u00f9 grande museo tecnico-scientifico in Italia, visitato ogni anno da oltre 400mila persone. Il nome di Leonardo da Vinci lo accompagna fin dall\u2019inaugurazione nel 1953: Leonardo come simbolo della continuit\u00e0 tra la cultura artistica e scientifico-tecnologica. Con i suoi 16mila beni storici &#8211; tecnico-scientifici e artistici &#8211; il Museo persegue molteplici finalit\u00e0, tra cui promuovere, diffondere e rendere accessibile la cultura tecnico-scientifica in tutte le sue forme. Espone l\u2019unico frammento di roccia lunare in Italia, nella nuova area Spazio. Per valorizzare l\u2019esperienza dei visitatori, sperimenta la contaminazione tra diversi linguaggi. \u00c9 impegnato a sviluppare partnership con i principali attori della societ\u00e0.<\/p>\n<p class=\"ecxWW-Predefinito\">\n<p class=\"ecxWW-Predefinito\" align=\"center\"><b><span lang=\"EN-US\">\/\/\/<\/span><\/b><\/p>\n<p class=\"ecxWW-Predefinito\"><span lang=\"EN-US\">\u00a0<\/span><\/p>\n<p class=\"ecxWW-Predefinito\"><b><span lang=\"EN-US\">\u201cEXP(L)ORATION\u201d , NO CURVES solo show<\/span><\/b><\/p>\n<p class=\"ecxWW-Predefinito\">11 Febbraio 2015 ore 18.30: inaugurazione su invito &#8211; ingresso da via Olona 6\/bis<\/p>\n<p class=\"ecxWW-Predefinito\">12 febbraio \u2013 15 marzo 2015:\u00a0 ingresso compreso nel biglietto del Museo<\/p>\n<p class=\"ecxWW-Predefinito\">Museo Nazionale della Scienza e della Tecnologia<\/p>\n<p class=\"ecxWW-Predefinito\">Milano, via San Vittore, 21<\/p>\n<p class=\"ecxWW-Predefinito\"><b>Orari<\/b><\/p>\n<p class=\"ecxWW-Predefinito\">marted\u00ec \u2013 venerd\u00ec: 9.30 &#8211; 17.00<\/p>\n<p class=\"ecxWW-Predefinito\">sabato e festivi: 9.30 &#8211; 18.30<\/p>\n<p class=\"ecxWW-Predefinito\"><b>Biglietti<\/b><\/p>\n<p class=\"ecxWW-Predefinito\">intero 10,00 \u20ac \u2013 ridotto 7,50 \u20ac<\/p>\n<p class=\"ecxWW-Predefinito\">\n<p class=\"ecxWW-Predefinito\"><span lang=\"EN-US\">LINK: <\/span><span lang=\"EN-US\"><a href=\"http:\/\/www.nocurves.ws\/\" target=\"_blank\">www.nocurves.ws<\/a> |<\/span> <span lang=\"EN-US\"><a href=\"http:\/\/www.museoscienza.org\/\" target=\"_blank\">www.museoscienza.org<\/a><\/span><\/p>\n<p class=\"ecxWW-Predefinito\">\n","protected":false},"excerpt":{"rendered":"<p>DAL 12 FEBBRAIO AL 15 MARZO 2015\u00a0 Museo Nazionale della Scienza e della Tecnologia Via San Vittore 21, Milano \u00a0Dal 12 febbraio al 15 marzo 2015 NO CURVES, artista e filosofo del nastro adesivo,presenta al pubblico, in collaborazione con il Museo Nazionale della Scienza e Tecnologia Leonardo Da Vinci di Milano, la mostraExp[l]oration. Un ambizioso &hellip; <a href=\"https:\/\/www.gdapress.it\/it\/index.php\/48837\/arte\/exploration-mostra-personale-no-curves.html\" class=\"more-link\">Read more <span class=\"screen-reader-text\">EXP[L]ORATION  MOSTRA PERSONALE  NO CURVES<\/span><\/a><\/p>\n","protected":false},"author":3,"featured_media":0,"comment_status":"closed","ping_status":"open","sticky":false,"template":"","format":"standard","meta":{"footnotes":""},"categories":[4],"tags":[14643,17,4335],"class_list":["post-48837","post","type-post","status-publish","format-standard","hentry","category-arte","tag-exploration","tag-milano","tag-museo-scienza-tecnologia"],"_links":{"self":[{"href":"https:\/\/www.gdapress.it\/it\/index.php\/wp-json\/wp\/v2\/posts\/48837","targetHints":{"allow":["GET"]}}],"collection":[{"href":"https:\/\/www.gdapress.it\/it\/index.php\/wp-json\/wp\/v2\/posts"}],"about":[{"href":"https:\/\/www.gdapress.it\/it\/index.php\/wp-json\/wp\/v2\/types\/post"}],"author":[{"embeddable":true,"href":"https:\/\/www.gdapress.it\/it\/index.php\/wp-json\/wp\/v2\/users\/3"}],"replies":[{"embeddable":true,"href":"https:\/\/www.gdapress.it\/it\/index.php\/wp-json\/wp\/v2\/comments?post=48837"}],"version-history":[{"count":1,"href":"https:\/\/www.gdapress.it\/it\/index.php\/wp-json\/wp\/v2\/posts\/48837\/revisions"}],"predecessor-version":[{"id":48838,"href":"https:\/\/www.gdapress.it\/it\/index.php\/wp-json\/wp\/v2\/posts\/48837\/revisions\/48838"}],"wp:attachment":[{"href":"https:\/\/www.gdapress.it\/it\/index.php\/wp-json\/wp\/v2\/media?parent=48837"}],"wp:term":[{"taxonomy":"category","embeddable":true,"href":"https:\/\/www.gdapress.it\/it\/index.php\/wp-json\/wp\/v2\/categories?post=48837"},{"taxonomy":"post_tag","embeddable":true,"href":"https:\/\/www.gdapress.it\/it\/index.php\/wp-json\/wp\/v2\/tags?post=48837"}],"curies":[{"name":"wp","href":"https:\/\/api.w.org\/{rel}","templated":true}]}}