
{"id":48760,"date":"2015-01-31T22:49:00","date_gmt":"2015-01-31T20:49:00","guid":{"rendered":"http:\/\/www.gdapress.it\/it\/?p=48760"},"modified":"2015-02-14T22:52:00","modified_gmt":"2015-02-14T20:52:00","slug":"al-via-il-carnevale-di-viareggio-2015","status":"publish","type":"post","link":"https:\/\/www.gdapress.it\/it\/index.php\/48760\/appuntamenti\/al-via-il-carnevale-di-viareggio-2015.html","title":{"rendered":"Al via il CARNEVALE DI VIAREGGIO 2015"},"content":{"rendered":"<p><strong>INIZIA DOMENICA 1 FEBBRAIO IL CARNEVALE DI VIAREGGIO 2015<br \/>\nRENZI, LA MERKEL E PAPA FRANCESCO TRA I PROTAGONISTI DELLA SATIRA<\/strong><\/p>\n<p><em>Sono pronti i giganteschi carri allegorici in cartapesta che sfileranno sui Viali a Mare l\u20191, 8, 15, 22 e 28 febbraio<br \/>\nLa prima sfilata inizier\u00e0 alle ore 15. Al termine lo Spettacolo pirotecnico di apertura<\/em><\/p>\n<p>Inizia domenica , 1 febbraio, il Carnevale di Viareggio 2015. I grandi carri allegorici sfileranno sui Viali a Mare a partire dalle ore 15, le sfilate successive sono in programma l\u20198, 15, 22 e 28 febbraio. Tra i protagonisti della satira dei maghi della cartapesta: il premier Renzi, raffigurato nei panni di Pinocchio, mega robot, illusionista e a cavalcioni della tartaruga delle riforme. La Merkel \u00e8 caricaturata mentre partorisce tanti piccoli \u201crenzini\u201d, Papa Francesco ai fornelli e in braccio a Putin, mentre Berlusconi sogna la scalata al Colle. Ecco come i costruttori viareggini raccontano la situazione politica italiana e internazionale, affrontando anche temi sociali e ambientali, come la violenza sui minori e l&#8217;uccisione degli elefanti per l&#8217;avorio.<\/p>\n<p>I CARRI<br \/>\nSui Viali a mare di Viareggio si potranno ammirare 10 carri di prima categoria, 4 di seconda 9 mascherate in gruppo, 10 maschere isolate. A bordo di ogni carro di prima categoria ballano fino a 250 figuranti in maschera.<\/p>\n<p>Il premier Renzi \u00e8 rappresentato nei modi pi\u00f9 divertenti e satirici. Per Alessandro Avanzini \u00e8 un illusionista in precario equilibrio sulla scheletrica tartaruga Italia, lenta come le riforme. Per Simone Politi e Priscilla Borri \u00e8 Trasformers, o meglio Riformers, mega robot pronto alla rottamazione. Secondo Daniele Chicca \u00e8 Luke Skywalker, anche se dietro la maschera del padre Dart Vader c\u2019\u00e8 Silvio Berlusconi.<br \/>\nTra i protagonisti delle sfilate la Merkel che d\u00e0 alla luce tanti piccoli Renzi. Debutta in cartapesta anche Papa Francesco, ai fornelli della cucina di Expo mentre, secondo Luca Bertozzi, prepara la ricetta giusta. Guardano alla crisi economia i costruttori Gilbert Lebigre e Corinne Roger con il carro \u201cIl grande freddo\u201d, in cui la finanza mondiale congela l\u2019animo degli esseri umani. Il gigantesco elefante dei fratelli Bonetti \u00e8 una denuncia contro lo sterminio per il mercato di frodo dell\u2019avorio.<\/p>\n<p>GLI SPETTACOLI PIROTECNICI<br \/>\nDue i grandi spettacoli pirotecnici sull\u2019arenile di piazza Mazzini. Domenica 1 febbraio, al termine della prima sfilata dei carri, in anteprima mondiale il nuovo spettacolo piromusicale della ditta Morsani di Rieti. Sabato 28 febbraio, al termine della sfilata notturna (che inizier\u00e0 alle ore 18,30) lo spettacolo pirotecnico di chiusura, firmato dalla ditta Mazzone di Orbetello.<\/p>\n<p><strong>GRANDI CORSI MASCHERATI<\/strong><\/p>\n<p><strong>Domenica 1 febbraio \u2013 ore 15<\/strong><br \/>\n1\u00b0 CORSO MASCHERATO<br \/>\nAl termine, in anteprima mondiale il nuovo<br \/>\nGrande Spettacolo piromusicale di Apertura- ditta Morsani di Rieti<\/p>\n<p><strong>Domenica 8 febbraio \u2013 ore 15<\/strong><br \/>\n2\u00b0 CORSO MASCHERATO<\/p>\n<p><strong>Domenica 15 febbraio \u2013 ore 15<\/strong><br \/>\n3\u00b0 CORSO MASCHERATO<\/p>\n<p><strong>Domenica 22 febbraio \u2013 ore 15<\/strong><br \/>\n4\u00b0 CORSO MASCHERATO<\/p>\n<p><strong>Sabato 28 febbraio \u2013 ore 18,30<\/strong><br \/>\n5\u00b0 CORSO MASCHERATO NOTTURNO<br \/>\nAl termine lettura dei verdetti delle giurie<br \/>\nGrande Spettacolo pirotecnico di Chiusura &#8211; ditta Mazzone di Orbetello<\/p>\n","protected":false},"excerpt":{"rendered":"<p>INIZIA DOMENICA 1 FEBBRAIO IL CARNEVALE DI VIAREGGIO 2015 RENZI, LA MERKEL E PAPA FRANCESCO TRA I PROTAGONISTI DELLA SATIRA Sono pronti i giganteschi carri allegorici in cartapesta che sfileranno sui Viali a Mare l\u20191, 8, 15, 22 e 28 febbraio La prima sfilata inizier\u00e0 alle ore 15. Al termine lo Spettacolo pirotecnico di apertura &hellip; <a href=\"https:\/\/www.gdapress.it\/it\/index.php\/48760\/appuntamenti\/al-via-il-carnevale-di-viareggio-2015.html\" class=\"more-link\">Read more <span class=\"screen-reader-text\">Al via il CARNEVALE DI VIAREGGIO 2015<\/span><\/a><\/p>\n","protected":false},"author":3,"featured_media":0,"comment_status":"closed","ping_status":"open","sticky":false,"template":"","format":"standard","meta":{"footnotes":""},"categories":[2245],"tags":[1003,1695],"class_list":["post-48760","post","type-post","status-publish","format-standard","hentry","category-appuntamenti","tag-carnevale","tag-viareggio"],"_links":{"self":[{"href":"https:\/\/www.gdapress.it\/it\/index.php\/wp-json\/wp\/v2\/posts\/48760","targetHints":{"allow":["GET"]}}],"collection":[{"href":"https:\/\/www.gdapress.it\/it\/index.php\/wp-json\/wp\/v2\/posts"}],"about":[{"href":"https:\/\/www.gdapress.it\/it\/index.php\/wp-json\/wp\/v2\/types\/post"}],"author":[{"embeddable":true,"href":"https:\/\/www.gdapress.it\/it\/index.php\/wp-json\/wp\/v2\/users\/3"}],"replies":[{"embeddable":true,"href":"https:\/\/www.gdapress.it\/it\/index.php\/wp-json\/wp\/v2\/comments?post=48760"}],"version-history":[{"count":1,"href":"https:\/\/www.gdapress.it\/it\/index.php\/wp-json\/wp\/v2\/posts\/48760\/revisions"}],"predecessor-version":[{"id":48761,"href":"https:\/\/www.gdapress.it\/it\/index.php\/wp-json\/wp\/v2\/posts\/48760\/revisions\/48761"}],"wp:attachment":[{"href":"https:\/\/www.gdapress.it\/it\/index.php\/wp-json\/wp\/v2\/media?parent=48760"}],"wp:term":[{"taxonomy":"category","embeddable":true,"href":"https:\/\/www.gdapress.it\/it\/index.php\/wp-json\/wp\/v2\/categories?post=48760"},{"taxonomy":"post_tag","embeddable":true,"href":"https:\/\/www.gdapress.it\/it\/index.php\/wp-json\/wp\/v2\/tags?post=48760"}],"curies":[{"name":"wp","href":"https:\/\/api.w.org\/{rel}","templated":true}]}}