
{"id":48683,"date":"2015-02-11T10:39:00","date_gmt":"2015-02-11T08:39:00","guid":{"rendered":"http:\/\/www.gdapress.it\/it\/?p=48683"},"modified":"2015-02-11T10:39:00","modified_gmt":"2015-02-11T08:39:00","slug":"spazio-teatro-nohma-teresa-pomodoro-finge","status":"publish","type":"post","link":"https:\/\/www.gdapress.it\/it\/index.php\/48683\/teatro\/spazio-teatro-nohma-teresa-pomodoro-finge.html","title":{"rendered":"Spazio Teatro NO&#8217;HMA Teresa Pomodoro FINGE"},"content":{"rendered":"<p><a href=\"http:\/\/www.gdapress.it\/it\/..\/public\/it\/2015\/02\/Finge-Teatro-da-Garagem.jpg\"><img loading=\"lazy\" decoding=\"async\" class=\"alignnone size-medium wp-image-48684\" src=\"http:\/\/www.gdapress.it\/it\/..\/public\/it\/2015\/02\/Finge-Teatro-da-Garagem-300x225.jpg\" alt=\"Finge - Teatro da Garagem\" width=\"300\" height=\"225\" srcset=\"https:\/\/www.gdapress.it\/it\/..\/public\/it\/2015\/02\/Finge-Teatro-da-Garagem-300x225.jpg 300w, https:\/\/www.gdapress.it\/it\/..\/public\/it\/2015\/02\/Finge-Teatro-da-Garagem-500x375.jpg 500w, https:\/\/www.gdapress.it\/it\/..\/public\/it\/2015\/02\/Finge-Teatro-da-Garagem-900x676.jpg 900w, https:\/\/www.gdapress.it\/it\/..\/public\/it\/2015\/02\/Finge-Teatro-da-Garagem.jpg 1024w\" sizes=\"auto, (max-width: 300px) 100vw, 300px\" \/><\/a><\/p>\n<p>Spazio Teatro NO&#8217;HMA Teresa Pomodoro<\/p>\n<p><strong>\u00a0<\/strong><strong>11-12 febbraio<\/strong><\/p>\n<p><strong>ore 21.00<\/strong><\/p>\n<p>Teatro Da Garagem<\/p>\n<p><strong>FINGE<\/strong><\/p>\n<p>(PRETEND)<\/p>\n<p><strong>testo, messa in scena e regia<\/strong> Carlos J. Pessoa<\/p>\n<p><strong>con<\/strong> Ana Palma, Beatriz Godinho , Francisca Moura, Ivo Melo, Maria Jo\u00e3o Vicente, Miguel Mendes, Nuno Nolasco, Nuno Pinheiro<\/p>\n<p><strong>\u00a0<\/strong><\/p>\n<p>Continua la stagione internazionale dello Spazio Teatro NO\u2019HMA Teresa Pomodoro, con compagnie soprattutto straniere che si succederanno per 12 mesi in occasione dell\u2019anno dell\u2019Expo, tutte concorrenti del Premio <em>Il Teatro Nudo di Teresa Pomodoro<\/em>.<\/p>\n<p>&nbsp;<\/p>\n<p>Dopo la Cina di <em>TONG MENG G <\/em>(dicembre), e il Senegal di <em>Opera LAMB<\/em> (gennaio), mercoled\u00ec 11 e gioved\u00ec 12 febbraio \u00e8 la volta del Portogallo con lo straordinario lavoro del Teatro Da Garagem, storica compagnia della scena lusitana attiva a Lisbona da oltre 25 anni.<\/p>\n<p>Carlos J. Pessoa scrive e dirige <em>FINGE<\/em> per un cast affiatato di otto attrici ed attori, che si muovono sul\u00a0 doppio binario della fantasia e del ricordo svolgendo davanti agli occhi dello spettatore le dure ma\u00a0 umanissime vicende dell\u2019amore, stretto dalle circostanze di un\u2019esistenza quotidiana ai limiti dell\u2019emarginazione sociale.<\/p>\n<p>&nbsp;<\/p>\n<p>Uno spettacolo crudo, ma dalla grande forza poetica, che dimostra come il teatro sia ancora e sempre capace di capovolgere le prospettive pi\u00f9 oscure attraverso la potenza della parola e della sua invincibile semplicit\u00e0.<\/p>\n<p>&nbsp;<\/p>\n<p>Nel lungo viaggio che lo condurr\u00e0 in giro per il mondo (dalla Russia ad Israele, dall\u2019Albania al Giappone) in questa stagione internazionale di NO\u2019HMA, il pubblico \u00e8 fornito di uno speciale \u2018Passaporto per la cultura\u2019 da timbrare all\u2019ingresso e all\u2019uscita di ogni spettacolo, contenente una scheda con i titoli in concorso: ogni spettatore potr\u00e0 cos\u00ec esprimere il proprio giudizio riguardo al singolo spettacolo contribuendo, insieme alla prestigiosa giuria di esperti internazionali, a stabilire il vincitore di questa 6\u00b0 edizione de <em>Il Teatro Nudo di Teresa Pomodoro<\/em>.<\/p>\n<p>&nbsp;<\/p>\n<p><strong>Ingresso gratuito fino ad esaurimento posti<\/strong><strong><br \/>\nSi consiglia la prenotazione tramite telefono o mail<\/strong><\/p>\n<p><strong>0245485085\/ 0226688369 &#8211; <a href=\"mailto:nohma@nohma.it\">nohma@nohma.it<\/a><\/strong><\/p>\n<p><strong>Spazio Teatro NO\u2019HMA Teresa Pomodoro<\/strong><strong><br \/>\nVia Andrea Orcagna 2, Milano, <\/strong><\/p>\n<p><strong>www.nohma.it<\/strong><\/p>\n","protected":false},"excerpt":{"rendered":"<p>Spazio Teatro NO&#8217;HMA Teresa Pomodoro \u00a011-12 febbraio ore 21.00 Teatro Da Garagem FINGE (PRETEND) testo, messa in scena e regia Carlos J. Pessoa con Ana Palma, Beatriz Godinho , Francisca Moura, Ivo Melo, Maria Jo\u00e3o Vicente, Miguel Mendes, Nuno Nolasco, Nuno Pinheiro \u00a0 Continua la stagione internazionale dello Spazio Teatro NO\u2019HMA Teresa Pomodoro, con compagnie &hellip; <a href=\"https:\/\/www.gdapress.it\/it\/index.php\/48683\/teatro\/spazio-teatro-nohma-teresa-pomodoro-finge.html\" class=\"more-link\">Read more <span class=\"screen-reader-text\">Spazio Teatro NO&#8217;HMA Teresa Pomodoro FINGE<\/span><\/a><\/p>\n","protected":false},"author":3,"featured_media":0,"comment_status":"closed","ping_status":"open","sticky":false,"template":"","format":"standard","meta":{"footnotes":""},"categories":[1],"tags":[14595,438,142],"class_list":["post-48683","post","type-post","status-publish","format-standard","hentry","category-teatro","tag-finge","tag-spazio-teatro-nohma","tag-teresa-pomodoro"],"_links":{"self":[{"href":"https:\/\/www.gdapress.it\/it\/index.php\/wp-json\/wp\/v2\/posts\/48683","targetHints":{"allow":["GET"]}}],"collection":[{"href":"https:\/\/www.gdapress.it\/it\/index.php\/wp-json\/wp\/v2\/posts"}],"about":[{"href":"https:\/\/www.gdapress.it\/it\/index.php\/wp-json\/wp\/v2\/types\/post"}],"author":[{"embeddable":true,"href":"https:\/\/www.gdapress.it\/it\/index.php\/wp-json\/wp\/v2\/users\/3"}],"replies":[{"embeddable":true,"href":"https:\/\/www.gdapress.it\/it\/index.php\/wp-json\/wp\/v2\/comments?post=48683"}],"version-history":[{"count":1,"href":"https:\/\/www.gdapress.it\/it\/index.php\/wp-json\/wp\/v2\/posts\/48683\/revisions"}],"predecessor-version":[{"id":48685,"href":"https:\/\/www.gdapress.it\/it\/index.php\/wp-json\/wp\/v2\/posts\/48683\/revisions\/48685"}],"wp:attachment":[{"href":"https:\/\/www.gdapress.it\/it\/index.php\/wp-json\/wp\/v2\/media?parent=48683"}],"wp:term":[{"taxonomy":"category","embeddable":true,"href":"https:\/\/www.gdapress.it\/it\/index.php\/wp-json\/wp\/v2\/categories?post=48683"},{"taxonomy":"post_tag","embeddable":true,"href":"https:\/\/www.gdapress.it\/it\/index.php\/wp-json\/wp\/v2\/tags?post=48683"}],"curies":[{"name":"wp","href":"https:\/\/api.w.org\/{rel}","templated":true}]}}