
{"id":48594,"date":"2015-02-09T01:09:34","date_gmt":"2015-02-08T23:09:34","guid":{"rendered":"http:\/\/www.gdapress.it\/it\/?p=48594"},"modified":"2015-02-09T01:09:34","modified_gmt":"2015-02-08T23:09:34","slug":"dainese-presenta-la-nuova-gamma-jeans-2015","status":"publish","type":"post","link":"https:\/\/www.gdapress.it\/it\/index.php\/48594\/costume\/dainese-presenta-la-nuova-gamma-jeans-2015.html","title":{"rendered":"DAINESE PRESENTA LA NUOVA GAMMA JEANS 2015"},"content":{"rendered":"<p><a href=\"http:\/\/www.gdapress.it\/it\/..\/public\/it\/2015\/02\/DAINESE_SS2015_SUNVILLE-SKINNY_DENIM-BLU_FRONT.jpg\"><img loading=\"lazy\" decoding=\"async\" class=\"alignnone size-medium wp-image-48595\" src=\"http:\/\/www.gdapress.it\/it\/..\/public\/it\/2015\/02\/DAINESE_SS2015_SUNVILLE-SKINNY_DENIM-BLU_FRONT-199x300.jpg\" alt=\"DAINESE_SS2015_SUNVILLE SKINNY_DENIM BLU_FRONT\" width=\"199\" height=\"300\" srcset=\"https:\/\/www.gdapress.it\/it\/..\/public\/it\/2015\/02\/DAINESE_SS2015_SUNVILLE-SKINNY_DENIM-BLU_FRONT-199x300.jpg 199w, https:\/\/www.gdapress.it\/it\/..\/public\/it\/2015\/02\/DAINESE_SS2015_SUNVILLE-SKINNY_DENIM-BLU_FRONT.jpg 223w\" sizes=\"auto, (max-width: 199px) 100vw, 199px\" \/><\/a>\u00a0<a href=\"http:\/\/www.gdapress.it\/it\/..\/public\/it\/2015\/02\/DAINESE_SS2015_KATEVILLE-SLIM-REGULAR-LADY_FRONT.jpg\"><img loading=\"lazy\" decoding=\"async\" class=\"alignnone size-medium wp-image-48596\" src=\"http:\/\/www.gdapress.it\/it\/..\/public\/it\/2015\/02\/DAINESE_SS2015_KATEVILLE-SLIM-REGULAR-LADY_FRONT-180x300.jpg\" alt=\"DAINESE_SS2015_KATEVILLE SLIM-REGULAR LADY_FRONT\" width=\"180\" height=\"300\" srcset=\"https:\/\/www.gdapress.it\/it\/..\/public\/it\/2015\/02\/DAINESE_SS2015_KATEVILLE-SLIM-REGULAR-LADY_FRONT-180x300.jpg 180w, https:\/\/www.gdapress.it\/it\/..\/public\/it\/2015\/02\/DAINESE_SS2015_KATEVILLE-SLIM-REGULAR-LADY_FRONT.jpg 202w\" sizes=\"auto, (max-width: 180px) 100vw, 180px\" \/><\/a>\u00a0<a href=\"http:\/\/www.gdapress.it\/it\/..\/public\/it\/2015\/02\/DAINESE_SS2015_WASHVILLE-SLIM_DENIM-CHIARO_FRONT.jpg\"><img loading=\"lazy\" decoding=\"async\" class=\"alignnone size-medium wp-image-48597\" src=\"http:\/\/www.gdapress.it\/it\/..\/public\/it\/2015\/02\/DAINESE_SS2015_WASHVILLE-SLIM_DENIM-CHIARO_FRONT-152x300.jpg\" alt=\"DAINESE_SS2015_WASHVILLE SLIM_DENIM CHIARO_FRONT\" width=\"152\" height=\"300\" srcset=\"https:\/\/www.gdapress.it\/it\/..\/public\/it\/2015\/02\/DAINESE_SS2015_WASHVILLE-SLIM_DENIM-CHIARO_FRONT-152x300.jpg 152w, https:\/\/www.gdapress.it\/it\/..\/public\/it\/2015\/02\/DAINESE_SS2015_WASHVILLE-SLIM_DENIM-CHIARO_FRONT.jpg 170w\" sizes=\"auto, (max-width: 152px) 100vw, 152px\" \/><\/a><\/p>\n<p>Il jeans, capo casual per eccellenza, ha subito dalla sua nascita numerose trasformazioni: da abito da lavoro \u00e8 passato ad essere re delle collezioni del pr\u00eat-a-porter e, negli ultimi anni, \u00e8 entrato a far parte del guardaroba dei motociclisti. Nel 2010 Dainese \u00e8 stata una delle prime aziende a rendere il jeans un capo tecnico e ora, nel 2015, il marchio vicentino \u2013 sempre attento alle esigenze del rider moderno \u2013 ha deciso di creare un\u2019intera collezione dedicata solo al denim, 100% made in Italy.<\/p>\n<p>10 modelli, quattro tipi di vestibilit\u00e0 e colorazioni particolari con effetti washed, used o rinsed rendono la gamma jeans Dainese un must have per tutti i motociclisti che vogliono essere comodi e alla moda senza dimenticare la sicurezza, marchio di fabbrica del brand. Ogni capo \u00e8 dotato di caratteristiche tecniche come la fodera interna rinforzata in fibra DuPontTM Kevlar\u00ae e inserti rifrangenti che lo rendono non solo bello da indossare, ma anche sicuro per qualsiasi viaggio in moto.<\/p>\n<h1>D1 EVO<\/h1>\n<p>Tessuto denim con filato in fibra aramidica\u2028Rinforzi interni con maglina in fibra DuPontTM KEVLAR\u00ae<\/p>\n<p>Protezioni sulle ginocchia modulabili Pro-Shape: protettori morbidi certificati secondo la norma EN 1621.1<\/p>\n<p>Predisposizione Pro-Shape sui fianchi\u2028Inserti rifrangenti\u2028Zip per rimuovere le protezioni sulle ginocchia Predisposizione per ghetta sotto piede<\/p>\n<h2>T16 DENIM-ARAMIDICO NERO STONE WASH TREATMENT<\/h2>\n<h1>D1 PRED EVO<\/h1>\n<p>Tessuto denim con filato in fibra aramidica\u2028Rinforzi interni con maglina in fibra DuPontTM KEVLAR\u00ae Predisposizione protezioni rigide Kit J E1 Predisposizione Pro-Shape sui fianchi\u2028Inserti rifrangenti\u2028Zip per rimuovere le protezioni sulle ginocchia Predisposizione per ghetta sotto piede<\/p>\n<h2>T16 DENIM-ARAMIDICO NERO STONE WASH TREATMENT<\/h2>\n<p>BONNEVILLE SLIM\/REG.<\/p>\n<h3>Rinforzi interni con maglina in fibra DuPontTM KEVLAR\u00ae<\/h3>\n<p>Protezioni sule ginocchia modulabili Pro-Shape: protettori morbidi certificati secondo la norma EN 1621.1<\/p>\n<p>Predisposizione Pro-Shape sui fianchi Inserti rifrangenti\u2028Predisposizione per ghetta sotto piede<\/p>\n<p>T19 DENIM-MEDIO STONE BLEACHED USED<\/p>\n<p>T46 DENIM-SCURO 3D WASHED<\/p>\n<p>PRATTVILLE \/REGULAR<\/p>\n<h3>Rinforzi interni con maglina in fibra DuPontTM KEVLAR\u00ae<\/h3>\n<p>Predisposizione Pro-shape sulle ginocchia Inserti rifrangenti\u2028Predisposizione per ghetta sotto piede<\/p>\n<p>T19 DENIM-MEDIO SUPER STONE WASHED<\/p>\n<p>T46 DENIM-SCURO RINSED<\/p>\n<p>WASHVILLE \/SLIM<\/p>\n<h3>Rinforzi interni con maglina in fibra DuPontTM KEVLAR\u00ae<\/h3>\n<p>Predisposizione Pro-shape sulle ginocchia Inserti catarifrangenti\u2028Predisposizione per ghetta sotto piede<\/p>\n<p>T46 DENIM-SCURO STONE WASHED<\/p>\n<p>T47 DENIM-CHIARO STONE BLEACHED USED<\/p>\n<p>SUNVILLE \/SKINNY<\/p>\n<p>Rinforzi interni con maglina in fibra DuPontTM KEVLAR\u00ae<\/p>\n<p>Stretch denim Inserti rifrangenti<\/p>\n<p>T17 DENIM-BLU SUPER S\/WASHED<\/p>\n<p>T18 DENIM-NERO SUPER S\/WASHED<\/p>\n<p><a href=\"http:\/\/www.dainese.com\/\">www.dainese.com<\/a><\/p>\n<p>&nbsp;<\/p>\n<p>&nbsp;<\/p>\n","protected":false},"excerpt":{"rendered":"<p>\u00a0\u00a0 Il jeans, capo casual per eccellenza, ha subito dalla sua nascita numerose trasformazioni: da abito da lavoro \u00e8 passato ad essere re delle collezioni del pr\u00eat-a-porter e, negli ultimi anni, \u00e8 entrato a far parte del guardaroba dei motociclisti. Nel 2010 Dainese \u00e8 stata una delle prime aziende a rendere il jeans un capo &hellip; <a href=\"https:\/\/www.gdapress.it\/it\/index.php\/48594\/costume\/dainese-presenta-la-nuova-gamma-jeans-2015.html\" class=\"more-link\">Read more <span class=\"screen-reader-text\">DAINESE PRESENTA LA NUOVA GAMMA JEANS 2015<\/span><\/a><\/p>\n","protected":false},"author":3,"featured_media":0,"comment_status":"closed","ping_status":"open","sticky":false,"template":"","format":"standard","meta":{"footnotes":""},"categories":[2244],"tags":[17459,14566,14567],"class_list":["post-48594","post","type-post","status-publish","format-standard","hentry","category-costume","tag-costume","tag-dainese","tag-jeans-2015"],"_links":{"self":[{"href":"https:\/\/www.gdapress.it\/it\/index.php\/wp-json\/wp\/v2\/posts\/48594","targetHints":{"allow":["GET"]}}],"collection":[{"href":"https:\/\/www.gdapress.it\/it\/index.php\/wp-json\/wp\/v2\/posts"}],"about":[{"href":"https:\/\/www.gdapress.it\/it\/index.php\/wp-json\/wp\/v2\/types\/post"}],"author":[{"embeddable":true,"href":"https:\/\/www.gdapress.it\/it\/index.php\/wp-json\/wp\/v2\/users\/3"}],"replies":[{"embeddable":true,"href":"https:\/\/www.gdapress.it\/it\/index.php\/wp-json\/wp\/v2\/comments?post=48594"}],"version-history":[{"count":1,"href":"https:\/\/www.gdapress.it\/it\/index.php\/wp-json\/wp\/v2\/posts\/48594\/revisions"}],"predecessor-version":[{"id":48598,"href":"https:\/\/www.gdapress.it\/it\/index.php\/wp-json\/wp\/v2\/posts\/48594\/revisions\/48598"}],"wp:attachment":[{"href":"https:\/\/www.gdapress.it\/it\/index.php\/wp-json\/wp\/v2\/media?parent=48594"}],"wp:term":[{"taxonomy":"category","embeddable":true,"href":"https:\/\/www.gdapress.it\/it\/index.php\/wp-json\/wp\/v2\/categories?post=48594"},{"taxonomy":"post_tag","embeddable":true,"href":"https:\/\/www.gdapress.it\/it\/index.php\/wp-json\/wp\/v2\/tags?post=48594"}],"curies":[{"name":"wp","href":"https:\/\/api.w.org\/{rel}","templated":true}]}}