
{"id":48534,"date":"2015-02-07T01:26:33","date_gmt":"2015-02-06T23:26:33","guid":{"rendered":"http:\/\/www.gdapress.it\/it\/?p=48534"},"modified":"2015-02-07T01:26:33","modified_gmt":"2015-02-06T23:26:33","slug":"le-idee-di-expo-verso-la-carta-di-milano","status":"publish","type":"post","link":"https:\/\/www.gdapress.it\/it\/index.php\/48534\/expo-2015-2\/le-idee-di-expo-verso-la-carta-di-milano.html","title":{"rendered":"Le idee di Expo verso la Carta di Milano"},"content":{"rendered":"<div><strong>Sabato 7 febbraio<\/strong> all\u2019Hangar Bicocca si svolge una giornata di lavoro dedicata alle \u201cIdee di Expo\u201d, organizzata dal Ministero delle politiche agricole in collaborazione con Expo Milano 2015. Attesi il Presidente del Consiglio <strong>Matteo Renzi<\/strong>, un collegamento con l&#8217;ex presidente del Brasile <strong>Lula da Silva<\/strong> e una straordinaria riflessione di <strong>Papa Francesco<\/strong> sul diritto al cibo e sulla tutela della terra. L\u2019incontro sar\u00e0 un dialogo a pi\u00f9 voci che verter\u00e0 sulle questioni nodali della prossima Esposizione Universale, legate al Tema Nutrire il Pianeta, Energia per la Vita. \u201cSar\u00e0 una giornata di lavoro intensa, mai realizzata\u201d afferma il Ministro delle politiche agricole alimentari e forestali con delega per Expo 2015, <strong><a href=\"http:\/\/magazine.expo2015.org\/cs\/Exponet\/it\/sostenibilita\/expo-delle-idee-verso-la-carta-di-milano--da-qui-inizia-l-impegno-per-un-cibo-sano--sicuro-e-per-tutti\" target=\"_blank\">Maurizio Martina nell\u2019intervista pubblicata su ExpoNet, il magazine di Expo Milano 2015<\/a><\/strong>. \u201cOltre 40 tavoli tematici, a cui parteciperanno pi\u00f9 di 500 esperti, avranno il compito di approfondire tutti i temi espositivi, seguendo in particolare quattro percorsi: le dimensioni dello sviluppo tra equit\u00e0 e sostenibilit\u00e0, cultura del cibo energia per vivere insieme, agricoltura alimenti e salute per un futuro sostenibile, la citt\u00e0 umana futuri possibili tra smart e slow city. Raccoglieremo cos\u00ec analisi e proposte utili per la redazione della Carta di Milano: l&#8217;atto d&#8217;impegno che l&#8217;Italia proporr\u00e0 al mondo grazie a Expo Milano 2015.\u201d <strong>Su questa pagina dalle ore 10.00 \u00e8 possibile seguire la diretta in streaming della giornata.<\/strong><\/div>\n<div><\/div>\n<div><\/div>\n<div><\/div>\n<div>Con Le idee di Expo saranno, infatti, gettate le basi della <a href=\"http:\/\/www.expo2015.org\/it\/a-100-giorni-di-distanza-dall-esposizione-universale-presentato-l-evento-expo-delle-idee-in-programma-il-7-febbraio-\" target=\"_self\"><strong>Carta di Milano<\/strong>, prima grande eredit\u00e0 e anima di questa Esposizione Universale<\/a>, un protocollo che vedr\u00e0 protagonisti, per la prima volta, cittadini, Istituzioni, imprese, associazioni, mondo accademico e l&#8217;intero sistema delle organizzazioni internazionali. Tutti potranno sottoscrivere la Carta, che sar\u00e0 consegnata ad ottobre al Segretario generale dell\u2019Onu, <strong>Ban Ki-moon<\/strong>, collegando cos\u00ec il semestre di Expo al fondamentale appuntamento degli <strong>Obiettivi del Millennio<\/strong>. Sono previsti i messaggi di <strong>Ermanno Olmi<\/strong> e di<strong>Federica Mogherini<\/strong>.<\/div>\n<div>\n<strong>Il programma della giornata<\/strong><\/p>\n<p>ore 10:00 &#8211; Apertura dei lavori<br \/>\nore 12:00 &#8211; Prima sessione plenaria &#8211; intervento <strong>Papa Francesco<\/strong><br \/>\nore 13:30 &#8211; Pausa lavori<br \/>\nore 14:30 &#8211; Ripresa dei lavori<br \/>\nore 16:00 &#8211; Seconda sessione plenaria, conclusioni del Premier <strong>Matteo Renzi<\/strong><\/div>\n<div><\/div>\n<div><strong>I tavoli tematici<\/strong><\/div>\n<div><\/div>\n<div>Tavolo 1: <a href=\"https:\/\/infogr.am\/il_mondo_che_ha_fame_vecchi_e_nuovi_poveri_e_diritto_al_cibo\" target=\"_blank\">Il Mondo che ha fame: vecchi e nuovi poveri e diritto al cibo<\/a><\/p>\n<div>Tavolo 2: <a href=\"https:\/\/infogr.am\/_\/Gxz6zihcJEIeKB6ERpVj\" target=\"_blank\">Fino all\u2019ultima goccia d\u2019acqua<\/a><\/div>\n<p>Tavolo 3: <a href=\"https:\/\/infogr.am\/la_nostra_madre_terra\" target=\"_blank\">La Nostra Madre Terra<\/a><\/p>\n<div>Tavolo 4: <a href=\"https:\/\/infogr.am\/sviluppo_sostenibile_modelli_a_confronto\" target=\"_blank\">Sviluppo Sostenibile: modelli a confronto<\/a><\/div>\n<p>Tavolo 5: <a href=\"https:\/\/infogr.am\/una_casa_per_la_societa_civile_cascina_triulza\" target=\"_blank\">Una casa per la societ\u00e0 civile: Cascina Triulza<\/a><\/p>\n<div>Tavolo 6: <a href=\"https:\/\/infogr.am\/ricettivita_e_turismo_obiettivo_20_milioni_di_visitatori\" target=\"_blank\">Ricettivit\u00e0 e Turismo: obiettivo 20 milioni di visitatori<\/a><\/div>\n<p>Tavolo 7: <a href=\"https:\/\/infogr.am\/unoccasioneunica_per_lavoro_e_imprese\" target=\"_blank\">Un\u2019occasione unica per lavoro e imprese<\/a><\/p>\n<div>Tavolo 8: <a href=\"https:\/\/infogr.am\/quota_50_miliardi_lexport_dellagroalimentare_italiano\" target=\"_blank\">Quota 50 miliardi: l\u2019export dell\u2019agroalimentare italiano<\/a><\/div>\n<p>Tavolo 9: <a href=\"https:\/\/infogr.am\/la_lotta_alla_contraffazione\" target=\"_blank\">La lotta alla contraffazione<\/a><\/p>\n<div>Tavolo 10: <a href=\"https:\/\/infogr.am\/agromafie-2554198\" target=\"_blank\">Agromafie<\/a><\/div>\n<p>Tavolo 11: <a href=\"https:\/\/infogr.am\/la_sfida_delle_indicazioni_geografiche\" target=\"_blank\">La sfida delle indicazioni geografiche<\/a><\/p>\n<div>Tavolo 12: <a href=\"https:\/\/infogr.am\/evento_e_politiche_culturali\" target=\"_blank\">Expo 2015: la cultura come seme per l\u2019et\u00e0 della conoscenza<\/a><\/div>\n<p>Tavolo 13: <a href=\"https:\/\/infogr.am\/patrimonio_unesco_dalla_dieta_mediterranea_agli_stili_di_vita\" target=\"_blank\">Patrimonio Unesco: dalla Dieta Mediterranea agli stili di vita<\/a><\/p>\n<div>Tavolo 14: <a href=\"https:\/\/infogr.am\/educazione_alimentare_un_investimento_per_il_futuro\" target=\"_blank\">Educazione alimentare: un investimento per il futuro<\/a><\/div>\n<p>Tavolo 15: <a href=\"https:\/\/infogr.am\/vietato_sprecare\" target=\"_blank\">Vietato sprecare<\/a><\/p>\n<div>Tavolo 16: <a href=\"https:\/\/infogr.am\/aggiungi_un_posto_a_tavola_la_ristorazione_di_domani\" target=\"_blank\">Aggiungi un posto a tavola: la ristorazione di domani<\/a><\/div>\n<p>Tavolo 17: <a href=\"https:\/\/infogr.am\/we___women_for_expo\" target=\"_blank\">WE \u2013 Women for Expo<\/a><\/p>\n<div>Tavolo 18: <a href=\"https:\/\/infogr.am\/il_cibo_dello_spirito\" target=\"_blank\">Il cibo dello spirito<\/a><\/div>\n<p>Tavolo 19: <a href=\"https:\/\/infogr.am\/cibo_sport_e_benessere\" target=\"_blank\">Cibo, sport e benessere<\/a><\/p>\n<div>Tavolo 20: <a href=\"https:\/\/infogr.am\/un_incrocio_di_culture_le_comunita_straniere_ad_expo_2015\" target=\"_blank\">Un incrocio di culture: le comunit\u00e0 straniere ad Expo 2015<\/a><\/div>\n<p>Tavolo 21: <a href=\"https:\/\/infogr.am\/il_padiglione_italia_il_paese_in_vetrina\" target=\"_blank\">Il Padiglione Italia: il Paese in vetrina<\/a><\/p>\n<div>Tavolo 22: <a href=\"https:\/\/infogr.am\/i_paesi_partecipanti_unagenda_internazionale\" target=\"_blank\">I Paesi partecipanti: un\u2019agenda internazionale<\/a><\/div>\n<p>Tavolo 23: <a href=\"https:\/\/infogr.am\/i_cluster_un_modello_innovativo\" target=\"_blank\">I Cluster: un modello innovativo<\/a><\/p>\n<div>Tavolo 24: <a href=\"https:\/\/infogr.am\/la_cooperazione_internazionale_allo_sviluppo\" target=\"_blank\">La Cooperazione Internazionale allo Sviluppo<\/a><\/div>\n<p>Tavolo 25: <a href=\"https:\/\/infogr.am\/la_biodiversita_salvera_il_mondo\" target=\"_blank\">La biodiversit\u00e0 salver\u00e0 il mondo<\/a><\/p>\n<div>Tavolo 26: <a href=\"https:\/\/infogr.am\/mondo_obeso_e_malnutrito_salute_malattie_e_disturbi_alimentari\" target=\"_blank\">Mondo obeso e malnutrito: salute, malattie e disturbi alimentari<\/a><\/div>\n<p>Tavolo 27: <a href=\"https:\/\/infogr.am\/sai_cosa_mangi_la_sicurezza_alimentare\" target=\"_blank\">Sai cosa mangi? La sicurezza alimentare<\/a><\/p>\n<div>Tavolo 28: <a href=\"https:\/\/infogr.am\/mare_magnum-42882\" target=\"_blank\">Mare Magnum<\/a><\/div>\n<p>Tavolo 29: <a href=\"https:\/\/infogr.am\/la_ricerca_in_campo_agroalimentare\" target=\"_blank\">La ricerca in campo agroalimentare<\/a><\/p>\n<div>Tavolo 30: <a href=\"https:\/\/infogr.am\/agrilab_innovazione_in_agricoltura\" target=\"_blank\">AgriLAB: Innovazione in agricoltura<\/a><\/div>\n<p>Tavolo 31: <a href=\"https:\/\/infogr.am\/la_logistica_del_cibo\" target=\"_blank\">La logistica del cibo<\/a><\/p>\n<div>Tavolo 32: <a href=\"https:\/\/infogr.am\/milano_la_citta_che_ospita_lexpo\" target=\"_blank\">Milano, la citt\u00e0 che ospita l\u2019Expo<\/a><\/div>\n<p>Tavolo 33: <a href=\"https:\/\/infogr.am\/regione_lombardia_terra_dellexpo\" target=\"_blank\">Regione Lombardia, terra dell\u2019Expo<\/a><\/p>\n<div>Tavolo 34: <a href=\"https:\/\/infogr.am\/i_territori_in_expo\" target=\"_blank\">I Territori in Expo<\/a><\/div>\n<p>Tavolo 35: <a href=\"https:\/\/infogr.am\/la_citta_nella_citta\" target=\"_blank\">La citt\u00e0 nella citt\u00e0<\/a><\/p>\n<div>Tavolo 36: <a href=\"https:\/\/infogr.am\/expo_una_smart_city_che_guarda_al_futuro\" target=\"_blank\">Expo: una smart city che guarda al futuro<\/a><\/div>\n<p>Tavolo 37: Per un\u2019Esposizione Universale sostenibile<\/p>\n<div>Tavolo 38: <a href=\"https:\/\/infogr.am\/open_expo-2691345\" target=\"_blank\">Open Expo<\/a><\/div>\n<p>Tavolo 39: <a href=\"https:\/\/infogr.am\/legalita_un_valore_non_noegoziabile_un_best_practise_per_il_futuro\" target=\"_blank\">Legalit\u00e0: un valore non negoziabile. Un best practise per il futuro<\/a><\/p>\n<div>Tavolo 40: <a href=\"https:\/\/infogr.am\/post_expo_che_fare\" target=\"_blank\">Post Expo: che fare?<\/a><\/div>\n<p>Tavolo 41: <a href=\"https:\/\/infogr.am\/1_novembre_2015_leredita_politica_di_expo_2015\" target=\"_blank\">1 novembre 2015: l\u2019eredit\u00e0 politica di Expo 2015<\/a><\/p>\n<div>Tavolo 42: <a href=\"https:\/\/infogr.am\/guerra_alla_poverta\" target=\"_blank\">Guerra alla povert\u00e0<\/a><\/div>\n<\/div>\n<div>\u00a0www.expo2015.org<\/div>\n","protected":false},"excerpt":{"rendered":"<p>Sabato 7 febbraio all\u2019Hangar Bicocca si svolge una giornata di lavoro dedicata alle \u201cIdee di Expo\u201d, organizzata dal Ministero delle politiche agricole in collaborazione con Expo Milano 2015. Attesi il Presidente del Consiglio Matteo Renzi, un collegamento con l&#8217;ex presidente del Brasile Lula da Silva e una straordinaria riflessione di Papa Francesco sul diritto al &hellip; <a href=\"https:\/\/www.gdapress.it\/it\/index.php\/48534\/expo-2015-2\/le-idee-di-expo-verso-la-carta-di-milano.html\" class=\"more-link\">Read more <span class=\"screen-reader-text\">Le idee di Expo verso la Carta di Milano<\/span><\/a><\/p>\n","protected":false},"author":3,"featured_media":0,"comment_status":"closed","ping_status":"open","sticky":false,"template":"","format":"standard","meta":{"footnotes":""},"categories":[12170],"tags":[9848,1431,17],"class_list":["post-48534","post","type-post","status-publish","format-standard","hentry","category-expo-2015-2","tag-expo2015","tag-hangar-bicocca","tag-milano"],"_links":{"self":[{"href":"https:\/\/www.gdapress.it\/it\/index.php\/wp-json\/wp\/v2\/posts\/48534","targetHints":{"allow":["GET"]}}],"collection":[{"href":"https:\/\/www.gdapress.it\/it\/index.php\/wp-json\/wp\/v2\/posts"}],"about":[{"href":"https:\/\/www.gdapress.it\/it\/index.php\/wp-json\/wp\/v2\/types\/post"}],"author":[{"embeddable":true,"href":"https:\/\/www.gdapress.it\/it\/index.php\/wp-json\/wp\/v2\/users\/3"}],"replies":[{"embeddable":true,"href":"https:\/\/www.gdapress.it\/it\/index.php\/wp-json\/wp\/v2\/comments?post=48534"}],"version-history":[{"count":1,"href":"https:\/\/www.gdapress.it\/it\/index.php\/wp-json\/wp\/v2\/posts\/48534\/revisions"}],"predecessor-version":[{"id":48535,"href":"https:\/\/www.gdapress.it\/it\/index.php\/wp-json\/wp\/v2\/posts\/48534\/revisions\/48535"}],"wp:attachment":[{"href":"https:\/\/www.gdapress.it\/it\/index.php\/wp-json\/wp\/v2\/media?parent=48534"}],"wp:term":[{"taxonomy":"category","embeddable":true,"href":"https:\/\/www.gdapress.it\/it\/index.php\/wp-json\/wp\/v2\/categories?post=48534"},{"taxonomy":"post_tag","embeddable":true,"href":"https:\/\/www.gdapress.it\/it\/index.php\/wp-json\/wp\/v2\/tags?post=48534"}],"curies":[{"name":"wp","href":"https:\/\/api.w.org\/{rel}","templated":true}]}}