
{"id":48530,"date":"2015-02-07T00:41:42","date_gmt":"2015-02-06T22:41:42","guid":{"rendered":"http:\/\/www.gdapress.it\/it\/?p=48530"},"modified":"2015-02-07T00:41:42","modified_gmt":"2015-02-06T22:41:42","slug":"delirious-new-york-apache-teatro-litta","status":"publish","type":"post","link":"https:\/\/www.gdapress.it\/it\/index.php\/48530\/teatro\/delirious-new-york-apache-teatro-litta.html","title":{"rendered":"DELIRIOUS NEW YORK &#8211; APACHE &#8211; TEATRO LITTA"},"content":{"rendered":"<p class=\"ecxMsoNormal\"><a href=\"http:\/\/www.gdapress.it\/it\/..\/public\/it\/2015\/02\/01-OHT-dny-ph-Lara-Virgulti-2009.jpg\"><img loading=\"lazy\" decoding=\"async\" class=\"alignnone size-medium wp-image-48531\" src=\"http:\/\/www.gdapress.it\/it\/..\/public\/it\/2015\/02\/01-OHT-dny-ph-Lara-Virgulti-2009-300x163.jpg\" alt=\"01-OHT-dny -ph Lara Virgulti, 2009\" width=\"300\" height=\"163\" srcset=\"https:\/\/www.gdapress.it\/it\/..\/public\/it\/2015\/02\/01-OHT-dny-ph-Lara-Virgulti-2009-300x163.jpg 300w, https:\/\/www.gdapress.it\/it\/..\/public\/it\/2015\/02\/01-OHT-dny-ph-Lara-Virgulti-2009-500x272.jpg 500w, https:\/\/www.gdapress.it\/it\/..\/public\/it\/2015\/02\/01-OHT-dny-ph-Lara-Virgulti-2009-900x490.jpg 900w\" sizes=\"auto, (max-width: 300px) 100vw, 300px\" \/><\/a>\u00a0<a href=\"http:\/\/www.gdapress.it\/it\/..\/public\/it\/2015\/02\/06-OHT-dny-ph-Filippo-Andreatta-2007.jpg\"><img loading=\"lazy\" decoding=\"async\" class=\"alignnone size-medium wp-image-48532\" src=\"http:\/\/www.gdapress.it\/it\/..\/public\/it\/2015\/02\/06-OHT-dny-ph-Filippo-Andreatta-2007-300x200.jpg\" alt=\"06-OHT-dny, - ph Filippo Andreatta, 2007\" width=\"300\" height=\"200\" srcset=\"https:\/\/www.gdapress.it\/it\/..\/public\/it\/2015\/02\/06-OHT-dny-ph-Filippo-Andreatta-2007-300x200.jpg 300w, https:\/\/www.gdapress.it\/it\/..\/public\/it\/2015\/02\/06-OHT-dny-ph-Filippo-Andreatta-2007-500x333.jpg 500w, https:\/\/www.gdapress.it\/it\/..\/public\/it\/2015\/02\/06-OHT-dny-ph-Filippo-Andreatta-2007-900x600.jpg 900w, https:\/\/www.gdapress.it\/it\/..\/public\/it\/2015\/02\/06-OHT-dny-ph-Filippo-Andreatta-2007.jpg 1772w\" sizes=\"auto, (max-width: 300px) 100vw, 300px\" \/><\/a><\/p>\n<p class=\"ecxMsoNormal\"><b>12 \u2013 15 febbraio \/ sala la cavallerizza \/ prima milanese \/ DELIRIOUS NEW YORK<br \/>\n<\/b><br \/>\nIl secondo lavoro della stagione 2015 di APACHE \u00e8 un omaggio a uno dei pi\u00f9 influenti testi d\u2019architettura contemporanea, scritto da Rem Koolhaas e messo in scena da OHT, compagnia che da sempre si muove al confine dei linguaggi tra arti performative, installazione e design.<\/p>\n<p class=\"ecxMsoNormal\">Nato nel 2009, lo spettacolo \u00e8 stato ripreso nel 2013 e presentato nella sua forma attuale al festival Kilowatt di Sansepolcro e al MAXXI di Roma lo scorso novembre.<\/p>\n<p class=\"ecxMsoNormal\"><b><\/p>\n<p>DELIRIOUS NEW YORK<\/b><b><\/p>\n<p><\/b><b>Idea e regia<\/b> Filippo Andreatta &#8211; <b>drammaturgia<\/b> Filippo Andreatta, Ilaria Mancia &#8211; <b>di e con<\/b> Filippo Andreatta, Fiora Blasi, Patric Schott, Sara Rosa Losilla &#8211; <b>light designer<\/b> Arnaud Poumarat &#8211; <b>in coproduzione con<\/b> Inteatro &#8211; <b>residenze artistiche<\/b> Centrale Fies, REACT! Festival Santarcangelo dei Teatri &#8211; <b>si ringrazia<\/b> Milo Adami, Michel Carlana, Luka Skansi<\/p>\n<p class=\"ecxMsoNormal\"><b>\u00a0<\/b><\/p>\n<p class=\"ecxMsoNormal\">\n<i>Delirious New York<\/i> mette in scena una serie di episodi urbani simbolo del manhattanismo, una teoria inespressa perch\u00e9 troppo ambiziosa: nel suo libro cardine, vero e proprio manifesto retroattivo di Manhattan, Koolhaas sostiene infatti che la griglia architettonica della citt\u00e0 non vada analizzata studiando i palazzi che la compongono, ma indagando la psicologia di chi li ha costruiti. L\u2019immaginazione \u00e8 alla base del delirio architettonico di New York, ed \u00e8 il collante degli episodi urbani messi in scena da OHT.<br \/>\nIl pubblico \u00e8 testimone di un patchwork teatrale d\u2019immagini che irrompono in un libero e personale processo d&#8217;associazione affidato alla mente e all&#8217;esperienza del singolo spettatore.<\/p>\n<p class=\"ecxMsoNormal\">\n<p class=\"ecxMsoNormal\">In scena coesistono quattro persone che pur parlando la stessa lingua o lingue diverse, non riescono a comunicare fra loro. Eppure continuano a parlarsi, a raccontarsi e a raccontare cercando di ottenere qualcosa da questa situazione senza preoccuparsi troppo di come. Forse l\u2019alacrit\u00e0 con cui cercano di soprassedere a questa incomunicabilit\u00e0 \u00e8 una metafora del loro desiderio d\u2019identit\u00e0? Forse, ma il punto di partenza rimane il testo di architettura contemporanea che come nessun altro \u00e8 riuscito a introdursi nella genesi di una citt\u00e0 mitologica degli Stati Uniti d\u2019America come New York City.<br \/>\nLo spettacolo cela un\u2019indagine sul comportamento umano all\u2019interno della citt\u00e0 contemporanea.<\/p>\n<p class=\"ecxMsoNormal\"><b>\u00a0<\/b><\/p>\n<p class=\"ecxMsoNormal\"><b><br \/>\n<\/b>Nato in forma di workshop itinerante all\u2019Universit\u00e0 IUAV di Venezia, il progetto teatrale e performativo \u00e8 stato presentato all\u2019interno di Manifesta 7 \u2013 Parallel Events per poi diventare uno spettacolo completo attraverso la vittoria del concorso REACT! del Festival di Santarcangelo nel 2009 sotto la direzione artistica di Ermanna Montanari.<\/p>\n<p>Nella stagione 2013\/14, <i>Delirious New York<\/i> \u00e8 stato rimesso in scena attraverso un progetto di \u201cmicrocredito culturale\u201d presentato al MiBAC e sostenuto dalla PAT &#8211; Provincia Autonoma di Trento, per facilitare la promozione di eventi collaterali in istituzioni non esclusivamente teatrali. Per tanto, il progetto si pone come un prodotto ecologico che, a partire da un sostegno alla circuitazione, viene ospitato all\u2019interno di spazi alternativi ad un costo sostenibile.<\/p>\n<p><b>C.so Magenta 24, Milano<\/b><br \/>\n&#8211; ritiro biglietti luned\u00ec\/sabato &#8211; 18:00\/20:00<br \/>\n&#8211; informazioni e prenotazioni telefoniche luned\u00ec a sabato \u2013 15:00\/19:30 &#8211; 02.86.45.45.45<br \/>\n&#8211; prenotazione mail <a href=\"mailto:promozione@teatrolitta.it\">promozione@teatrolitta.it<\/a><br \/>\n&#8211; prevendita online biglietti e abbonamenti sono acquistabili sul sito e nei punti vendita Vivaticket<\/p>\n","protected":false},"excerpt":{"rendered":"<p>\u00a0 12 \u2013 15 febbraio \/ sala la cavallerizza \/ prima milanese \/ DELIRIOUS NEW YORK Il secondo lavoro della stagione 2015 di APACHE \u00e8 un omaggio a uno dei pi\u00f9 influenti testi d\u2019architettura contemporanea, scritto da Rem Koolhaas e messo in scena da OHT, compagnia che da sempre si muove al confine dei linguaggi &hellip; <a href=\"https:\/\/www.gdapress.it\/it\/index.php\/48530\/teatro\/delirious-new-york-apache-teatro-litta.html\" class=\"more-link\">Read more <span class=\"screen-reader-text\">DELIRIOUS NEW YORK &#8211; APACHE &#8211; TEATRO LITTA<\/span><\/a><\/p>\n","protected":false},"author":3,"featured_media":0,"comment_status":"closed","ping_status":"open","sticky":false,"template":"","format":"standard","meta":{"footnotes":""},"categories":[1],"tags":[14468,14555,5660],"class_list":["post-48530","post","type-post","status-publish","format-standard","hentry","category-teatro","tag-apache","tag-delirious-new-york","tag-teatro-litta"],"_links":{"self":[{"href":"https:\/\/www.gdapress.it\/it\/index.php\/wp-json\/wp\/v2\/posts\/48530","targetHints":{"allow":["GET"]}}],"collection":[{"href":"https:\/\/www.gdapress.it\/it\/index.php\/wp-json\/wp\/v2\/posts"}],"about":[{"href":"https:\/\/www.gdapress.it\/it\/index.php\/wp-json\/wp\/v2\/types\/post"}],"author":[{"embeddable":true,"href":"https:\/\/www.gdapress.it\/it\/index.php\/wp-json\/wp\/v2\/users\/3"}],"replies":[{"embeddable":true,"href":"https:\/\/www.gdapress.it\/it\/index.php\/wp-json\/wp\/v2\/comments?post=48530"}],"version-history":[{"count":1,"href":"https:\/\/www.gdapress.it\/it\/index.php\/wp-json\/wp\/v2\/posts\/48530\/revisions"}],"predecessor-version":[{"id":48533,"href":"https:\/\/www.gdapress.it\/it\/index.php\/wp-json\/wp\/v2\/posts\/48530\/revisions\/48533"}],"wp:attachment":[{"href":"https:\/\/www.gdapress.it\/it\/index.php\/wp-json\/wp\/v2\/media?parent=48530"}],"wp:term":[{"taxonomy":"category","embeddable":true,"href":"https:\/\/www.gdapress.it\/it\/index.php\/wp-json\/wp\/v2\/categories?post=48530"},{"taxonomy":"post_tag","embeddable":true,"href":"https:\/\/www.gdapress.it\/it\/index.php\/wp-json\/wp\/v2\/tags?post=48530"}],"curies":[{"name":"wp","href":"https:\/\/api.w.org\/{rel}","templated":true}]}}