
{"id":48414,"date":"2015-01-31T01:32:44","date_gmt":"2015-01-30T23:32:44","guid":{"rendered":"http:\/\/www.gdapress.it\/it\/?p=48414"},"modified":"2015-02-01T01:38:17","modified_gmt":"2015-01-31T23:38:17","slug":"astrattismo-europa-forte-di-bard","status":"publish","type":"post","link":"https:\/\/www.gdapress.it\/it\/index.php\/48414\/arte\/astrattismo-europa-forte-di-bard.html","title":{"rendered":"Astrattismo in Europa. Forte di Bard"},"content":{"rendered":"<p><a href=\"http:\/\/www.gdapress.it\/it\/..\/public\/it\/2015\/02\/Kasimir-Malevic-Sportman-1923-Matita-acquerello-su-carta-25x15-cm.jpg\"><img loading=\"lazy\" decoding=\"async\" class=\"alignnone size-medium wp-image-48415\" src=\"http:\/\/www.gdapress.it\/it\/..\/public\/it\/2015\/02\/Kasimir-Malevic-Sportman-1923-Matita-acquerello-su-carta-25x15-cm-182x300.jpg\" alt=\"Kasimir Malevic, Sportman, 1923, Matita acquerello su carta, 25x15 cm\" width=\"182\" height=\"300\" srcset=\"https:\/\/www.gdapress.it\/it\/..\/public\/it\/2015\/02\/Kasimir-Malevic-Sportman-1923-Matita-acquerello-su-carta-25x15-cm-182x300.jpg 182w, https:\/\/www.gdapress.it\/it\/..\/public\/it\/2015\/02\/Kasimir-Malevic-Sportman-1923-Matita-acquerello-su-carta-25x15-cm-243x400.jpg 243w, https:\/\/www.gdapress.it\/it\/..\/public\/it\/2015\/02\/Kasimir-Malevic-Sportman-1923-Matita-acquerello-su-carta-25x15-cm-411x676.jpg 411w, https:\/\/www.gdapress.it\/it\/..\/public\/it\/2015\/02\/Kasimir-Malevic-Sportman-1923-Matita-acquerello-su-carta-25x15-cm.jpg 591w\" sizes=\"auto, (max-width: 182px) 100vw, 182px\" \/><\/a><\/p>\n<p><strong>Astrattismo in Europa. <\/strong><strong>Kandinsky, Popova, Majakovskij, Malevi<\/strong><strong>\u010d<\/strong><\/p>\n<p><strong>Per la prima volta in Italia, 80 capolavori di oltre 30 artisti\u00a0<\/strong><strong>protagonisti della rivoluzione dell\u2019immagine del \u2018900<\/strong><\/p>\n<p><em>Forte di Bard, Valle d\u2019Aosta. 31 gennaio \u2013 2 giugno 2015<\/em><\/p>\n<p><em>Astrattismo in Europa. <\/em><em>Kandinsky, Popova, Majakovskij, Malevi<\/em><em>\u010d<\/em> \u00e8 il titolo della grande mostra d\u2019arte che il Forte di Bard, polo culturale e turistico alle porte della Valle d\u2019Aosta, ospita dal 31 gennaio al 2 giugno 2015. Oltre 80 opere, principalmente olii e disegni di straordinario valore, appartenenti a una prestigiosa collezione privata tedesca, per la prima volta esposta in Italia e solo in precedenza esposta in due occasioni in Europa. La collezione, riunita con passione e costanza nel corso di anni, costituisce un nucleo tematico omogeneo con aspetti storico-geografici di grande interesse: le opere illustrano mirabilmente le tendenze artistiche dell\u2019Europa Orientale e Centrale durante la prima met\u00e0 del XX secolo, con particolare attenzione alla nascita della pittura astratta e ai movimenti di arte non figurativa che ne seguirono e che capillarmente si diffusero in tutta l\u2019Europa.<\/p>\n<p>&nbsp;<\/p>\n<p>In un clima di generale rinnovamento del linguaggio artistico, infatti, a partire dal 1910 circa si sviluppano diverse tendenze astratte nell\u2019ambito dei movimenti d\u2019avanguardia tedesco, russo, ceco e olandese. \u00a0Wassily Kandinsky (Mosca 1866-Neully-sur-Seine 1944) occupa un posto di primo piano in questo contesto artistico, poich\u00e9 il suo lavoro pu\u00f2 essere considerato il punto di incontro fra i vari movimenti che in tutta l\u2019Europa guardavano con interesse al linguaggio astratto e che sorsero in varie parti d\u2019Europa.<\/p>\n<p>&nbsp;<\/p>\n<p>Al completo la compagine degli astrattisti russi presenti in mostra: Vladimir Tatlin, Alexander Rodchenko, El Lissitzky e Alexandra Exter, che sviluppa il suo linguaggio plastico integrando influssi dal Cubismo e dal Futurismo. Anche il lavoro di Natalia Goncharova pu\u00f2 essere considerato una forma particolare di Cubo-futurismo russo, un linguaggio che l\u2019artista maturer\u00e0 a Parigi, dove si trasferisce a vivere nel 1917, a testimonianza di quanto la capitale francese esercitasse in campo culturale una fortissima capacit\u00e0 di attrazione sugli artisti.<\/p>\n<p>&nbsp;<\/p>\n<p>Kasimir Malevi\u010d, con Kandinsky, pu\u00f2 considerarsi il pi\u00f9 importante pioniere dell\u2019arte astratta. Proveniente dal contesto del Cubofuturismo russo, Malevi\u010d dipinge\u00a0forme geometriche elementari come il quadrato, la sfera, la croce, dando vita al movimento del Suprematismo: un\u2019arte non descrittiva, puramente contemplativa e spirituale.<\/p>\n<p>Il movimento del Costruttivismo \u00e8 rappresentato attraverso le opere di L\u00e1szlo Moholy-Nagy, importante esponente del Bauhaus tedesco.<\/p>\n<p>Max Bill (Abstraction-Creation) e Georges Vantongerloo (De Stijl) testimoniano la diffusione di un linguaggio astratto-geometrico rispettivamente in Svizzera e in Olanda.<\/p>\n<p>&nbsp;<\/p>\n<p>&nbsp;<\/p>\n<p>Attraverso le opere dei trenta autori presenti in mostra, \u00e8 possibile ricostruire lo scenario entro cui si \u00e8 sviluppata una delle principali linee evolutive dell\u2019arte del Novecento, e il <em>milieu <\/em>culturale che ha visto la nascita di quella che si pu\u00f2 definire una vera e propria rivoluzione dell\u2019immagine.<\/p>\n<p>In mostra anche 44 libri originali del medesimo movimento artistico culturale con numerosi pezzi di Wladimir Majakovskij e opere di Nikolay Punin, Kasimir Malevi\u010d, Lajos Kass\u00e1k e due filmati di Hans Richter (1888-1976) e Viking Eggeling (1880-1925), pionieri dell\u2019astrattismo geometrico cinematografico d\u2019avanguardia europeo. I loro lavori, terminati nel 1921, sono considerati tra le opere fondamentali della modernit\u00e0.<\/p>\n<p>&nbsp;<\/p>\n<p><strong><em>Astrattismo in Europa. <\/em><\/strong><strong><em>Kandinsky, Popova, Majakovskij, Malevi<\/em><\/strong><strong><em>\u010d<\/em><\/strong><\/p>\n<p>Forte di Bard. Valle d\u2019Aosta<\/p>\n<p>31\u00a0 gennaio \u2013 2 giugno 2015<\/p>\n<p>&nbsp;<\/p>\n<p>a cura di Markus M\u00fcller e Gabriele Accornero<\/p>\n<p>&nbsp;<\/p>\n<p><strong><em>partner istituzionali <\/em><\/strong><\/p>\n<p>Regione autonoma Valle d\u2019Aosta<\/p>\n<p>Compagnia di San Paolo<\/p>\n<p>Fondazione Crt<\/p>\n<p>Finaosta Spa<\/p>\n<p><strong><em>Media partner<\/em><\/strong><\/p>\n<p>La Stampa<\/p>\n<p><strong><em>Orari<\/em><\/strong><\/p>\n<p>marted\u00ec-venerd\u00ec 11.00 \u2013 18.00<\/p>\n<p>sabato, domenica e festivi 11.00 \u2013 19.00<\/p>\n<p>chiuso il luned\u00ec<\/p>\n<p>&nbsp;<\/p>\n<p><strong><em>Tariffe<\/em><\/strong><\/p>\n<p>Intero 6,00 euro<\/p>\n<p>Ridotto 5,00 euro<\/p>\n<p>Cumulativo con mostre Josef Koudelka \u2013 Vestiges 1991-2014 e Wildlife\u00a0Photographer of the Year<\/p>\n<p>Intero 14,00 euro<\/p>\n<p>Ridotto 12,00 euro<\/p>\n<p>&nbsp;<\/p>\n<p><strong><em>Info<\/em><\/strong><\/p>\n<p>Associazione Forte di Bard<\/p>\n<ol>\n<li>+ 39 0125 833811<\/li>\n<\/ol>\n<p>Prenotazione gruppi T. + 39 0125 833817<\/p>\n<p>info@fortedibard.it<\/p>\n<p>www.fortedibard.it<\/p>\n","protected":false},"excerpt":{"rendered":"<p>Astrattismo in Europa. Kandinsky, Popova, Majakovskij, Malevi\u010d Per la prima volta in Italia, 80 capolavori di oltre 30 artisti\u00a0protagonisti della rivoluzione dell\u2019immagine del \u2018900 Forte di Bard, Valle d\u2019Aosta. 31 gennaio \u2013 2 giugno 2015 Astrattismo in Europa. Kandinsky, Popova, Majakovskij, Malevi\u010d \u00e8 il titolo della grande mostra d\u2019arte che il Forte di Bard, polo &hellip; <a href=\"https:\/\/www.gdapress.it\/it\/index.php\/48414\/arte\/astrattismo-europa-forte-di-bard.html\" class=\"more-link\">Read more <span class=\"screen-reader-text\">Astrattismo in Europa. Forte di Bard<\/span><\/a><\/p>\n","protected":false},"author":3,"featured_media":0,"comment_status":"closed","ping_status":"open","sticky":false,"template":"","format":"standard","meta":{"footnotes":""},"categories":[4],"tags":[14527,7420],"class_list":["post-48414","post","type-post","status-publish","format-standard","hentry","category-arte","tag-astrattismo-europa","tag-forte-di-bard"],"_links":{"self":[{"href":"https:\/\/www.gdapress.it\/it\/index.php\/wp-json\/wp\/v2\/posts\/48414","targetHints":{"allow":["GET"]}}],"collection":[{"href":"https:\/\/www.gdapress.it\/it\/index.php\/wp-json\/wp\/v2\/posts"}],"about":[{"href":"https:\/\/www.gdapress.it\/it\/index.php\/wp-json\/wp\/v2\/types\/post"}],"author":[{"embeddable":true,"href":"https:\/\/www.gdapress.it\/it\/index.php\/wp-json\/wp\/v2\/users\/3"}],"replies":[{"embeddable":true,"href":"https:\/\/www.gdapress.it\/it\/index.php\/wp-json\/wp\/v2\/comments?post=48414"}],"version-history":[{"count":1,"href":"https:\/\/www.gdapress.it\/it\/index.php\/wp-json\/wp\/v2\/posts\/48414\/revisions"}],"predecessor-version":[{"id":48416,"href":"https:\/\/www.gdapress.it\/it\/index.php\/wp-json\/wp\/v2\/posts\/48414\/revisions\/48416"}],"wp:attachment":[{"href":"https:\/\/www.gdapress.it\/it\/index.php\/wp-json\/wp\/v2\/media?parent=48414"}],"wp:term":[{"taxonomy":"category","embeddable":true,"href":"https:\/\/www.gdapress.it\/it\/index.php\/wp-json\/wp\/v2\/categories?post=48414"},{"taxonomy":"post_tag","embeddable":true,"href":"https:\/\/www.gdapress.it\/it\/index.php\/wp-json\/wp\/v2\/tags?post=48414"}],"curies":[{"name":"wp","href":"https:\/\/api.w.org\/{rel}","templated":true}]}}