
{"id":48411,"date":"2015-01-31T01:03:25","date_gmt":"2015-01-30T23:03:25","guid":{"rendered":"http:\/\/www.gdapress.it\/it\/?p=48411"},"modified":"2015-02-01T01:09:49","modified_gmt":"2015-01-31T23:09:49","slug":"candida-hofer-les-bourgeois-de-calais-venise","status":"publish","type":"post","link":"https:\/\/www.gdapress.it\/it\/index.php\/48411\/arte\/candida-hofer-les-bourgeois-de-calais-venise.html","title":{"rendered":"CANDIDA H\u00d6FER Les Bourgeois de Calais \u00e0 Venise"},"content":{"rendered":"<p><a href=\"http:\/\/www.gdapress.it\/it\/..\/public\/it\/2015\/02\/R47_18x18_300dpi.jpg\"><img loading=\"lazy\" decoding=\"async\" class=\"alignnone size-medium wp-image-48412\" src=\"http:\/\/www.gdapress.it\/it\/..\/public\/it\/2015\/02\/R47_18x18_300dpi-300x300.jpg\" alt=\"R47_18x18_300dpi\" width=\"300\" height=\"300\" srcset=\"https:\/\/www.gdapress.it\/it\/..\/public\/it\/2015\/02\/R47_18x18_300dpi-300x300.jpg 300w, https:\/\/www.gdapress.it\/it\/..\/public\/it\/2015\/02\/R47_18x18_300dpi-150x150.jpg 150w, https:\/\/www.gdapress.it\/it\/..\/public\/it\/2015\/02\/R47_18x18_300dpi-400x400.jpg 400w, https:\/\/www.gdapress.it\/it\/..\/public\/it\/2015\/02\/R47_18x18_300dpi-144x144.jpg 144w, https:\/\/www.gdapress.it\/it\/..\/public\/it\/2015\/02\/R47_18x18_300dpi-676x676.jpg 676w\" sizes=\"auto, (max-width: 300px) 100vw, 300px\" \/><\/a><\/p>\n<p>Paradossi Incontri inattesi tra antico e contemporaneo<\/p>\n<p>CANDIDA H\u00d6FER Les Bourgeois de Calais \u00e0 Venise<\/p>\n<p>Ca\u2019 Pesaro Galleria Internazionale d\u2019Arte Moderna<\/p>\n<p>Venezia 31 gennaio \u2013 29 marzo 2015<\/p>\n<p>L\u2019attivit\u00e0 espositiva 2015 della Fondazione Musei Civici di Venezia, sotto la direzione scientifica di Gabriella Belli, si apre a Ca\u2019 Pesaro nel nuovo \u201cSpazio Dom P\u00e9rignon\u201d con il secondo appuntamento di \u201cParadossi\u201c, serie di incontri inattesi tra giovani artisti e opere della collezione storica del museo. Dopo il confronto tra l\u2019artista vicentino Alberto Tadiello e l\u2019opera di Giulio Aristide Sartorio, che ha inaugurato lo scorso ottobre le due straordinarie sale al secondo piano della Galleria Internazionale d\u2019Arte Moderna &#8211; recuperate grazie all\u2019importante contributo del noto brand francese \u2013 viene ora proposta un\u2019insolita rilettura della celebre opera di Auguste Rodin \u201cLes Bourgeois de Calais \u00e0 Venise\u201d(1901) da parte di una delle pi\u00f9 influenti fotografe del panorama internazionale, la tedesca Candida H\u00f6fer. La mostra presenta una selezione di fotografie tratte dal suo lavoro del 2001 Douze-Twelve, commissionato dal Mus\u00e9e des Beaux-Arts\u00a0et de la Dentelle di Calais, per il quale ha fotografato le dodici fusioni de Les Bourgeois de Calais di Rodin esistenti al mondo. Dopo i lavori sugli interni di spazi sia pubblici che privati e i soggetti in esterno degli \u201cZoologische G\u00e4rten \u201c, tutti accomunati e noti per la ricerca della perfezione dei dettagli e una non comune dimestichezza e tecnica nella gestione e controllo della luce, l\u2019artista mette qui in atto uno stimolante intreccio e uno splendido incontro con una delle opere pi\u00f9 famose dell\u2019arte di tutti i tempi, mettendone in luce tutte le sue insite tensioni emotive, la potente espressivit\u00e0 formale, l\u2019estremo realismo. La grande scultura di gesso esposta dallo scultore francese alla Biennale del 1901 fu acquistata dalla citt\u00e0 di Venezia per la collezione di Ca\u2019 Pesaro e oggi apre il percorso rinnovato della Galleria Internazionale d\u2019Arte Moderna. Proprio questo noto e pi\u00f9 volte replicato gruppo scultoreo ha ispirato un famoso lavoro di Candida H\u00f6fer \u2013 tra i principali esponenti della cosiddetta Scuola di D\u00fcsseldorf \u2013 che ha fotografato le dodici repliche in bronzo nelle loro installazioni in diverse collezioni pubbliche internazionali. La specchiata armonia dell\u2019occhio fotografico della H\u00f6fer \u2013 presente alla Biennale del 2003 \u2013 si esalta nella serialit\u00e0 delle opere grazie alla capacit\u00e0 di catturare e coagulare in un\u2019immagine di ampio respiro prospettico l\u2019espressivit\u00e0 dinamica e sofferente degli eroici abitanti di Calais che nel 1346 si contrapposero all\u2019assedio del re d\u2019Inghilterra Edoardo III, modellati da Rodin nel 1889. Il dialogo con la scultura attualizza tutta l\u2019energia creativa del passato, concedendoci repliche di magistrale impronta scenografica, potenti quanto contenute, grazie alle severe direttrici prospettiche tipiche della fotografa tedesca. La mostra \u00e8 a cura di Gabriella Belli, con il progetto espositivo di Daniela Ferretti.<\/p>\n<p>Sede Ca\u2019 Pesaro Galleria Internazionale d\u2019Arte Moderna Venezia, Santa Croce 2076 Apertura al pubblico 10 \u2013 17 (biglietteria 10 \u2013 16) Chiuso luned\u00ec Vaporetto Linea 1 &#8211; fermata San Stae Informazioni<\/p>\n<p>capesaro.visitmuve.it<\/p>\n<p>info@fmcvenezia.it<\/p>\n<p>call center 848082000 (dall\u2019Italia) +3904142730892 (dall\u2019estero)<\/p>\n<p>Intero: 10,00 euro Ridotto: 7,50 euro Ragazzi da 6 a 14 anni; studenti da 15 ai 25 anni; accompagnatori (max. 2) di gruppi di ragazzi o studenti; cittadini over 65; personale del Ministero dei Beni e delle Attivit\u00e0 Culturali e del Turismo (MiBACT); titolari di Carta Rolling Venice; soci FAI Gratuito Residenti e nati nel Comune di Venezia; bambini da 0 a 5 anni; portatori di handicap con accompagnatore; guide autorizzate della Provincia di Venezia e interpreti turistici che accompagnino gruppi o visitatori individuali; per ogni gruppo di almeno 15 persone, 1 ingresso gratuito (solo con prenotazione); membri ICOM; titolari AMACI Card; partner ordinari MUVE; volontari del Servizio Civile; possessori MUVE Friend Card Offerta Famiglie Biglietto ridotto per tutti icomponenti per famiglie composte da due adulti e almeno un ragazzo (dai 6 ai 14 anni) Offerta Scuola 4.00 euro a persona (valida nel periodo dal 1 settembre al 15 marzo) Per classi di studenti di ogni ordine e grado accompagnate dai loro insegnanti con elenco dei nominativi compilato dall\u2019Istituto di appartenenza *\u00e8 richiesto un documento<\/p>\n","protected":false},"excerpt":{"rendered":"<p>Paradossi Incontri inattesi tra antico e contemporaneo CANDIDA H\u00d6FER Les Bourgeois de Calais \u00e0 Venise Ca\u2019 Pesaro Galleria Internazionale d\u2019Arte Moderna Venezia 31 gennaio \u2013 29 marzo 2015 L\u2019attivit\u00e0 espositiva 2015 della Fondazione Musei Civici di Venezia, sotto la direzione scientifica di Gabriella Belli, si apre a Ca\u2019 Pesaro nel nuovo \u201cSpazio Dom P\u00e9rignon\u201d con &hellip; <a href=\"https:\/\/www.gdapress.it\/it\/index.php\/48411\/arte\/candida-hofer-les-bourgeois-de-calais-venise.html\" class=\"more-link\">Read more <span class=\"screen-reader-text\">CANDIDA H\u00d6FER Les Bourgeois de Calais \u00e0 Venise<\/span><\/a><\/p>\n","protected":false},"author":3,"featured_media":0,"comment_status":"closed","ping_status":"open","sticky":false,"template":"","format":"standard","meta":{"footnotes":""},"categories":[4],"tags":[5511,11040,350],"class_list":["post-48411","post","type-post","status-publish","format-standard","hentry","category-arte","tag-ca-pesaro","tag-candida-hofer","tag-venezia"],"_links":{"self":[{"href":"https:\/\/www.gdapress.it\/it\/index.php\/wp-json\/wp\/v2\/posts\/48411","targetHints":{"allow":["GET"]}}],"collection":[{"href":"https:\/\/www.gdapress.it\/it\/index.php\/wp-json\/wp\/v2\/posts"}],"about":[{"href":"https:\/\/www.gdapress.it\/it\/index.php\/wp-json\/wp\/v2\/types\/post"}],"author":[{"embeddable":true,"href":"https:\/\/www.gdapress.it\/it\/index.php\/wp-json\/wp\/v2\/users\/3"}],"replies":[{"embeddable":true,"href":"https:\/\/www.gdapress.it\/it\/index.php\/wp-json\/wp\/v2\/comments?post=48411"}],"version-history":[{"count":1,"href":"https:\/\/www.gdapress.it\/it\/index.php\/wp-json\/wp\/v2\/posts\/48411\/revisions"}],"predecessor-version":[{"id":48413,"href":"https:\/\/www.gdapress.it\/it\/index.php\/wp-json\/wp\/v2\/posts\/48411\/revisions\/48413"}],"wp:attachment":[{"href":"https:\/\/www.gdapress.it\/it\/index.php\/wp-json\/wp\/v2\/media?parent=48411"}],"wp:term":[{"taxonomy":"category","embeddable":true,"href":"https:\/\/www.gdapress.it\/it\/index.php\/wp-json\/wp\/v2\/categories?post=48411"},{"taxonomy":"post_tag","embeddable":true,"href":"https:\/\/www.gdapress.it\/it\/index.php\/wp-json\/wp\/v2\/tags?post=48411"}],"curies":[{"name":"wp","href":"https:\/\/api.w.org\/{rel}","templated":true}]}}