
{"id":48407,"date":"2015-01-31T00:48:58","date_gmt":"2015-01-30T22:48:58","guid":{"rendered":"http:\/\/www.gdapress.it\/it\/?p=48407"},"modified":"2015-02-01T00:50:01","modified_gmt":"2015-01-31T22:50:01","slug":"carnevale-di-venezia-2015","status":"publish","type":"post","link":"https:\/\/www.gdapress.it\/it\/index.php\/48407\/appuntamenti\/carnevale-di-venezia-2015.html","title":{"rendered":"Carnevale di Venezia 2015"},"content":{"rendered":"<p class=\"ecxMsoNormal\" align=\"center\"><a href=\"http:\/\/www.gdapress.it\/it\/..\/public\/it\/2015\/02\/ART.jpg\"><img loading=\"lazy\" decoding=\"async\" class=\"alignnone size-medium wp-image-48408\" src=\"http:\/\/www.gdapress.it\/it\/..\/public\/it\/2015\/02\/ART-254x300.jpg\" alt=\"ART\" width=\"254\" height=\"300\" srcset=\"https:\/\/www.gdapress.it\/it\/..\/public\/it\/2015\/02\/ART-254x300.jpg 254w, https:\/\/www.gdapress.it\/it\/..\/public\/it\/2015\/02\/ART-339x400.jpg 339w, https:\/\/www.gdapress.it\/it\/..\/public\/it\/2015\/02\/ART-572x676.jpg 572w, https:\/\/www.gdapress.it\/it\/..\/public\/it\/2015\/02\/ART.jpg 691w\" sizes=\"auto, (max-width: 254px) 100vw, 254px\" \/><\/a><\/p>\n<p class=\"ecxMsoNormal\" align=\"center\"><b><i>Carnevale di Venezia 2015 \u201cLa festa pi\u00f9 golosa del mondo!\u201d (31 gennaio \u2013 17 febbraio)<\/i><\/b><\/p>\n<p class=\"ecxMsoNormal\" align=\"center\"><b>Mongolfiere, villaggi di pescatori, case del pane&#8230; domani inizia il Carnevale!<\/b><\/p>\n<p class=\"ecxMsoNormal\">Cresce l&#8217;attesa per lo spettacolo <b>\u201cIl magico banchetto\u201d<\/b>, una favola del cibo a Venezia, della Compagnia veronese Nu&#8217;Art per la direzione artistica di Gabriele Rizzi. Un evento che aprir\u00e0 domani sera il weekend della <b>Festa Veneziana<\/b>, consueto prologo del Carnevale di Venezia. Ad ammaliare il popolo del carnevale, assiepato lungo il Rio di Cannaregio, saranno mongolfiere e grandi strutture galleggianti per uno spettacolo incentrato sul tema del cibo che raggiunger\u00e0 il suo apice con l\u2019entrata in scena dell\u2019ultima mongolfiera che rappresenter\u00e0 la citt\u00e0 lagunare. 6 metri di diametro sospesi nel cielo quasi a simboleggiare che, al di l\u00e0 di questo trionfo del gusto italiano, la vera protagonista rimane lei: Venezia che, in tutto il suo splendore, prende il volo dando inizio al \u201cleggero\u201d e fantastico periodo del Carnevale.<\/p>\n<p class=\"ecxNoSpacing\">Ogni capitolo dello show sar\u00e0 un passo verso la celebrazione e l\u2019esaltazione del gusto: condimenti e cibi, piatti della tradizione, villaggi di pescatori e case del pane, fragole e tazzine di caff\u00e8 saranno alcuni degli elementi di un mondo galleggiante che racconta, tra ironia, passione e stupore, il profumo e i sapori di un men\u00f9 tipicamente \u201cmade in Italy\u201d.<\/p>\n<p class=\"ecxNoSpacing\">Ed in questi giorni non sono passate inosservate in citt\u00e0 le prove de \u201cIl magico banchetto\u201d che coinvolge ben 42 persone, tra cast artistico e tecnico, provenienti da Italia, Francia, Ucraina, Spagna, Stati Uniti, Romania.<\/p>\n<p class=\"ecxNoSpacing\"><a target=\"_blank\" name=\"_GoBack\"><\/a>Lo show si ripeter\u00e0 in due momenti alle 18 e alle 20. Tra un\u2019esibizione e l\u2019altra ad allietare gli ospiti e le maschere che affolleranno il Rio di Cannaregio ci sar\u00e0 musica e intrattenimento che avr\u00e0 come punto di riferimento un\u2019imbarcazione storica veneziana ormeggiata in zona Crea-Tre Archi sulla quale campegger\u00e0 il brand APEROL che a Venezia, ma non solo, \u00e8 sinonimo di spritz e quindi di aperitivo, immancabile vista l\u2019ora.<\/p>\n<p class=\"ecxNoSpacing\"><b>Ecco nel dettaglio il programma e gli orari della serata di domani 31 gennaio lungo il Canale di Cannaregio che dar\u00e0 il benvenuto ufficiale al Carnevale 2015<\/b><\/p>\n<p class=\"ecxNoSpacing\"><b>\u00a0<\/b><\/p>\n<p class=\"ecxNoSpacing\"><b>ore 17.30 inizio animazione<\/b><\/p>\n<p class=\"ecxNoSpacing\"><b>\u00a0<\/b><\/p>\n<p class=\"ecxNoSpacing\"><b>ore 18.00 &#8211; 18.30: primo show \u201cIl magico banchetto &#8211; Una favola del cibo a Venezia\u201d della Compagnia Nu&#8217;Art<\/b><\/p>\n<p class=\"ecxNoSpacing\"><b>\u00a0<\/b><\/p>\n<p class=\"ecxNoSpacing\"><b>ore 18.30 &#8211; 20.00: musica e\u00a0animazione davanti al barcone APEROL<\/b><\/p>\n<p class=\"ecxNoSpacing\"><b>ore 20.00 &#8211; 20.30: secondo show\u00a0\u201cIl magico banchetto &#8211; Una favola del cibo a Venezia\u201d della Compagnia Nu&#8217;Art<\/b><\/p>\n<p class=\"ecxNoSpacing\"><b>\u00a0<\/b><\/p>\n<p class=\"ecxNoSpacing\"><b>ore 20.30 &#8211; 22.00: musica e\u00a0animazione davanti al barcone APEROL<\/b><\/p>\n","protected":false},"excerpt":{"rendered":"<p>Carnevale di Venezia 2015 \u201cLa festa pi\u00f9 golosa del mondo!\u201d (31 gennaio \u2013 17 febbraio) Mongolfiere, villaggi di pescatori, case del pane&#8230; domani inizia il Carnevale! Cresce l&#8217;attesa per lo spettacolo \u201cIl magico banchetto\u201d, una favola del cibo a Venezia, della Compagnia veronese Nu&#8217;Art per la direzione artistica di Gabriele Rizzi. Un evento che aprir\u00e0 &hellip; <a href=\"https:\/\/www.gdapress.it\/it\/index.php\/48407\/appuntamenti\/carnevale-di-venezia-2015.html\" class=\"more-link\">Read more <span class=\"screen-reader-text\">Carnevale di Venezia 2015<\/span><\/a><\/p>\n","protected":false},"author":3,"featured_media":0,"comment_status":"closed","ping_status":"open","sticky":false,"template":"","format":"standard","meta":{"footnotes":""},"categories":[2245],"tags":[1003,350],"class_list":["post-48407","post","type-post","status-publish","format-standard","hentry","category-appuntamenti","tag-carnevale","tag-venezia"],"_links":{"self":[{"href":"https:\/\/www.gdapress.it\/it\/index.php\/wp-json\/wp\/v2\/posts\/48407","targetHints":{"allow":["GET"]}}],"collection":[{"href":"https:\/\/www.gdapress.it\/it\/index.php\/wp-json\/wp\/v2\/posts"}],"about":[{"href":"https:\/\/www.gdapress.it\/it\/index.php\/wp-json\/wp\/v2\/types\/post"}],"author":[{"embeddable":true,"href":"https:\/\/www.gdapress.it\/it\/index.php\/wp-json\/wp\/v2\/users\/3"}],"replies":[{"embeddable":true,"href":"https:\/\/www.gdapress.it\/it\/index.php\/wp-json\/wp\/v2\/comments?post=48407"}],"version-history":[{"count":2,"href":"https:\/\/www.gdapress.it\/it\/index.php\/wp-json\/wp\/v2\/posts\/48407\/revisions"}],"predecessor-version":[{"id":48410,"href":"https:\/\/www.gdapress.it\/it\/index.php\/wp-json\/wp\/v2\/posts\/48407\/revisions\/48410"}],"wp:attachment":[{"href":"https:\/\/www.gdapress.it\/it\/index.php\/wp-json\/wp\/v2\/media?parent=48407"}],"wp:term":[{"taxonomy":"category","embeddable":true,"href":"https:\/\/www.gdapress.it\/it\/index.php\/wp-json\/wp\/v2\/categories?post=48407"},{"taxonomy":"post_tag","embeddable":true,"href":"https:\/\/www.gdapress.it\/it\/index.php\/wp-json\/wp\/v2\/tags?post=48407"}],"curies":[{"name":"wp","href":"https:\/\/api.w.org\/{rel}","templated":true}]}}