
{"id":48255,"date":"2015-01-27T13:24:07","date_gmt":"2015-01-27T11:24:07","guid":{"rendered":"http:\/\/www.gdapress.it\/it\/?p=48255"},"modified":"2015-01-27T13:27:41","modified_gmt":"2015-01-27T11:27:41","slug":"luomo-per-bene-le-lettere-segrete-di-heinrich-himmler","status":"publish","type":"post","link":"https:\/\/www.gdapress.it\/it\/index.php\/48255\/cinema\/luomo-per-bene-le-lettere-segrete-di-heinrich-himmler.html","title":{"rendered":"L&#8217;uomo per bene &#8211; Le lettere segrete di Heinrich Himmler"},"content":{"rendered":"<p class=\"ecxMsoNormal\" style=\"text-align: left;\" align=\"center\"><b>Nexo Digital e Feltrinelli Real Cinema<\/b><\/p>\n<p class=\"ecxMsoNormal\" style=\"text-align: left;\" align=\"center\"><i>Presentano<\/i><i>\u00a0<\/i><\/p>\n<p class=\"ecxMsoNormal\" style=\"text-align: left;\" align=\"center\"><i>Il pluripremiato film<\/i><\/p>\n<p class=\"ecxMsoNormal\" style=\"text-align: left;\" align=\"center\"><b>L\u2019UOMO PER BENE<\/b><\/p>\n<p class=\"ecxMsoNormal\" style=\"text-align: left;\" align=\"center\"><b>Le lettere segrete di Heinrich Himmler<\/b><\/p>\n<p class=\"ecxMsoNormal\" style=\"text-align: left;\" align=\"center\"><i>Un film di Vanessa Lapa<\/i><b>\u00a0<\/b><\/p>\n<p class=\"ecxMsoNormal\" style=\"text-align: left;\" align=\"center\"><b><i>Trailer qui:\u00a0<\/i><a href=\"https:\/\/www.youtube.com\/watch?v=Av9qU1LFKpE\" target=\"_blank\" rel=\"nofollow nofollow\">https:\/\/www.youtube.com\/watch?v=Av9qU1LFKpE<\/a><\/b><\/p>\n<p class=\"ecxMsoNormal\" style=\"text-align: left;\" align=\"center\"><b>Dopo l<\/b><b>\u2019<\/b><b>incredibile successo di<\/b><b>\u00a0<\/b><b><i>Hannah Arendt<\/i><\/b><b>\u00a0<\/b><\/p>\n<p class=\"ecxMsoNormal\" style=\"text-align: left;\" align=\"center\"><b>un nuovo profondo film sulla \u201cbanalit\u00e0 del male\u201d<\/b><\/p>\n<p class=\"ecxMsoNormal\" style=\"text-align: left;\" align=\"center\"><b>per celebrare il Giorno della Memoria<\/b><\/p>\n<p class=\"ecxMsoNormal\" style=\"text-align: left;\" align=\"center\"><i><span style=\"text-decoration: underline;\">Solo il 27 al 28 gennaio 2015 nei cinema italiani<\/span><\/i><\/p>\n<p class=\"ecxMsoNormal\" style=\"text-align: left;\" align=\"right\"><i>Raggelante<\/i><\/p>\n<p class=\"ecxMsoNormal\" style=\"text-align: left;\" align=\"right\">Nicolas Rapold, The New York Times<\/p>\n<p class=\"ecxMsoNormal\" style=\"text-align: left;\" align=\"right\"><i>Una delle esperienze cinematografiche pi\u00f9 profondamente disturbanti della mia vita. Possiede la forza della paziente costruzione di un incubo dei film di Michael Haneke, che affondano le loro radici nelle stesse tenebre dell\u2019Europa del XX secolo<\/i><i><\/i><\/p>\n<p class=\"ecxMsoNormal\" style=\"text-align: left;\" align=\"right\">Andrew O\u2019Hehir,\u00a0<a href=\"http:\/\/salon.com\/\" target=\"_blank\">Salon.com<\/a><\/p>\n<p class=\"ecxMsoNormal\" style=\"text-align: left;\">Il 6 maggio del 1945 i soldati dell\u2019armata americana occuparono la casa di famiglia degli Himmler a Gmund, in Germania, dove furono scoperte centinaia di lettere private, documenti, diari e fotografie. Dalla lettura di questo materiale \u00e8 nato un film che svela i pensieri nascosti, gli ideali, i piani e i segreti del comandante delle SS, l\u2019architetto della Soluzione Finale Heinrich Himmler. Il tutto grazie a rarissimi <b>filmati, spesso mai visti prima, tratti da 151 fonti di 53 diversi archivi dislocati in 13 <\/b>paesi del mondo, come il Bundesfilmarchiv Berlino, il National Archive Maryland, lo Steven Spielberg Film and Video Archive presso l\u2019USHMM Washington e molti altri. <b>Il girato \u00e8 stato interamente restaurato<\/b>, sonorizzato, montato seguendo il fil rouge delle lettere di Himmler e mostrando allo spettatore<b> <\/b>come <b>\u201c<\/b><b><i>la crudelt\u00e0 e il male possano emergere e svilupparsi da un\u2019apparente normalit\u00e0\u201d.<\/i><\/b><\/p>\n<div style=\"text-align: left;\">\n<p class=\"ecxMsoNormal\">Dopo aver partecipato al Berlinale, al Jerusalem Film Festival, al Vancouver International Film Festival, a Documenta Madrid 14, al Rio de Janeiro International Film Festival, al Telluride Film Festival, al Planete + Doc Film Festival, al Dok Fest e a molti altri festival, <b><i>L\u2019Uomo per bene<\/i><\/b><i>.<b> Le lettere segrete di Heinrich Himmler, <\/b><\/i>firmato dalla regista Vanessa Lapa,<i><\/i>arriva in Italia solo per due giorni il <b>27 ed il 28 gennaio 2015 (elenco delle sale a breve su nexodigital.it) <\/b>come <b>evento cinematografico <\/b>in occasione del<b> Giorno della Memoria<\/b>,\u00a0 la ricorrenza internazionale per ricordare le vittime del nazismo e della Shoah proprio nel giorno in cui, nel 1945, vennero aperte le porte del campo di sterminio di Auschwitz.<\/p>\n<\/div>\n<p class=\"ecxMsoNormal\" style=\"text-align: left;\">Com\u2019\u00e8 accaduto che un uomo, un cattolico-nazionalista della classe media, potesse diventare il braccio destro di Hitler, il responsabile dell\u2019ideazione, dello sviluppo ed esecuzione delle strategie che portarono allo sterminio di milioni di ebrei, comunisti, testimoni di Geova, omosessuali, dissidenti e Rom? Da dove nasce questa ideologia? Come vedeva se stesso e com\u2019era visto in privato \u2013 dalla moglie Margarete, dalla figlia Gudrun e dall\u2019amante Hedwig? Com\u2019\u00e8 stato possibile che l\u2019uomo che tanto elogiava le cosiddette virt\u00f9 tedesche, come l\u2019ordine, la decenza e la bont\u00e0, quando scriveva a casa, e nel bel mezzo della guerra e della Soluzione Finale, affermasse: \u201cMalgrado tutto il lavoro, sto bene e dormo bene\u201d? Come pu\u00f2 un uomo diventare un eroe ai propri occhi ed essere uno sterminatore di massa agli occhi del mondo?<\/p>\n<p class=\"ecxMsoNormal\" style=\"text-align: left;\">\u00a0Spiega <b>Vanessa Lapa<\/b> <i>\u201c<\/i><i>Dato che la narrazione del film si svolge intorno alla costellazione di Himmler e della sua famiglia \u2013 dapprima attraverso i parenti e i fratelli, poi attraverso la moglie, la figlia e l\u2019amante \u2013 il pubblico diventa testimone del mondo prodotto dalla Prima guerra mondiale e dalla Repubblica di Weimar, visti inizialmente dal punto di vista di un tedesco della classe media e successivamente dal punto di vista di una famiglia nazista di alto rango\u201d.<\/i><\/p>\n<p class=\"ecxMsoNormal\" style=\"text-align: left;\">Un viaggio nella Germania del tempo, dunque, ma soprattutto un viaggio nella personalit\u00e0 di Himmler realizzato proprio grazie alla collezione di documenti personali e fotografie che Dave Lapa, padre di Vanessa, ha acquistato nel 2006 e che, dopo un processo d\u2019identificazione che ha coinvolto i maggiori esperti dall\u2019Archivio nazionale tedesco, sono attualmente custoditi a Tel Aviv. Continua la regista<i> \u201cle impressioni personali e il personale coinvolgimento di Himmler negli sviluppi politici e sociali dell\u2019epoca sono il filo conduttore che d\u00e0 forma all\u2019esperienza cinematografica e rivelano quanto la <b>crudelt\u00e0 e il male possano emergere e svilupparsi da un\u2019apparente normalit\u00e0<\/b>. Lo spettatore \u00e8 cos\u00ec abbandonato al disagio di essere combattuto tra due poli: il coinvolgimento emotivo dettato dagli scritti particolarmente intimi dei personaggi e le orribili atrocit\u00e0 commesse per loro ordine<\/i>\u201d.<\/p>\n<p class=\"ecxMsoNormal\" style=\"text-align: left;\">\u00a0<b>Vanessa Lapa<\/b>: nata e cresciuta in Belgio, vive in Israele dal 1995. Giornalista di successo, ha prodotto e diretto pi\u00f9 di un centinaio di reportage d\u2019attualit\u00e0 per la televisione Israeliana. Il suo docufilm Olmert \u2013 Concealed Documentary (Israele, 2009), che rivela il dietro le quinte del governo e della vita privata del Primo ministro israeliano Ehud Olmert, \u00e8 stato acclamato come un esempio eccezionale di cin\u00e9ma-verit\u00e9. E&#8217; anche stata coinvolta, per la parte Israeliana, nella produzione e creazione del contenuto per il documentario di 52 minuti Straddling the Fence (USA, 2003) diretto dal columnist newyorkese Thomas Friedman e trasmesso in tutto il mondo. Nel 2007 ha fondato la casa di produzione indipendente Realworks Ltd., con base a Tel Aviv.<\/p>\n<p class=\"ecxMsoNormal\" style=\"text-align: left;\">\u00a0<b>Film Festival e Premi<\/b><\/p>\n<p class=\"ecxMsoNormal\" style=\"text-align: left;\" align=\"center\"><b>\u00a0<\/b><b>Berlinale-Berlin Film Festival<\/b><\/p>\n<p class=\"ecxMsoNormal\" style=\"text-align: left;\" align=\"center\">Official Selection Panorama \u2013 Febbraio 2014<\/p>\n<p class=\"ecxMsoNormal\" style=\"text-align: left;\" align=\"center\"><b>Documenta Madrid 14 &#8211; Madrid Documentary Film Festival<\/b><\/p>\n<p class=\"ecxMsoNormal\" style=\"text-align: left;\" align=\"center\">Official Selection Competitio \u2013 Maggio 2014<\/p>\n<p class=\"ecxMsoNormal\" style=\"text-align: left;\" align=\"center\"><b>DOK. Fest \u2013 Munich International Documentary Film Festival<\/b><\/p>\n<p class=\"ecxMsoNormal\" style=\"text-align: left;\" align=\"center\">Special Screening \u2013 Maggio 2014<\/p>\n<p class=\"ecxMsoNormal\" style=\"text-align: left;\" align=\"center\"><b>Planete Doc Film Festival, Warsaw<\/b><\/p>\n<p class=\"ecxMsoNormal\" style=\"text-align: left;\" align=\"center\">Official Selection \u2013 Competition \u2013 Maggio 2014<\/p>\n<p class=\"ecxMsoNormal\" style=\"text-align: left;\" align=\"center\"><b>Jerusalem International Film Festival, Jerusalem<\/b><\/p>\n<p class=\"ecxMsoNormal\" style=\"text-align: left;\" align=\"center\">Winner \u2013 Best Documentary \u2013 Luglio 2014<\/p>\n<p class=\"ecxMsoNormal\" style=\"text-align: left;\" align=\"center\"><b>Israeli Academy Awards<\/b><\/p>\n<p class=\"ecxMsoNormal\" style=\"text-align: left;\" align=\"center\">Nominated for the Ophir Prize \u2013 Israeli Academy Awards \u2013 Agosto 2014<\/p>\n<p class=\"ecxMsoNormal\" style=\"text-align: left;\" align=\"center\"><b>41<\/b><b>st <\/b><b>Telluride Film Festival<\/b><\/p>\n<p class=\"ecxMsoNormal\" style=\"text-align: left;\" align=\"center\">Official Selection \u2013 Agosto 2014<\/p>\n<p class=\"ecxMsoNormal\" style=\"text-align: left;\" align=\"center\"><b>Jameson CineFest &#8211; 11<\/b><b>th <\/b><b>Miskolc International Film Festival.<\/b><\/p>\n<p class=\"ecxMsoNormal\" style=\"text-align: left;\" align=\"center\">Official Selection\u2013 Competition \u2013 Settembre 2014<\/p>\n<p class=\"ecxMsoNormal\" style=\"text-align: left;\" align=\"center\"><b>Bergen International Film Festival<\/b><\/p>\n<p class=\"ecxMsoNormal\" style=\"text-align: left;\" align=\"center\">Official Selection &#8211; Competition \u2013 Settembre 2014<\/p>\n<p class=\"ecxMsoNormal\" style=\"text-align: left;\" align=\"center\"><b>Festival do Rio 2014 Rio de Janeiro International film festival<\/b><\/p>\n<p class=\"ecxMsoNormal\" style=\"text-align: left;\" align=\"center\">Official Selection\u2013 Settembre 2014<\/p>\n<p class=\"ecxMsoNormal\" style=\"text-align: left;\" align=\"center\"><b>Reykjav\u00edk International Film Festival<\/b><\/p>\n<p class=\"ecxMsoNormal\" style=\"text-align: left;\" align=\"center\">Official Selection \u2013 Settembre 2014<\/p>\n<p class=\"ecxMsoNormal\" style=\"text-align: left;\"><b><i>L\u2019Uomo per bene<\/i><\/b><i>.<b> Le lettere segrete di Heinrich Himmler<\/b><\/i> \u00e8 distribuito\u00a0 nelle sale da Nexo Digital e Feltrinelli Real Cinema in collaborazione con\u00a0<a href=\"http:\/\/mymovies.it\/\" target=\"_blank\">MYmovies.it<\/a>.<\/p>\n<p class=\"ecxMsoNormal\" style=\"text-align: left;\"><b>\u00a0<\/b><\/p>\n<p class=\"ecxMsoNormal\" style=\"text-align: left;\"><b>\u00a0<\/b><\/p>\n","protected":false},"excerpt":{"rendered":"<p>Nexo Digital e Feltrinelli Real Cinema Presentano\u00a0 Il pluripremiato film L\u2019UOMO PER BENE Le lettere segrete di Heinrich Himmler Un film di Vanessa Lapa\u00a0 Trailer qui:\u00a0https:\/\/www.youtube.com\/watch?v=Av9qU1LFKpE Dopo l\u2019incredibile successo di\u00a0Hannah Arendt\u00a0 un nuovo profondo film sulla \u201cbanalit\u00e0 del male\u201d per celebrare il Giorno della Memoria Solo il 27 al 28 gennaio 2015 nei cinema italiani &hellip; <a href=\"https:\/\/www.gdapress.it\/it\/index.php\/48255\/cinema\/luomo-per-bene-le-lettere-segrete-di-heinrich-himmler.html\" class=\"more-link\">Read more <span class=\"screen-reader-text\">L&#8217;uomo per bene &#8211; Le lettere segrete di Heinrich Himmler<\/span><\/a><\/p>\n","protected":false},"author":3,"featured_media":0,"comment_status":"closed","ping_status":"open","sticky":false,"template":"","format":"standard","meta":{"footnotes":""},"categories":[21],"tags":[17455,190,9346],"class_list":["post-48255","post","type-post","status-publish","format-standard","hentry","category-cinema","tag-cinema","tag-memoria","tag-nexo-digital"],"_links":{"self":[{"href":"https:\/\/www.gdapress.it\/it\/index.php\/wp-json\/wp\/v2\/posts\/48255","targetHints":{"allow":["GET"]}}],"collection":[{"href":"https:\/\/www.gdapress.it\/it\/index.php\/wp-json\/wp\/v2\/posts"}],"about":[{"href":"https:\/\/www.gdapress.it\/it\/index.php\/wp-json\/wp\/v2\/types\/post"}],"author":[{"embeddable":true,"href":"https:\/\/www.gdapress.it\/it\/index.php\/wp-json\/wp\/v2\/users\/3"}],"replies":[{"embeddable":true,"href":"https:\/\/www.gdapress.it\/it\/index.php\/wp-json\/wp\/v2\/comments?post=48255"}],"version-history":[{"count":2,"href":"https:\/\/www.gdapress.it\/it\/index.php\/wp-json\/wp\/v2\/posts\/48255\/revisions"}],"predecessor-version":[{"id":48257,"href":"https:\/\/www.gdapress.it\/it\/index.php\/wp-json\/wp\/v2\/posts\/48255\/revisions\/48257"}],"wp:attachment":[{"href":"https:\/\/www.gdapress.it\/it\/index.php\/wp-json\/wp\/v2\/media?parent=48255"}],"wp:term":[{"taxonomy":"category","embeddable":true,"href":"https:\/\/www.gdapress.it\/it\/index.php\/wp-json\/wp\/v2\/categories?post=48255"},{"taxonomy":"post_tag","embeddable":true,"href":"https:\/\/www.gdapress.it\/it\/index.php\/wp-json\/wp\/v2\/tags?post=48255"}],"curies":[{"name":"wp","href":"https:\/\/api.w.org\/{rel}","templated":true}]}}