
{"id":48252,"date":"2015-01-27T13:19:22","date_gmt":"2015-01-27T11:19:22","guid":{"rendered":"http:\/\/www.gdapress.it\/it\/?p=48252"},"modified":"2015-01-27T13:19:22","modified_gmt":"2015-01-27T11:19:22","slug":"il-tracollo-teatro-lo-spazio-roma","status":"publish","type":"post","link":"https:\/\/www.gdapress.it\/it\/index.php\/48252\/teatro\/il-tracollo-teatro-lo-spazio-roma.html","title":{"rendered":"Il Tracollo  Teatro Lo Spazio Roma"},"content":{"rendered":"<p><a href=\"http:\/\/www.gdapress.it\/it\/..\/public\/it\/2015\/01\/Il-Tracollo-foto-2.jpg\"><img loading=\"lazy\" decoding=\"async\" class=\"alignnone size-large wp-image-48253\" src=\"http:\/\/www.gdapress.it\/it\/..\/public\/it\/2015\/01\/Il-Tracollo-foto-2-500x335.jpg\" alt=\"Il Tracollo foto 2\" width=\"500\" height=\"335\" srcset=\"https:\/\/www.gdapress.it\/it\/..\/public\/it\/2015\/01\/Il-Tracollo-foto-2-500x335.jpg 500w, https:\/\/www.gdapress.it\/it\/..\/public\/it\/2015\/01\/Il-Tracollo-foto-2-300x201.jpg 300w, https:\/\/www.gdapress.it\/it\/..\/public\/it\/2015\/01\/Il-Tracollo-foto-2.jpg 720w\" sizes=\"auto, (max-width: 500px) 100vw, 500px\" \/><\/a><\/p>\n<p>&nbsp;<\/p>\n<p><strong>Il Tracollo<\/strong><\/p>\n<p><strong>Teatro Lo Spazio<\/strong><\/p>\n<p>dal 27 gennaio al 1 febbraio<\/p>\n<p><em>\u00a0<\/em><em>&#8220;La\u00a0 commedia italiana \u00e8 questo: trattare con termini comici, divertenti, ironici, umoristici<\/em><\/p>\n<p><em>degli argomenti che sono invece drammatici. <\/em><\/p>\n<p><em>\u00c8 questo che distingue la commedia italiana da tutte le altre commedie.&#8221;<\/em><\/p>\n<p><em>Mario Monicelli <\/em><\/p>\n<p>Arriva al <strong>Teatro Lo Spazio<\/strong>, <strong>dal 27 gennaio al 1 febbraio<\/strong>, lo spettacolo <strong>Il Tracollo<\/strong> portato in scena dalla giovane compagnia dell\u2019 Associazione Culturale <strong><em>La chiave delle arti<\/em><\/strong>, in collaborazione con la <strong><em>Compagnia La Farfalla<\/em><\/strong>.<\/p>\n<p>La pi\u00e8ce nasce sulla base di un atto scritto da Pietro De Silva e su cui Giulia Lusetti, drammaturga esordiente, ha sviluppato il resto dello spettacolo aggiudicandosi il primo premio del &#8220;Campionato Nazionale del Secondo Atto&#8221;.<\/p>\n<p>In un mondo pieno di telecamere e tecnologie, non si riesce mai a capire se si \u00e8 vittime di scherzi o della dura realt\u00e0. Il Tracollo racconta di un attore che entra in una casa per sostenere un provino, senza sapere n\u00e9 come andr\u00e0, n\u00e9 tantomeno se ne uscir\u00e0.<\/p>\n<p>\u00c8 un viaggio nei mondi dell&#8217;attore e dei suoi paradossi, a volte estremi. Ma \u00e8 anche lo specchio della nostra anima, delle nostre frustrazioni, della ricerca di un&#8217;identit\u00e0 che non sempre riusciamo a definire, impegnati come siamo ad &#8220;arrivare&#8221; nella carriera e arrivare alla fine del mese. Fino al gesto pi\u00f9 assurdo e paradossale.<\/p>\n<p>Il Tracollo \u00e8 una commedia che si sviluppa su un susseguirsi di colpi di scena, non si fa in tempo ad abituarsi a una realt\u00e0 che l&#8217;attimo seguente \u00e8 tutto ribaltato ma allo stesso tempo esattamente reale. Risate e riflessioni si alternano, vita reale e finzione si mescolano, situazioni paradossali si ripetono all\u2019infinito\u2026 questi sono gli intrecci de Il Tracollo<\/p>\n<p><em>La cosa che mi ha colpito di pi\u00f9 quando mi sono trovata davanti alla prima parte di questo testo, scritta in maniera magistrale da Pietro\u00a0 De Silva, \u00e8 il realismo quasi quotidiano che traspare da ogni singola battuta. Un realismo che si contrappone alla &#8220;finzione&#8221; finale, al paradosso stesso del testo e dell&#8217;attore in s\u00e9. Perch\u00e9, si sa, quando si parla di attori, si parla inevitabilmente di esagerazione. Ed \u00e8 questo dualismo dei due atti che, a mio avviso, rende questo testo completo e ben bilanciato, tra risate distensive e riflessioni pi\u00f9 profonde.<\/em><\/p>\n<p><em>Giulia Lusetti &#8211; Regista <\/em><\/p>\n<p>La giovane compagnia dell\u2019Associazione Culturale &#8220;La chiave delle arti&#8221; (fino al 2013 &#8220;Compagnia degli Infarti&#8221;) \u00e8 attiva nel panorama teatrale romano da diversi anni. Dopo il successo di &#8220;Contropiede&#8221; (2012\/2013) e &#8220;Henna &#8211; il coraggio di cambiare&#8221; (2014), la compagnia decide di riportare in scena il loro spettacolo d&#8217;esordio, &#8220;Il Tracollo&#8221;, in collaborazione con la Compagnia La Farfalla.<\/p>\n<p><strong>Il Tracollo<\/strong><\/p>\n<p>Testo: <strong>Pietro\u00a0De\u00a0Silva<\/strong> \u00a0e\u00a0<strong>Giulia Lusetti<\/strong><\/p>\n<p>Regia: <strong>Giulia Lusetti<\/strong>\u00a0\u00a0\u00a0\u00a0\u00a0\u00a0\u00a0\u00a0\u00a0\u00a0\u00a0 <strong>\u00a0\u00a0\u00a0\u00a0\u00a0\u00a0\u00a0\u00a0\u00a0\u00a0\u00a0 <\/strong><\/p>\n<p>Con: <strong>Matteo\u00a0Canesin, Danilo Napoli, Ottavia Banchi, Federica Marino, Claudia Novati, Enrico Benedetti, Giulia Pera, Francesca\u00a0Di Sanza<\/strong><\/p>\n<p><strong>Teatro Lo Spazio<\/strong><\/p>\n<p>via Locri 42, Roma<\/p>\n<p>06 77076486<\/p>\n<p>Marted\u00ec \u2013 sabato ore 20.45<\/p>\n<p>Domenica ore 17.00<\/p>\n<p>Biglietti: intero 12 \u20ac &#8211; ridotto 7 \u20ac<\/p>\n<p>+ 3 euro tessera associativa teatro<\/p>\n","protected":false},"excerpt":{"rendered":"<p>&nbsp; Il Tracollo Teatro Lo Spazio dal 27 gennaio al 1 febbraio \u00a0&#8220;La\u00a0 commedia italiana \u00e8 questo: trattare con termini comici, divertenti, ironici, umoristici degli argomenti che sono invece drammatici. \u00c8 questo che distingue la commedia italiana da tutte le altre commedie.&#8221; Mario Monicelli Arriva al Teatro Lo Spazio, dal 27 gennaio al 1 febbraio, &hellip; <a href=\"https:\/\/www.gdapress.it\/it\/index.php\/48252\/teatro\/il-tracollo-teatro-lo-spazio-roma.html\" class=\"more-link\">Read more <span class=\"screen-reader-text\">Il Tracollo  Teatro Lo Spazio Roma<\/span><\/a><\/p>\n","protected":false},"author":3,"featured_media":0,"comment_status":"closed","ping_status":"open","sticky":false,"template":"","format":"standard","meta":{"footnotes":""},"categories":[1],"tags":[14495,27,12121],"class_list":["post-48252","post","type-post","status-publish","format-standard","hentry","category-teatro","tag-il-tracollo","tag-roma","tag-teatro-lo-spazio"],"_links":{"self":[{"href":"https:\/\/www.gdapress.it\/it\/index.php\/wp-json\/wp\/v2\/posts\/48252","targetHints":{"allow":["GET"]}}],"collection":[{"href":"https:\/\/www.gdapress.it\/it\/index.php\/wp-json\/wp\/v2\/posts"}],"about":[{"href":"https:\/\/www.gdapress.it\/it\/index.php\/wp-json\/wp\/v2\/types\/post"}],"author":[{"embeddable":true,"href":"https:\/\/www.gdapress.it\/it\/index.php\/wp-json\/wp\/v2\/users\/3"}],"replies":[{"embeddable":true,"href":"https:\/\/www.gdapress.it\/it\/index.php\/wp-json\/wp\/v2\/comments?post=48252"}],"version-history":[{"count":1,"href":"https:\/\/www.gdapress.it\/it\/index.php\/wp-json\/wp\/v2\/posts\/48252\/revisions"}],"predecessor-version":[{"id":48254,"href":"https:\/\/www.gdapress.it\/it\/index.php\/wp-json\/wp\/v2\/posts\/48252\/revisions\/48254"}],"wp:attachment":[{"href":"https:\/\/www.gdapress.it\/it\/index.php\/wp-json\/wp\/v2\/media?parent=48252"}],"wp:term":[{"taxonomy":"category","embeddable":true,"href":"https:\/\/www.gdapress.it\/it\/index.php\/wp-json\/wp\/v2\/categories?post=48252"},{"taxonomy":"post_tag","embeddable":true,"href":"https:\/\/www.gdapress.it\/it\/index.php\/wp-json\/wp\/v2\/tags?post=48252"}],"curies":[{"name":"wp","href":"https:\/\/api.w.org\/{rel}","templated":true}]}}