
{"id":48240,"date":"2015-01-27T08:57:06","date_gmt":"2015-01-27T06:57:06","guid":{"rendered":"http:\/\/www.gdapress.it\/it\/?p=48240"},"modified":"2015-01-27T12:58:48","modified_gmt":"2015-01-27T10:58:48","slug":"la-morte-balla-sui-tacchi-spillo-teatro-libero-milano","status":"publish","type":"post","link":"https:\/\/www.gdapress.it\/it\/index.php\/48240\/teatro\/la-morte-balla-sui-tacchi-spillo-teatro-libero-milano.html","title":{"rendered":"&#8220;LA MORTE BALLA SUI TACCHI A SPILLO&#8221; TEATRO LIBERO MILANO"},"content":{"rendered":"<p><a href=\"http:\/\/www.gdapress.it\/it\/..\/public\/it\/2015\/01\/DSC0241-phMarinaAlessi_100x70.jpg\"><img loading=\"lazy\" decoding=\"async\" class=\"alignnone size-large wp-image-48241\" src=\"http:\/\/www.gdapress.it\/it\/..\/public\/it\/2015\/01\/DSC0241-phMarinaAlessi_100x70-500x350.jpg\" alt=\"_DSC0241-phMarinaAlessi_100x70\" width=\"500\" height=\"350\" srcset=\"https:\/\/www.gdapress.it\/it\/..\/public\/it\/2015\/01\/DSC0241-phMarinaAlessi_100x70-500x350.jpg 500w, https:\/\/www.gdapress.it\/it\/..\/public\/it\/2015\/01\/DSC0241-phMarinaAlessi_100x70-300x210.jpg 300w, https:\/\/www.gdapress.it\/it\/..\/public\/it\/2015\/01\/DSC0241-phMarinaAlessi_100x70-900x630.jpg 900w\" sizes=\"auto, (max-width: 500px) 100vw, 500px\" \/><\/a><\/p>\n<p><strong>Dal 27 gennaio all&#8217;8 febbraio 2015<\/strong><\/p>\n<p><strong>SILVANA FALLISI<\/strong><\/p>\n<p>in<\/p>\n<p><strong>&#8220;LA MORTE BALLA SUI TACCHI A SPILLO&#8221;<\/strong><\/p>\n<p><strong>\u00a0<\/strong>scritto da Michela Tilli con Corrado Accordino e Silvana Fallisi<\/p>\n<p><strong>con Silvana Fallisi<\/strong><\/p>\n<p>regia Corrado Accordino<\/p>\n<p><strong>una produzione Agidi srl<\/strong><\/p>\n<p>Perch\u00e9 non viene nessuno alla veglia di comare Vituzza? Perch\u00e9 tanta indifferenza? Donna Tanina, maestra e colonna della comunit\u00e0, si interroga sulle possibili ragioni. Lei del resto di veglie non se ne perde nemmeno una. E mentre tenta di darsi una risposta, ripercorrendo la vita dissipata e misteriosa della povera defunta, ci fa ridere di gusto. Sullo sfondo la Sicilia degli anni Sessanta, terra affascinante e contraddittoria, in viaggio verso la modernit\u00e0 ma ancora pregna di tradizioni che condizionano la vita di tutti i giorni.<\/p>\n<p>Silvana Fallisi torna a teatro con un personaggio esilarante e dalle oscure passioni scritto per lei da Michela Tilli, autrice de <em>La vita sospesa<\/em> e <em>Tutti tranne Giulia<\/em>, storie tutte al femminile. A dirigerla ancora una volta Corrado Accordino.<\/p>\n<p><strong>SILVANA FALLISI<\/strong><\/p>\n<p>Silvana Fallisi debutta in teatro nel 1984, con il T.P.R. (Teatro Popolare di Ricerca) di Padova con lo spettacolo <em>In panne<\/em> di Friedrich Durrenmatt e in seguito partecipa agli spettacoli <em>Il drago<\/em> di Evgenij Svartz e <em>Il Futurismo<\/em> (regia del maestro Lorenzo Rizzato). Con il T.R.P. partecipa, inoltre, a diverse produzioni di teatro per ragazzi, tra cui <em>La storia di tutte le storie<\/em> di Rodari del 1989 che viene premiato al Festival Teatro Ragazzi di Padova.<\/p>\n<p>Nel 1991 \u00e8 tra i fondatori del gruppo teatrale T.O.Q., che debutta con lo spettacolo comico <em>Ballando<\/em> diretto da Vasco Mirandola. Con lui, nello stesso anno, partecipa allo spettacolo comico-musicale <em>KataKeko<\/em> al seguito del quale nasce il duo comico Fallisi-Mirandola che porta in scena svariate produzioni tra le quali <em>Tra noi c\u2019\u00e8 un\u2019intercapedine<\/em> (1992) e <em>Vai col lento<\/em> (1995), un omaggio al cinema con la regia dell\u2019olandese Ted Kaiser.<\/p>\n<p>Gli anni dal 1999 al 2001 vedono Silvana Fallisi impegnata allo Zelig, dapprima partecipando al laboratorio (1999) e successivamente alle edizioni televisive di <em>Zelig Cabaret<\/em> (2000 e 2011) in onda su Italia 1 nelle quali interpreta una stramba ballerina new age e un\u2019esilarante telefonista.<\/p>\n<p>Costante presenza femminile nelle produzioni teatrali e cinematografiche del trio Aldo Giovanni e Giacomo, partecipa alle lunghe <em>tourn\u00e9e<\/em> di <em>Anplagghed<\/em> (2006) e <em>Ammutta muddica<\/em> (lo spettacolo pi\u00f9 visto del 2013) per la regia di Arturo Brachetti, entrambi trasposti in versione cinematografica e televisiva (in onda su Canale 5), e ai film <em>Chiedimi se sono felice<\/em> (2000), <em>Tu La Conosci Claudia?<\/em> (2004), <em>Il Cosmo sul Com\u00f2 <\/em>(2008) e <em>La banda dei Babbi Natale<\/em> (2010, Biglietto d\u2019oro 2011).<\/p>\n<p>Al lavoro cinematografico e teatrale con il trio alterna progetti personali: nel 2010 \u00e8 in teatro con lo spettacolo <em>Era Ora<\/em>, scritto da Alessandra Scotti e diretto da Corrado Accordino, di cui \u00e8 protagonista insieme ad Alfredo Colina. Partecipa a diversi cortometraggi del regista Alfio D\u2019Agata, tra i quali <em>Rosa<\/em> (2013), un film dedicato alla violenza sui minori e sulle donne nel quale Silvana Fallisi \u00e8 protagonista assoluta. Il corto vince il premio Golden Elephnat World (International Film &amp; Musical Festival) come miglior opera nell\u2019ambito della comunicazione sociale ed \u00e8 finalista sia ai David di Donatello 2014 nella sezione corti che al KNFF (Kalat Nissa Film Festival, Festival internazionale dei cortometraggi).<\/p>\n<p>Nel 2014 partecipa con un cameo al film <em>La buca<\/em> per la regia di Daniele Cipr\u00ec con, fra gli altri, Sergio Castellitto, Rocco Papaleo e Valeria Bruni Tedeschi.<\/p>\n<p>&nbsp;<\/p>\n<p><strong>CORRADO ACCORDINO<\/strong><\/p>\n<p>Attore, regista e scrittore, nato a Monza nel 1970. Diplomato all\u2019Accademia dei Filodrammatici di Milano, lavora nell\u2019ambito teatrale dal 1989.<\/p>\n<p>\u00c8 direttore artistico della compagnia di produzione e diffusione teatrale &#8220;Il laboratorio dell&#8217;immaginario &#8211; La Danza Immobile&#8221; dal 1998. Dal 2005 \u00e8 direttore artistico del Teatro Binario 7 di Monza, in collaborazione con Elio De Capitani.<\/p>\n<p>Nel giugno del 2008 ha contribuito alla fondazione della scuola di formazione per attori &#8220;La Scuola Delle Arti&#8221;, che dirige insieme ad Alfredo Colina.<\/p>\n<p>\u00c8 stato co-direttore artistico del Teatro Filiodrammatici di Milano dal 2008 al 2012.<\/p>\n<p>Dalla stagione 2013\/2014 \u00e8 co-direttore artistico del Teatro Libero di Milano insieme con Corrado d&#8217;Elia.<\/p>\n<p>\u00c8 stato direttore artistico del Teatro Villoresi di Monza dal 2001 al 2005 e direttore artistico del Festival \u201cBorgo in Festival\u201d che negli Anni Novanta si \u00e8 tenuto a Castiglione del Terziere, in provincia di Massa Carrara. Nel 2011 \u00e8 coordinatore artistico per il progetto Ph-Performing Heritage, l&#8217;evento diffuso del Distretto Culturale Evoluto di Monza.<\/p>\n<p>Nella stagione 2014-15, oltre a <em>La morte balla sui tacchi a spillo<\/em>, firma le regie degli spettacoli<em> La danza immobile<\/em> e <em>Dell&#8217;amore e d&#8217;altri demoni<\/em>.<\/p>\n<p>Come narratore ha pubblicato due libri: una raccolta di racconti <em>Cuore barbaro<\/em> (ed. Mobydick, 1997) e il romanzo <em>Il cattivo bambino<\/em> (ed. Mobydick 2000).<\/p>\n<p>&nbsp;<\/p>\n<p><strong>MICHELA TILLI<\/strong><\/p>\n<p>Michela Tilli \u00e8 nata a Savona nel 1974 e vive a Monza. \u00c8 laureata in filosofia ed \u00e8 stata giornalista, prima per la televisione satellitare \u201cSalute e Benessere\u201d, poi per alcune riviste femminili come \u201cIntimit\u00e0\u201d. Da qualche anno ha lasciato il giornalismo per dedicarsi ai libri, cominciando come correttrice di bozze per Feltrinelli e Mondadori. Dopo l\u2019esordio con tre racconti online per la rivista \u201cFernandel\u201d, ha pubblicato i romanzi <em>La vita sospesa<\/em> (Fernandel, 2011), <em>Tutti tranne Giulia<\/em> (Fernandel, 2012) e <em>Ogni giorno come fossi bambina<\/em> (Garzanti, 2015), che ha gi\u00e0 attirato l\u2019attenzione di diversi editori stranieri. Per il teatro ha esordito con il testo<em> La Bella e la Bestia, ovvero la storia d&#8217;Amore e Psiche<\/em>, lettura scenica con Valeria Perdon\u00f2 e Corrado Accordino, regia di Corrado Accordino, al Teatro della Villa Reale di Monza nel settembre 2014.<\/p>\n<p><strong>Teatro Libero<\/strong><\/p>\n<p><strong>Via Savona, 10 &#8211; Milano<\/strong><\/p>\n<p><strong><span style=\"text-decoration: underline;\">\u00a0<\/span><\/strong><\/p>\n<p><strong><span style=\"text-decoration: underline;\">BIGLIETTERIA<\/span><\/strong><\/p>\n<p><strong>PREZZI BIGLIETTI<\/strong><\/p>\n<p>Intero \u20ac 21,00<\/p>\n<p>Ridotto under26 e over60 \u20ac 15,00<\/p>\n<p>Allievi Teatri Possibili con TPCard \u20ac 10,00<\/p>\n<p>Allievi altre scuole di teatro \u20ac 13,00<\/p>\n<p>Prevendita \u20ac 1,50<\/p>\n<p><strong>ORARIO SPETTACOLI<\/strong><br \/>\nDa marted\u00ec a sabato ore 21.00<\/p>\n<p>Domenica ore 16.00<\/p>\n<p>Luned\u00ec riposo<\/p>\n<p><strong>ORARI BIGLIETTERIA<br \/>\n<\/strong>Da luned\u00ec a venerd\u00ec dalle 15.00 alle 19.00<\/p>\n<p><strong>Nei giorni di spettacolo:<br \/>\n<\/strong>Da luned\u00ec a venerd\u00ec fino alle 21.30<br \/>\nSabato dalle 19.00 alle 21.30<\/p>\n<p>Domenica dalle 14.00 alle 16.30<\/p>\n<p><strong><span style=\"text-decoration: underline;\">CONTATTI<\/span><\/strong><\/p>\n<p>02 8323126<br \/>\n<a href=\"mailto:biglietteria@teatrolibero.it\">biglietteria@teatrolibero.it<\/a><\/p>\n<p>&nbsp;<\/p>\n<p><strong>ACQUISTI ONLINE<\/strong><\/p>\n<p><a href=\"http:\/\/www.teatrolibero.it\/\">www.teatrolibero.it<\/a><\/p>\n","protected":false},"excerpt":{"rendered":"<p>Dal 27 gennaio all&#8217;8 febbraio 2015 SILVANA FALLISI in &#8220;LA MORTE BALLA SUI TACCHI A SPILLO&#8221; \u00a0scritto da Michela Tilli con Corrado Accordino e Silvana Fallisi con Silvana Fallisi regia Corrado Accordino una produzione Agidi srl Perch\u00e9 non viene nessuno alla veglia di comare Vituzza? Perch\u00e9 tanta indifferenza? Donna Tanina, maestra e colonna della comunit\u00e0, &hellip; <a href=\"https:\/\/www.gdapress.it\/it\/index.php\/48240\/teatro\/la-morte-balla-sui-tacchi-spillo-teatro-libero-milano.html\" class=\"more-link\">Read more <span class=\"screen-reader-text\">&#8220;LA MORTE BALLA SUI TACCHI A SPILLO&#8221; TEATRO LIBERO MILANO<\/span><\/a><\/p>\n","protected":false},"author":3,"featured_media":0,"comment_status":"closed","ping_status":"open","sticky":false,"template":"","format":"standard","meta":{"footnotes":""},"categories":[1],"tags":[14491,17,11941],"class_list":["post-48240","post","type-post","status-publish","format-standard","hentry","category-teatro","tag-fallisi","tag-milano","tag-teatro-libero"],"_links":{"self":[{"href":"https:\/\/www.gdapress.it\/it\/index.php\/wp-json\/wp\/v2\/posts\/48240","targetHints":{"allow":["GET"]}}],"collection":[{"href":"https:\/\/www.gdapress.it\/it\/index.php\/wp-json\/wp\/v2\/posts"}],"about":[{"href":"https:\/\/www.gdapress.it\/it\/index.php\/wp-json\/wp\/v2\/types\/post"}],"author":[{"embeddable":true,"href":"https:\/\/www.gdapress.it\/it\/index.php\/wp-json\/wp\/v2\/users\/3"}],"replies":[{"embeddable":true,"href":"https:\/\/www.gdapress.it\/it\/index.php\/wp-json\/wp\/v2\/comments?post=48240"}],"version-history":[{"count":3,"href":"https:\/\/www.gdapress.it\/it\/index.php\/wp-json\/wp\/v2\/posts\/48240\/revisions"}],"predecessor-version":[{"id":48248,"href":"https:\/\/www.gdapress.it\/it\/index.php\/wp-json\/wp\/v2\/posts\/48240\/revisions\/48248"}],"wp:attachment":[{"href":"https:\/\/www.gdapress.it\/it\/index.php\/wp-json\/wp\/v2\/media?parent=48240"}],"wp:term":[{"taxonomy":"category","embeddable":true,"href":"https:\/\/www.gdapress.it\/it\/index.php\/wp-json\/wp\/v2\/categories?post=48240"},{"taxonomy":"post_tag","embeddable":true,"href":"https:\/\/www.gdapress.it\/it\/index.php\/wp-json\/wp\/v2\/tags?post=48240"}],"curies":[{"name":"wp","href":"https:\/\/api.w.org\/{rel}","templated":true}]}}