
{"id":48041,"date":"2015-01-20T23:19:30","date_gmt":"2015-01-20T21:19:30","guid":{"rendered":"http:\/\/www.gdapress.it\/it\/?p=48041"},"modified":"2015-01-20T23:19:30","modified_gmt":"2015-01-20T21:19:30","slug":"luigi-veronelli-camminare-la-terra-la-triennale-di-milano","status":"publish","type":"post","link":"https:\/\/www.gdapress.it\/it\/index.php\/48041\/arte\/luigi-veronelli-camminare-la-terra-la-triennale-di-milano.html","title":{"rendered":"Luigi Veronelli &#8211; camminare la terra a la Triennale di Milano"},"content":{"rendered":"<p><a href=\"http:\/\/www.gdapress.it\/it\/..\/public\/it\/2015\/01\/ImageProxy-62.jpg\"><img loading=\"lazy\" decoding=\"async\" class=\"alignnone size-large wp-image-48042\" src=\"http:\/\/www.gdapress.it\/it\/..\/public\/it\/2015\/01\/ImageProxy-62-500x197.jpg\" alt=\"ImageProxy (62)\" width=\"500\" height=\"197\" srcset=\"https:\/\/www.gdapress.it\/it\/..\/public\/it\/2015\/01\/ImageProxy-62-500x197.jpg 500w, https:\/\/www.gdapress.it\/it\/..\/public\/it\/2015\/01\/ImageProxy-62-300x118.jpg 300w, https:\/\/www.gdapress.it\/it\/..\/public\/it\/2015\/01\/ImageProxy-62.jpg 640w\" sizes=\"auto, (max-width: 500px) 100vw, 500px\" \/><\/a><\/p>\n<p>Luigi Veronelli &#8211; camminare la terra<br \/>\n21 gennaio &#8211; 22 febbraio 2015<br \/>\nLA TRIENNALE DI MILANO<br \/>\nViale Alemagna, 6, \u00a0Milano<\/p>\n<p>La mostra si svolge \u201cCon l\u2019Adesione del Presidente della Repubblica\u201d;<br \/>\nIl patrocinio della Regione Lombardia, la collaborazione e il patrocinio del Comune di Bergamo;<br \/>\nil patrocinio del Comune di Milano; e con Il sostegno di Allegrini, Marchesi Antinori, Bellavista,<br \/>\nBolaffi, Braida Giacomo Bologna, Fondazione Bussolera Branca, Le Fracce, Nonino distillatori,<br \/>\nMovimento Turismo del Vino, Tenuta San Guido, e degli oltre 65 promotori del Comitato decennale<br \/>\nLuigi Veronelli.<br \/>\nA Bergamo, dall\u20191 maggio al 31 ottobre 2015<br \/>\n\u201cChi cammina la terra sa che l\u2019importante non \u00e8 arrivare, ma procedere, passo dopo passo. Camminare<br \/>\nla terra \u00e8 esprimere il nostro vivere in continuo movimento. Talvolta occorre fermarsi per<br \/>\nriposare o per pensare e per gioire o per piangere, e alla fine ricominciare a camminare. Fermarsi<br \/>\nanche per ricordare e rivivere la strada percorsa\u201d. (Luigi Veronelli)<br \/>\nLuigi Veronelli \u00e8 stato molto pi\u00f9 di un editore, di un giornalista o di un gastronomo. \u00c8 stato attore<br \/>\ne testimone della profonda trasformazione della societ\u00e0 e dell\u2019economia del nostro Paese nella seconda<br \/>\nmet\u00e0 del secolo scorso. Un intellettuale che si \u00e8 sempre basato su proprie forti convinzioni,<br \/>\nsenza mai sottrarsi ai confronti, anche aspri, n\u00e9 rinnegando le inevitabili contraddizioni.<br \/>\n\u00c8 proprio \u2018camminando la terra\u2019 con le proprie gambe che Veronelli ha incontrato le migliori energie<br \/>\ndel Paese, le donne e gli uomini che con il loro lavoro e i loro prodotti crearono le premesse per<br \/>\nla rinascita economica e sociale dell\u2019Italia: da qui la decisione del Comitato, nato per valorizzare<br \/>\nla sua opera e il suo pensiero, di intitolare la mostra \u201cCamminare la terra\u201d, con un intento che \u00e8<br \/>\nmanifesto, testamento, invito e che, di Veronelli, fu profezia.<br \/>\nLa mostra, curata da Alberto Capatti, Aldo Colonetti e Gian Arturo Rota, indaga il metodo di lavoro,<br \/>\nla formazione eclettica e le proposte per un futuro, auspicabile e necessario, al cui centro siano<br \/>\nla terra e la cultura materiale. Grazie alla valorizzazione del vasto archivio, si \u00e8 potuto disegnare<br \/>\nun profilo pi\u00f9 preciso della poliedricit\u00e0 di Luigi Veronelli e, al contempo, storicizzare la figura,<br \/>\nmettendola in relazione con il clima culturale in cui ha operato.Il vino \u00e8 solo il punto d\u2019avvio per mettere a fuoco il rapporto di Veronelli con la cultura del cibo,<br \/>\nla sua inclinazione a leggere in anticipo i fatti e la capacit\u00e0 di stimolare riflessioni da angolature<br \/>\nsempre originali. Nel percorso della mostra, progettata da Franco Origoni e Anna Steiner, sono<br \/>\nmesse poi in evidenza le sue intuizioni \u201cglocal\u201d, la forza poetica del suo pensiero che spinge ad<br \/>\nagire con grande concretezza, la sua sensibilit\u00e0 sociale che non \u00e8 mai stata solo una dichiarazione<br \/>\nd\u2019intenti, quanto una concreta pratica politica quotidiana.<br \/>\nI visitatori della mostra avranno la possibilit\u00e0 di vivere un\u2019esperienza multisensoriale unica grazie<br \/>\nal supporto della tecnologia Vocal-it\u00ae One, la App che, attraverso i codici QR, permetter\u00e0 ai visitatori<br \/>\ndi essere accompagnati lungo il percorso espositivo dalla voce di Luigi Veronelli.<br \/>\nVocal-it\u00ae One \u00e8 stata ideata e realizzata da Trizero srl, l\u2019azienda lecchese che aveva gi\u00e0 collaborato<br \/>\ncon il Comitato decennale Luigi Veronelli durante il laboratorio \u201cRevival anni \u201870. Sei vini emblematici<br \/>\nin assaggio\u201d al Salone del gusto di Torino.<br \/>\nLa mostra dalla Triennale di Milano si trasferir\u00e0 a Bergamo, dal 1 maggio al 31 ottobre 2015.<br \/>\nGli aggiornamenti sulla mostra sono consultabili sul sito www.camminarelaterra.it mentre quelli<br \/>\nsulle iniziative del Comitato decennale sul sito www.decennaleveronelli.it<\/p>\n<p>LA TRIENNALE DI MILANO<br \/>\nViale Alemagna, 6, 20121 Milano<br \/>\nmarted\u00ec\/domenica 10.30-20.30 &#8211; gioved\u00ec 10.30 \u2013 23. Luned\u00ec chiuso.<br \/>\nIngresso Libero<br \/>\nwww.camminarelaterra.it<br \/>\nPromotori: Comitato decennale Luigi Veronelli e Triennale di Milano, in collaborazione con il Comune<br \/>\ndi Bergamo<br \/>\nCuratori: Alberto Capatti, Aldo Colonetti, Gian Arturo Rota<br \/>\nProgettisti: Franco Origoni e Anna Steiner<br \/>\nCatalogo: Giunti\/Ottagono<br \/>\nContributi in catalogo: Alberto Capatti, Aldo Colonetti, Luciano Ferraro, Eduardo Grottanelli de\u2019<br \/>\nSanti, Gian Arturo Rota, Nichi Stefi<br \/>\nCoordinamento organizzativo: Scatola Cinese System, Milano<br \/>\nFUORI MOSTRA<br \/>\n5A. Degustazioni al Triennale DesignCaf\u00e9<br \/>\nOgni gioved\u00ec nel periodo della mostra, dalle 19 alle 21, il Triennale DesignCaf\u00e9 sar\u00e0 teatro di<br \/>\nincontri in cui i partecipanti potranno conoscere alcuni tra i vini che hanno fatto la storia dell\u2019enologia<br \/>\nitaliana. Degustazioni a tema accompagnate da finger food.<br \/>\nLa partecipazione, su prenotazione, \u00e8 riservata ad un massimo di 40 persone a serata.<br \/>\nCosto a persona: 50\u20ac.<br \/>\nConduce le degustazioni Roger Sesto, allievo di Veronelli.<br \/>\nInformazioni e prenotazioni:<br \/>\nCoordinamento Organizzativo<br \/>\nScatola Cinese System, Milano &#8211; scatol07@scatolacinese.191.it<br \/>\nIl calendario<br \/>\n1. Gioved\u00ec 22 Gennaio 2015<br \/>\nTENUTA DI FIORANO, ROMA<br \/>\nIl Fiorano, vigne lungo l\u2019Appia Antica, tra i primi \u201cmoderni\u201d vini italiani.<br \/>\nFiorano Bianco, 2011 e 2012<br \/>\nFiorano Rosso 1988, 2007 e 2008<br \/>\n2. Gioved\u00ec 29 Gennaio 2015<br \/>\nAZIENDA AGRICOLA BRAIDA-GIACOMO BOLOGNA, ROCCHETTA TANARO (ASTI)<br \/>\nDue vini simbolo: quello che ha rivoluzionato il mondo della Barbera e quello che lo ha \u201csublimato\u201d.<br \/>\nBricco dell\u2019Uccellone: verticale storica delle annate 1982, 1983, 1990, 2003<br \/>\nAi Suma: 2001<br \/>\n3. Gioved\u00ec 5 Febbraio 2015<br \/>\nASSOCIAZIONE PRODUTTORI DEL NIZZA, NIZZA MONFERRATO (ASTI)<br \/>\nUn gruppo di aziende che difende, con rigidi vincoli colturali e biologici, la Barbera del Monferrato.<br \/>\nNizza (Barbera d\u2019Asti Superiore): verticale di cinque annate<br \/>\n4. Gioved\u00ec 12 Febbraio 2015:<br \/>\nAZIENDA AGRICOLA ALLEGRINI, FUMANE DI VALPOLICELLA (VERONA)<br \/>\nUna \u201cpanoramica\u201d di una delle aziende italiane pi\u00f9 intraprendenti e lungimiranti.<br \/>\nAmarone della Valpolicella Classico 2010<br \/>\nSondraia Bolgheri Superiore 2011<br \/>\nSolosole Bolgheri Vermentino 2013<br \/>\nBrunello di Montalcino 2009<br \/>\n5. Gioved\u00ec 19 Febbraio 2015<br \/>\nLE BOTTIGLIE DI GINO<br \/>\nUna cinquina di annate rare e prestigiose, provenienti dalla leggendaria cantina di Veronelli.<br \/>\nVernaccia di San Gimignano 1978, Monte Oliveto<br \/>\nTerrano di Sagrado, 1983, Castelvecchio<br \/>\nCarmignano Villa Capezzana Riserva, 1972, Contini Bonaccossi<br \/>\nBarolo Le Coste, 1978, Scarpa<br \/>\nBarbacarlo, 1969, Maga Lino<\/p>\n<p>5B. Degustazioni Teatro7 Lab<br \/>\nMarted\u00ec 17 febbraio 2015<br \/>\nIn occasione di \u201cCamminare la terra\u201d, la scuola di cucina milanese organizzer\u00e0 una serata ispirata<br \/>\nal libro pubblicato da Luigi Veronelli nel 1984 Matrimoni d\u2019amore. Gli accostamenti ideali cibo<br \/>\nvino. Per questa lezione il cuoco di teatro7 Lab Roberto Cuculo ha selezionato, tra i tanti pubblicati,<br \/>\ni piatti della tradizione lombarda. Un criterio di scelta che punta a far riemergere un passato<br \/>\nfatto di gusti semplici ma decisi, con abbinamenti a vini poco conosciuti ai pi\u00f9, perch\u00e9 lontani<br \/>\ndalle mode.<br \/>\nProprio in febbraio Teatro7 compie dieci anni di attivit\u00e0. La serata dedicata a Veronelli \u00e8 uno degli<br \/>\nappuntamenti centrali delle celebrazioni che iniziano l\u20198 febbraio con tre lezioni di cucina del<br \/>\ncuoco siciliano Ciccio Sultano.<br \/>\nInformazioni e prenotazioni:<br \/>\nCosto a persona: 110 euro<br \/>\nteatro7 Lab &#8211; via Thaon di Revel 7, Milano<br \/>\nt. 02\/89073719 ks@teatro7.com www.teatro7.com<\/p>\n","protected":false},"excerpt":{"rendered":"<p>Luigi Veronelli &#8211; camminare la terra 21 gennaio &#8211; 22 febbraio 2015 LA TRIENNALE DI MILANO Viale Alemagna, 6, \u00a0Milano La mostra si svolge \u201cCon l\u2019Adesione del Presidente della Repubblica\u201d; Il patrocinio della Regione Lombardia, la collaborazione e il patrocinio del Comune di Bergamo; il patrocinio del Comune di Milano; e con Il sostegno di &hellip; <a href=\"https:\/\/www.gdapress.it\/it\/index.php\/48041\/arte\/luigi-veronelli-camminare-la-terra-la-triennale-di-milano.html\" class=\"more-link\">Read more <span class=\"screen-reader-text\">Luigi Veronelli &#8211; camminare la terra a la Triennale di Milano<\/span><\/a><\/p>\n","protected":false},"author":3,"featured_media":0,"comment_status":"closed","ping_status":"open","sticky":false,"template":"","format":"standard","meta":{"footnotes":""},"categories":[4,20],"tags":[14438,17,2998,30,144],"class_list":["post-48041","post","type-post","status-publish","format-standard","hentry","category-arte","category-enogastronomia","tag-luigi-veronelli","tag-milano","tag-terra","tag-triennale","tag-vino"],"_links":{"self":[{"href":"https:\/\/www.gdapress.it\/it\/index.php\/wp-json\/wp\/v2\/posts\/48041","targetHints":{"allow":["GET"]}}],"collection":[{"href":"https:\/\/www.gdapress.it\/it\/index.php\/wp-json\/wp\/v2\/posts"}],"about":[{"href":"https:\/\/www.gdapress.it\/it\/index.php\/wp-json\/wp\/v2\/types\/post"}],"author":[{"embeddable":true,"href":"https:\/\/www.gdapress.it\/it\/index.php\/wp-json\/wp\/v2\/users\/3"}],"replies":[{"embeddable":true,"href":"https:\/\/www.gdapress.it\/it\/index.php\/wp-json\/wp\/v2\/comments?post=48041"}],"version-history":[{"count":1,"href":"https:\/\/www.gdapress.it\/it\/index.php\/wp-json\/wp\/v2\/posts\/48041\/revisions"}],"predecessor-version":[{"id":48043,"href":"https:\/\/www.gdapress.it\/it\/index.php\/wp-json\/wp\/v2\/posts\/48041\/revisions\/48043"}],"wp:attachment":[{"href":"https:\/\/www.gdapress.it\/it\/index.php\/wp-json\/wp\/v2\/media?parent=48041"}],"wp:term":[{"taxonomy":"category","embeddable":true,"href":"https:\/\/www.gdapress.it\/it\/index.php\/wp-json\/wp\/v2\/categories?post=48041"},{"taxonomy":"post_tag","embeddable":true,"href":"https:\/\/www.gdapress.it\/it\/index.php\/wp-json\/wp\/v2\/tags?post=48041"}],"curies":[{"name":"wp","href":"https:\/\/api.w.org\/{rel}","templated":true}]}}