
{"id":47708,"date":"2015-01-04T19:55:06","date_gmt":"2015-01-04T17:55:06","guid":{"rendered":"http:\/\/www.gdapress.it\/it\/?p=47708"},"modified":"2014-12-31T20:15:08","modified_gmt":"2014-12-31T18:15:08","slug":"dopo-successi-tv-latteso-ritorno-teatro-di-gabriele-cirilli","status":"publish","type":"post","link":"https:\/\/www.gdapress.it\/it\/index.php\/47708\/spettacoli\/dopo-successi-tv-latteso-ritorno-teatro-di-gabriele-cirilli.html","title":{"rendered":"DOPO I SUCCESSI IN TV, L&#8217;ATTESO RITORNO A TEATRO DI GABRIELE CIRILLI"},"content":{"rendered":"<p><a href=\"http:\/\/www.gdapress.it\/it\/..\/public\/it\/2014\/12\/cirilli_taleequaleame_200.jpg\"><img loading=\"lazy\" decoding=\"async\" class=\"alignnone size-large wp-image-47710\" src=\"http:\/\/www.gdapress.it\/it\/..\/public\/it\/2014\/12\/cirilli_taleequaleame_200.jpg\" alt=\"cirilli_taleequaleame_200\" width=\"200\" height=\"222\" \/><\/a><\/p>\n<p>Gabriele Cirilli a teatro con &#8220;Tale e quale&#8230;. a me!&#8221; dal 20 dicembre 2014 e poi in tour \/ Al Teatro della Luna di Milano il 5 gennaio<\/p>\n<p>E.M.A. Produzioni<\/p>\n<p>presenta<\/p>\n<p>Gabriele CIRILLI<\/p>\n<p>in<\/p>\n<p>&#8220;TALE E QUALE&#8230; A ME!&#8221;<\/p>\n<p>DOPO I SUCCESSI IN TV, L&#8217;ATTESO RITORNO A TEATRO DI GABRIELE CIRILLI<\/p>\n<p>Il racconto delle tradizioni familiari (la cucina del Sud, il Natale, i parenti), la gavetta a Roma e i primi lavori a Milano, la vita quotidiana in una grande citt\u00e0 che fa apprezzare il ritorno in provincia, nella casa dei genitori dove ogni ricordo \u00e8 legato a piatti, aromi e rumori che provengono da una cucina dove la madre si aggira affaccendata; le donne della sua vita, la madre innanzitutto, ma anche la moglie naturalmente, cui dedica una romantica lettera d&#8217;amore, e perfino la suocera, cui deve &#8211; incredibile! &#8211; una parte del suo successo.<\/p>\n<p>Sono solo alcuni dei momenti del nuovo spettacolo teatrale &#8220;Tale e quale&#8230;a me!&#8221;, che vedr\u00e0 impegnato Gabriele Cirilli da dicembre, subito dopo la fine dell&#8217;esperienza televisiva di grande successo come ospite fisso di &#8220;Tale e Quale Show&#8221;; Cirilli ha scelto le Marche per la residenza di allestimento al Teatro Apollo di Mogliano (MC) e per l&#8217;anteprima nazionale del 3 gennaio al Teatro La Fenice di Senigallia (AN). Il tour prender\u00e0 quindi il via ufficialmente al Teatro della Luna di Milano il 5 gennaio.<\/p>\n<p>Secondo la teoria dei &#8220;7 Sosia&#8221;, per ognuno di noi, nel mondo, esisterebbero 7 &#8220;doppioni&#8221;, 7 uomini o donne tali e quali a noi. &#8220;Ehi, ma tu sei tale e quale al mio benzinaio!&#8221;, &#8220;&#8230;al mio parrucchiere!&#8221;, &#8220;&#8230;alla mia vicina!&#8221;, &#8220;&#8230;a quel cantante&#8230; come si chiama? &#8230;dai quello famoso&#8230;&#8221;: siamo tutti destinati al &#8220;tale e quale&#8221;, ma se esiste una regola, ci sar\u00e0 di sicuro anche l&#8217;eccezione? Esisteranno casi del tutto unici e singolari, persone i cui tratti somatici e un peculiare trasformismo di espressioni si coniugano insieme in maniera cos\u00ec imprevedibile da sfuggire alla statistica, tanto da risultare tali e quali. soltanto a se stessi? \u00c8 la domanda che si pone Gabriele Cirilli in apertura dello spettacolo, avventurandosi cos\u00ec in un percorso a ritroso attraverso la sua carriera, fatto di ricordi, profumi, musica: tra comicit\u00e0 esilarante, commedia degli equivoci e cabaret, Cirilli &#8211; che sembrava un predestinato al &#8220;tale e quale&#8221; &#8211; affronta cos\u00ec il palcoscenico con disinvoltura e leggerezza, in un tuffo nel passato, tra racconti di vita vissuta ed episodi che toccano le corde dell&#8217;anima e rimangono impressi nella memoria degli spettatori. Uno spettacolo nuovo, dinamico, in cui Gabriele Cirilli porta in scena insieme a lui tanti personaggi che fanno parte della sua vita personale e artistica e prendono corpo all&#8217;interno di una drammaturgia lineare, tra monologhi, flashback e racconti che strizzano l&#8217;occhio al Variet\u00e0 con la &#8220;V&#8221; maiuscola, il variet\u00e0 d&#8217;altri tempi: i rapporti con la famiglia, con i parenti, con i luoghi della giovinezza, con la grande citt\u00e0, con le tradizioni. Sono finestre sulla quotidianit\u00e0 rilette con spirito dissacrante, ma al tempo stesso poetico e attuale, quelle che permettono a Cirilli di cimentarsi con una prova d&#8217;attore completa e poliedrica da mattatore della risata, in cui, attraverso il ritorno al passato, esprime la sua maturit\u00e0 artistica facendo vivere ogni volta un personaggio diverso da s\u00e9.<br \/>\n<a class=\"\" href=\"http:\/\/www.gabrielecirilli.it\/\" target=\"\">www.gabrielecirilli.it<\/a><\/p>\n<p>Facebook: Gabriele-Cirilli<\/p>\n<p>Twitter: GabCirilli<\/p>\n","protected":false},"excerpt":{"rendered":"<p>Gabriele Cirilli a teatro con &#8220;Tale e quale&#8230;. a me!&#8221; dal 20 dicembre 2014 e poi in tour \/ Al Teatro della Luna di Milano il 5 gennaio E.M.A. Produzioni presenta Gabriele CIRILLI in &#8220;TALE E QUALE&#8230; A ME!&#8221; DOPO I SUCCESSI IN TV, L&#8217;ATTESO RITORNO A TEATRO DI GABRIELE CIRILLI Il racconto delle tradizioni &hellip; <a href=\"https:\/\/www.gdapress.it\/it\/index.php\/47708\/spettacoli\/dopo-successi-tv-latteso-ritorno-teatro-di-gabriele-cirilli.html\" class=\"more-link\">Read more <span class=\"screen-reader-text\">DOPO I SUCCESSI IN TV, L&#8217;ATTESO RITORNO A TEATRO DI GABRIELE CIRILLI<\/span><\/a><\/p>\n","protected":false},"author":3,"featured_media":0,"comment_status":"closed","ping_status":"open","sticky":false,"template":"","format":"standard","meta":{"footnotes":""},"categories":[8],"tags":[12377,17,7271],"class_list":["post-47708","post","type-post","status-publish","format-standard","hentry","category-spettacoli","tag-cirilli","tag-milano","tag-teatro-della-luna"],"_links":{"self":[{"href":"https:\/\/www.gdapress.it\/it\/index.php\/wp-json\/wp\/v2\/posts\/47708","targetHints":{"allow":["GET"]}}],"collection":[{"href":"https:\/\/www.gdapress.it\/it\/index.php\/wp-json\/wp\/v2\/posts"}],"about":[{"href":"https:\/\/www.gdapress.it\/it\/index.php\/wp-json\/wp\/v2\/types\/post"}],"author":[{"embeddable":true,"href":"https:\/\/www.gdapress.it\/it\/index.php\/wp-json\/wp\/v2\/users\/3"}],"replies":[{"embeddable":true,"href":"https:\/\/www.gdapress.it\/it\/index.php\/wp-json\/wp\/v2\/comments?post=47708"}],"version-history":[{"count":1,"href":"https:\/\/www.gdapress.it\/it\/index.php\/wp-json\/wp\/v2\/posts\/47708\/revisions"}],"predecessor-version":[{"id":47711,"href":"https:\/\/www.gdapress.it\/it\/index.php\/wp-json\/wp\/v2\/posts\/47708\/revisions\/47711"}],"wp:attachment":[{"href":"https:\/\/www.gdapress.it\/it\/index.php\/wp-json\/wp\/v2\/media?parent=47708"}],"wp:term":[{"taxonomy":"category","embeddable":true,"href":"https:\/\/www.gdapress.it\/it\/index.php\/wp-json\/wp\/v2\/categories?post=47708"},{"taxonomy":"post_tag","embeddable":true,"href":"https:\/\/www.gdapress.it\/it\/index.php\/wp-json\/wp\/v2\/tags?post=47708"}],"curies":[{"name":"wp","href":"https:\/\/api.w.org\/{rel}","templated":true}]}}