
{"id":47666,"date":"2014-12-26T13:15:10","date_gmt":"2014-12-26T11:15:10","guid":{"rendered":"http:\/\/www.gdapress.it\/it\/?p=47666"},"modified":"2014-12-26T13:15:10","modified_gmt":"2014-12-26T11:15:10","slug":"elfo-puccini-sala-fassbinder-grasse-risate-lacrime-magre","status":"publish","type":"post","link":"https:\/\/www.gdapress.it\/it\/index.php\/47666\/teatro\/elfo-puccini-sala-fassbinder-grasse-risate-lacrime-magre.html","title":{"rendered":"Elfo Puccini, sala Fassbinder Grasse risate, lacrime magre"},"content":{"rendered":"<p><a href=\"http:\/\/www.gdapress.it\/it\/..\/public\/it\/2014\/12\/gabriele_lopez_fotografo-web.jpg\"><img loading=\"lazy\" decoding=\"async\" class=\"alignnone size-medium wp-image-47667\" src=\"http:\/\/www.gdapress.it\/it\/..\/public\/it\/2014\/12\/gabriele_lopez_fotografo-web-300x199.jpg\" alt=\"gabriele_lopez_fotografo- web\" width=\"300\" height=\"199\" srcset=\"https:\/\/www.gdapress.it\/it\/..\/public\/it\/2014\/12\/gabriele_lopez_fotografo-web-300x199.jpg 300w, https:\/\/www.gdapress.it\/it\/..\/public\/it\/2014\/12\/gabriele_lopez_fotografo-web-500x332.jpg 500w, https:\/\/www.gdapress.it\/it\/..\/public\/it\/2014\/12\/gabriele_lopez_fotografo-web.jpg 640w\" sizes=\"auto, (max-width: 300px) 100vw, 300px\" \/><\/a><\/p>\n<p>26 dicembre &#8211; 4 gennaio | sala Fassbinder<\/p>\n<p><strong>\u00a0<\/strong><strong>GRASSE RISATE, LACRIME MAGRE!<\/strong><\/p>\n<p>di e con Paolo Faroni &amp; Fabio Paroni<\/p>\n<p>Compagnia Blusclint<\/p>\n<p>Doppio appuntamento in sala Fassbinder durante le feste di Natale. Giovani compagnie, artisti alla ricerca disperata di un modo per sopravvivere, si prendono per i fondelli senza piet\u00e0. Due visioni ribaltate della realt\u00e0 di travolgente comicit\u00e0: in prima serata GRASSE RISATE, LACRIME MAGRE! e in seconda serata\u00a0 GENERAZIONE DISAGIO &#8211; dopodich\u00e9 stasera mi butto.<\/p>\n<p>A grande richiesta torna lo spettacolo che ha aperto la scorsa edizione di Nuove storie: uno sberleffo ai luoghi comuni del mondo del teatro e ai suoi stereotipi, in quattro quadri, pi\u00f9 prologo ed epilogo.<\/p>\n<p><strong><em>Grasse risate, lacrime magre<\/em><\/strong> \u00e8 un gioco al massacro sul teatro, il secondo mestiere pi\u00f9 vecchio del mondo, ma molto meno redditizio del primo! Una girandola di battute su malesseri e disagi di quello che alcuni chiamano lavoro, nella speranza che un giorno ci sia un posto fisso anche per loro!<\/p>\n<p>Quattro quadri che vivisezionano allegramente il mestiere dell\u2019attore, per raccontarlo a chi non lo vive e rivelare quante connessioni vi sono con altri ambiti lavorativi:<\/p>\n<p>COMICI (MICA DA RIDERE): una coppia di giovani comici alle prese con il debutto televisivo in un\u2019importante trasmissione di cabaret.<\/p>\n<p>COLLOQUIO DI LAVORO: un regista neodiplomato e pieno di entusiasmo si reca dal direttore artistico di un circuito teatrale lombardo a presentare un progetto per la messa in scena di un testo di un autore olandese contemporaneo con attori altrettanto giovani e volenterosi.<\/p>\n<p>AI CONFINI DELLA REALT\u00c0: due vecchi compagni di liceo si incontrano alla fermata del tram e si raccontano quello che hanno fatto nella vita: uno \u00e8 diventato attore di teatro e l\u2019altro dentista. Soltanto che, nel \u201cmondo\u201d in cui vivono, i luoghi comuni di entrambe le professioni vengono ribaltati.<\/p>\n<p>UN TRISTE ADDIO: una coppia di attori si divide perch\u00e9 uno dei due, assentatosi per mesi, si \u00e8 sposato. Il dramma di dover scegliere tra una famiglia, una vita comoda e un&#8217;esistenza senza punti fermi e perlopi\u00f9 solitaria.<\/p>\n<p>&nbsp;<\/p>\n<p><strong>Blusclint<\/strong> nasce dall\u2019incontro tra Paolo Faroni e Massimo Canepa, due giovani ospiti di un centro di salute mentale. Si sono divertiti cos\u00ec tanto che, dopo anni di cure e lavori teatrali in proprio, hanno deciso di unire forze e amici invisibili. Dagli psicofarmaci al teatro il passo \u00e8 breve: nel maggio 2010, con lo spettacolo <em>Woof! Un mel\u00f2punk<\/em>, sono tra i vincitori della rassegna torinese Rigenerazione e due anni dopo ottengono il tutto esaurito al Torino Fringe Festival. Nel 2012 vincono il bando Sistema Teatro Torino con il progetto <em>Hamlets<\/em>. Nell&#8217;aprile scorso ha debuttato la nuova produzione <em>Apocalypse Wow!<\/em>.<\/p>\n<p>&nbsp;<\/p>\n<p>________________________________________________________________________<\/p>\n<p><strong>26 dicembre\/ 4 gennaio &#8211; Elfo Puccini, <\/strong><strong>corso Buenos Aires 33, Milano<\/strong><\/p>\n<p>Feriali ore 21.00, festivi ore 17.00 &#8211; Riposo luned\u00ec 29 dicembre e gioved\u00ec 1 gennaio &#8211;\u00a0 Informazioni e prenotazioni: tel. 02\/0066.06.06 &#8211; Intero 30.50 \u20ac, Ridotto giovani\/anziani 16 \u20ac, marted\u00ec 20 \u20ac &#8211; www.elfo.org<\/p>\n<p><strong>31 dicembre ore 21.00, <\/strong>Intero 30.50 \u20ac &#8211; <strong>Doppio spettacolo:<\/strong> <em>Grasse risate, lacrime magre<\/em> (ore 21) + <em>Generazione disagio<\/em> (ore 22.30) <strong>43 \u20ac<\/strong><\/p>\n","protected":false},"excerpt":{"rendered":"<p>26 dicembre &#8211; 4 gennaio | sala Fassbinder \u00a0GRASSE RISATE, LACRIME MAGRE! di e con Paolo Faroni &amp; Fabio Paroni Compagnia Blusclint Doppio appuntamento in sala Fassbinder durante le feste di Natale. Giovani compagnie, artisti alla ricerca disperata di un modo per sopravvivere, si prendono per i fondelli senza piet\u00e0. Due visioni ribaltate della realt\u00e0 &hellip; <a href=\"https:\/\/www.gdapress.it\/it\/index.php\/47666\/teatro\/elfo-puccini-sala-fassbinder-grasse-risate-lacrime-magre.html\" class=\"more-link\">Read more <span class=\"screen-reader-text\">Elfo Puccini, sala Fassbinder Grasse risate, lacrime magre<\/span><\/a><\/p>\n","protected":false},"author":3,"featured_media":0,"comment_status":"closed","ping_status":"open","sticky":false,"template":"","format":"standard","meta":{"footnotes":""},"categories":[1],"tags":[95,1902,6603],"class_list":["post-47666","post","type-post","status-publish","format-standard","hentry","category-teatro","tag-100-milano","tag-elfo-puccini","tag-sala-fassbinder"],"_links":{"self":[{"href":"https:\/\/www.gdapress.it\/it\/index.php\/wp-json\/wp\/v2\/posts\/47666","targetHints":{"allow":["GET"]}}],"collection":[{"href":"https:\/\/www.gdapress.it\/it\/index.php\/wp-json\/wp\/v2\/posts"}],"about":[{"href":"https:\/\/www.gdapress.it\/it\/index.php\/wp-json\/wp\/v2\/types\/post"}],"author":[{"embeddable":true,"href":"https:\/\/www.gdapress.it\/it\/index.php\/wp-json\/wp\/v2\/users\/3"}],"replies":[{"embeddable":true,"href":"https:\/\/www.gdapress.it\/it\/index.php\/wp-json\/wp\/v2\/comments?post=47666"}],"version-history":[{"count":1,"href":"https:\/\/www.gdapress.it\/it\/index.php\/wp-json\/wp\/v2\/posts\/47666\/revisions"}],"predecessor-version":[{"id":47668,"href":"https:\/\/www.gdapress.it\/it\/index.php\/wp-json\/wp\/v2\/posts\/47666\/revisions\/47668"}],"wp:attachment":[{"href":"https:\/\/www.gdapress.it\/it\/index.php\/wp-json\/wp\/v2\/media?parent=47666"}],"wp:term":[{"taxonomy":"category","embeddable":true,"href":"https:\/\/www.gdapress.it\/it\/index.php\/wp-json\/wp\/v2\/categories?post=47666"},{"taxonomy":"post_tag","embeddable":true,"href":"https:\/\/www.gdapress.it\/it\/index.php\/wp-json\/wp\/v2\/tags?post=47666"}],"curies":[{"name":"wp","href":"https:\/\/api.w.org\/{rel}","templated":true}]}}