
{"id":47657,"date":"2014-12-26T13:01:36","date_gmt":"2014-12-26T11:01:36","guid":{"rendered":"http:\/\/www.gdapress.it\/it\/?p=47657"},"modified":"2014-12-26T13:01:36","modified_gmt":"2014-12-26T11:01:36","slug":"milano-ride-e-canta-con-walter-di-gemma","status":"publish","type":"post","link":"https:\/\/www.gdapress.it\/it\/index.php\/47657\/teatro\/milano-ride-e-canta-con-walter-di-gemma.html","title":{"rendered":"\u201cMILANO RIDE E CANTA\u201d CON WALTER DI GEMMA"},"content":{"rendered":"<p>Politeatro di Viale Lucania &#8211; Milano<\/p>\n<p>ore 16<\/p>\n<p>UN SANTO STEFANO CON I GRANDI AUTORI MILANESI<\/p>\n<p>Walter Di Gemma, cantautore e cabarettista, prosegue \u2013 dopo il successo del primo appuntamento con la tradizione popolare milanese, \u201cMilano ride e canta\u201d.<\/p>\n<p>Seconda data, venerd\u00ec 26 dicembre alle ore 16, per celebrare Milano e i suoi pi\u00f9 grandi autori nell\u2019occasione di Santo Stefano.<\/p>\n<p>Al Politeatro di Viale Lucania si rivive cos\u00ec l\u2019atmosfera tradizionale di un tempo, quando per le famiglie era irrinunciabile trascorrere le giornate di festa al cinema o al teatro, luoghi certamente pi\u00f9 coinvolgenti di qualsiasi centro commerciale. Anche questa \u00e8 la Milano che non esiste pi\u00f9: quella che racconta i personaggi, le piazze, l\u2019amore sul Naviglio, gli angoli abbandonati delle strade\u2026 la Milano tanto amata dai pi\u00f9 importanti esponenti della tradizione: Nino Rossi, Giovanni D\u2019Anzi, Giorgio Gaber, Enzo Jannacci\u2026 Si rivela vincente la rassegna organizzata da Gennaro D\u2019Avanzo, che ha puntato senza dubbi su Walter Di Gemma quale unico interprete \u2013 attualmente \u2013 in grado di restituire queste emozioni. Ancora la poesia e l\u2019ironia meneghina, sul palco del Politeatro.<\/p>\n<p>\u201cMilano ride e canta\u201d \u00e8 una rassegna di tre appuntamenti dedicati alla canzone popolare, alla canzone d\u2019autore e al cabaret che a Milano e al suo teatro ha dato un\u2019impronta decisiva di cui si stanno perdendo i contorni, complice anche la diffusione di contenitori televisivi troppo distanti dal vero cabaret.<\/p>\n<p><em>\u201cIl nostro intento,\u00a0 con questa rassegna, \u00e8 coinvolgere il pubblico in un\u2019operazione di divulgazione culturale e riscoperta delle tradizioni, che sono tutt\u2019altro che morte. Basterebbe solo prendersi il tempo di conoscerle per scoprire quanto ci sia di attuale e profondamente nostro. E\u2019 per questo che si tratta di spettacoli adatti anche a un pubblico di giovani. Come la cultura romana e quella napoletana, negli ultimi decenni particolarmente veicolate dal cinema e dalla televisione, anche quella milanese merita di avere un suo spazio e una sua identit\u00e0 riconoscibile, di cui le persone \u2013 i milanesi per primi \u2013 sanno molto poco. Attraverso monologhi, canzoni, battute, poesie e letteratura percorreremo insieme le note che hanno composto la storia artistica di Milano.\u201d<\/em><\/p>\n<p><em>Gennaro D\u2019Avanzo<\/em><\/p>\n<p>Questi i prossimi appuntamenti:<\/p>\n<p>Venerd\u00ec 26 dicembre \u2013 \u201cOmaggio ai grandi autori milanesi\u201d &#8211; Domenica 25 gennaio \u2013 \u201cIl cabaret milanese\u201d<\/p>\n<p>&nbsp;<\/p>\n","protected":false},"excerpt":{"rendered":"<p>Politeatro di Viale Lucania &#8211; Milano ore 16 UN SANTO STEFANO CON I GRANDI AUTORI MILANESI Walter Di Gemma, cantautore e cabarettista, prosegue \u2013 dopo il successo del primo appuntamento con la tradizione popolare milanese, \u201cMilano ride e canta\u201d. Seconda data, venerd\u00ec 26 dicembre alle ore 16, per celebrare Milano e i suoi pi\u00f9 grandi &hellip; <a href=\"https:\/\/www.gdapress.it\/it\/index.php\/47657\/teatro\/milano-ride-e-canta-con-walter-di-gemma.html\" class=\"more-link\">Read more <span class=\"screen-reader-text\">\u201cMILANO RIDE E CANTA\u201d CON WALTER DI GEMMA<\/span><\/a><\/p>\n","protected":false},"author":3,"featured_media":0,"comment_status":"closed","ping_status":"open","sticky":false,"template":"","format":"standard","meta":{"footnotes":""},"categories":[1],"tags":[14354,17,12563],"class_list":["post-47657","post","type-post","status-publish","format-standard","hentry","category-teatro","tag-di-gemma","tag-milano","tag-politeatro"],"_links":{"self":[{"href":"https:\/\/www.gdapress.it\/it\/index.php\/wp-json\/wp\/v2\/posts\/47657","targetHints":{"allow":["GET"]}}],"collection":[{"href":"https:\/\/www.gdapress.it\/it\/index.php\/wp-json\/wp\/v2\/posts"}],"about":[{"href":"https:\/\/www.gdapress.it\/it\/index.php\/wp-json\/wp\/v2\/types\/post"}],"author":[{"embeddable":true,"href":"https:\/\/www.gdapress.it\/it\/index.php\/wp-json\/wp\/v2\/users\/3"}],"replies":[{"embeddable":true,"href":"https:\/\/www.gdapress.it\/it\/index.php\/wp-json\/wp\/v2\/comments?post=47657"}],"version-history":[{"count":1,"href":"https:\/\/www.gdapress.it\/it\/index.php\/wp-json\/wp\/v2\/posts\/47657\/revisions"}],"predecessor-version":[{"id":47658,"href":"https:\/\/www.gdapress.it\/it\/index.php\/wp-json\/wp\/v2\/posts\/47657\/revisions\/47658"}],"wp:attachment":[{"href":"https:\/\/www.gdapress.it\/it\/index.php\/wp-json\/wp\/v2\/media?parent=47657"}],"wp:term":[{"taxonomy":"category","embeddable":true,"href":"https:\/\/www.gdapress.it\/it\/index.php\/wp-json\/wp\/v2\/categories?post=47657"},{"taxonomy":"post_tag","embeddable":true,"href":"https:\/\/www.gdapress.it\/it\/index.php\/wp-json\/wp\/v2\/tags?post=47657"}],"curies":[{"name":"wp","href":"https:\/\/api.w.org\/{rel}","templated":true}]}}