
{"id":47590,"date":"2014-12-21T09:38:08","date_gmt":"2014-12-21T07:38:08","guid":{"rendered":"http:\/\/www.gdapress.it\/it\/?p=47590"},"modified":"2014-12-21T09:38:08","modified_gmt":"2014-12-21T07:38:08","slug":"mic-animazione-orsi-sotto-lalbero","status":"publish","type":"post","link":"https:\/\/www.gdapress.it\/it\/index.php\/47590\/cinema\/mic-animazione-orsi-sotto-lalbero.html","title":{"rendered":"MIC  ANIMAZIONE &#038; ORSI  SOTTO L\u2019ALBERO"},"content":{"rendered":"<p><a href=\"http:\/\/www.gdapress.it\/it\/..\/public\/it\/2014\/12\/la-regina-delle-nevi.jpg\"><img loading=\"lazy\" decoding=\"async\" class=\"alignnone size-medium wp-image-47591\" src=\"http:\/\/www.gdapress.it\/it\/..\/public\/it\/2014\/12\/la-regina-delle-nevi-300x225.jpg\" alt=\"la regina delle nevi\" width=\"300\" height=\"225\" srcset=\"https:\/\/www.gdapress.it\/it\/..\/public\/it\/2014\/12\/la-regina-delle-nevi-300x225.jpg 300w, https:\/\/www.gdapress.it\/it\/..\/public\/it\/2014\/12\/la-regina-delle-nevi-500x375.jpg 500w, https:\/\/www.gdapress.it\/it\/..\/public\/it\/2014\/12\/la-regina-delle-nevi.jpg 800w\" sizes=\"auto, (max-width: 300px) 100vw, 300px\" \/><\/a><\/p>\n<p><strong>MIC \u2013 MUSEO INTERATTIVO DEL CINEMA<\/strong><\/p>\n<p>Viale Fulvio Testi 121, Milano<\/p>\n<p><strong>ANIMAZIONE &amp; ORSI <\/strong><\/p>\n<p><strong>SOTTO L\u2019ALBERO <\/strong><\/p>\n<p>Dal 21 dicembre 2014 al 6 gennaio 2015<\/p>\n<p><strong>\u00a0<\/strong><\/p>\n<p><strong>Dal 21 dicembre 2014 al 6 gennaio 2015 <\/strong>presso il MIC &#8211; Museo Interattivo del Cinema, Fondazione Cineteca Italiana presenta<strong> ANIMAZIONE &amp; ORSI SOTTO L\u2019ALBERO<\/strong>, un programma natalizio composto da due rassegne cinematografiche interamente dedicate ai bambini e alle famiglie.<\/p>\n<p>&nbsp;<\/p>\n<p>Ad aprire questo ricco programma, uno dei capolavori del cinema d\u2019animazione mondiale, <strong><em>La regina delle nevi<\/em><\/strong>, ora riportato alla sua originaria bellezza dal restauro digitale di Cineteca Italiana. Come il recente\u00a0e molto apprezzato <em>Frozen-Il regno di ghiaccio<\/em>, \u00e8 tratto dall\u2019omonima fiaba di Hans Christian Andersen. Realizzato nel 1957 da Lev Atamanov con un profondo buon gusto e molta poesia, racconta la magica amicizia fra un bambino e una bambina che lottano contro un malefico incantesimo della crudele tiranna Regina delle nevi.<\/p>\n<p>&nbsp;<\/p>\n<p>Il secondo appuntamento dedicato ai bambini e alle famiglie \u00e8 <strong>Attenti all\u2019orso!<\/strong>, rassegna con protagonisti i pi\u00f9 celebri orsetti della storia del cinema. Il primo film in calendario \u00e8 <strong>Pil\u00f9, l\u2019orsacchiotto con il sorriso all\u2019ingi\u00f9<\/strong>, film di animazione diretto da Bert Ring incentrato sulla diversit\u00e0, la solidariet\u00e0 e l\u2019amicizia.<\/p>\n<p>In rassegna tante altre opere per ragazzi con protagonisti orsi di tutti i tipi: <strong><em>Clara e il segreto degli orsi<\/em><\/strong>, dove la giovane eroina ha un\u2019importante missione da portare a termine, quella di salvare un cucciolo d\u2019orso e riportare l\u2019equilibrio fra gli uomini e la natura; <strong><em>L\u2019orso Yoghi<\/em><\/strong>, diretto nel 2010 da Eric Brevig, un film di animazione che tra l\u2019uso del 3D e di alcune singolari scelte musicali risulta esilarante per i pi\u00f9 piccoli ma anche per gli adulti; <strong><em>The Great Bear<\/em><\/strong>, grande avventura di un bambino di 11 anni che si ritrova a dover affrontare la foresta per salvare la sua sorellina, rapita da un gigante orso di 1000 anni;\u00a0 <strong><em>Boog e Elliot \u2013 A caccia di amici<\/em><\/strong>, cartone originale che racconta la buffa amicizia fra un grizzly pigro e viziato e un cervo goffo e maldestro, impegnati a liberare la foresta dalla presenza degli esseri umani; il documentario <strong><em>Terre des Ours<\/em><\/strong>, diretto da Vincent Guillame, ambientato nella penisola del Kamchatka, uno degli ultimi paradisi selvaggi della terra, il regno degli orsi, dove una madre e i suoi due cuccioli, un giovane orso e un maschio adulto vivono nel pi\u00f9 straordinario degli scenari, un tripudio naturale, e durante questa avventura i loro percorsi si incrociano e allontanano; <strong><em>Koda fratello orso<\/em><\/strong>, film della\u00a0Disney\u00a0del\u00a02003\u00a0ispirato al Re Lear\u00a0di\u00a0Shakespeare\u00a0e a una vecchia leggenda del\u00a0Per\u00f9, che racconta come l\u2019istinto degli animali sia paragonabile a quello dell\u2019uomo, che pur disponendo di una mente superiore deve imparare ad usarla; <strong><em>L\u2019ours<\/em><\/strong>, storia struggente di un orsetto orfano ambientata nella Columbia Britannica nel 1885, ma girata sulle Dolomiti e le Alpi tirolesi.<\/p>\n<p>&nbsp;<\/p>\n<p>Infine, per la giornata dell\u2019Epifania, in programma il recentissimo <strong><em>Il mio amico Nanuk<\/em><\/strong>, piccolo capolavoro diretto da Branco Quilici, una favola ecologista che mostra amore e rispetto per la natura e incoraggia gli uomini a non arrendersi mai. <strong>A seguire merenda per i pi\u00f9 piccoli e presentazione della nuova postazione interattiva del MIC dedicata ai bambini e realizzata in collaborazione con EPSON<\/strong>.<\/p>\n<p>Tra le varie funzioni, questa macchina permetter\u00e0 ai visitatori di divertirsi con il cinema ordinando le icone e creando cos\u00ec la trama di un film esistente o di pura fantasia. L\u2019utilizzo di questa lavagna interattiva sar\u00e0 didattico, oltre che di svago, in quanto stimoler\u00e0 la creativit\u00e0 e la memoria, inducendo i ragazzi a ricordare le scene e gli elementi pi\u00f9 caratterizzanti di un film.<\/p>\n<p>&nbsp;<\/p>\n<p><strong>INFO<\/strong><\/p>\n<p><a href=\"mailto:info@cinetecamilano.it\">info@cinetecamilano.it<\/a><\/p>\n<p><a href=\"http:\/\/www.cinetecamilano.it\/\">www.cinetecamilano.it<\/a><\/p>\n<p>T 02 87242114<\/p>\n<p><strong>MODALIT\u00c0 D\u2019INGRESSO ALLE PROIEZIONI<\/strong><\/p>\n<p>Biglietto d\u2019ingresso intero: \u20ac 5,50<\/p>\n<p>Biglietto d\u2019ingresso ridotto: \u20ac 4,00<em>\u00a0<\/em><\/p>\n<p>Biglietto d\u2019ingresso adulto + bambino: \u20ac 6,00<\/p>\n<p>&nbsp;<\/p>\n<p>&nbsp;<\/p>\n<p>&nbsp;<\/p>\n","protected":false},"excerpt":{"rendered":"<p>MIC \u2013 MUSEO INTERATTIVO DEL CINEMA Viale Fulvio Testi 121, Milano ANIMAZIONE &amp; ORSI SOTTO L\u2019ALBERO Dal 21 dicembre 2014 al 6 gennaio 2015 \u00a0 Dal 21 dicembre 2014 al 6 gennaio 2015 presso il MIC &#8211; Museo Interattivo del Cinema, Fondazione Cineteca Italiana presenta ANIMAZIONE &amp; ORSI SOTTO L\u2019ALBERO, un programma natalizio composto da &hellip; <a href=\"https:\/\/www.gdapress.it\/it\/index.php\/47590\/cinema\/mic-animazione-orsi-sotto-lalbero.html\" class=\"more-link\">Read more <span class=\"screen-reader-text\">MIC  ANIMAZIONE &#038; ORSI  SOTTO L\u2019ALBERO<\/span><\/a><\/p>\n","protected":false},"author":3,"featured_media":0,"comment_status":"closed","ping_status":"open","sticky":false,"template":"","format":"standard","meta":{"footnotes":""},"categories":[21],"tags":[14343,8624,17],"class_list":["post-47590","post","type-post","status-publish","format-standard","hentry","category-cinema","tag-animazione-orsi","tag-mic","tag-milano"],"_links":{"self":[{"href":"https:\/\/www.gdapress.it\/it\/index.php\/wp-json\/wp\/v2\/posts\/47590","targetHints":{"allow":["GET"]}}],"collection":[{"href":"https:\/\/www.gdapress.it\/it\/index.php\/wp-json\/wp\/v2\/posts"}],"about":[{"href":"https:\/\/www.gdapress.it\/it\/index.php\/wp-json\/wp\/v2\/types\/post"}],"author":[{"embeddable":true,"href":"https:\/\/www.gdapress.it\/it\/index.php\/wp-json\/wp\/v2\/users\/3"}],"replies":[{"embeddable":true,"href":"https:\/\/www.gdapress.it\/it\/index.php\/wp-json\/wp\/v2\/comments?post=47590"}],"version-history":[{"count":1,"href":"https:\/\/www.gdapress.it\/it\/index.php\/wp-json\/wp\/v2\/posts\/47590\/revisions"}],"predecessor-version":[{"id":47592,"href":"https:\/\/www.gdapress.it\/it\/index.php\/wp-json\/wp\/v2\/posts\/47590\/revisions\/47592"}],"wp:attachment":[{"href":"https:\/\/www.gdapress.it\/it\/index.php\/wp-json\/wp\/v2\/media?parent=47590"}],"wp:term":[{"taxonomy":"category","embeddable":true,"href":"https:\/\/www.gdapress.it\/it\/index.php\/wp-json\/wp\/v2\/categories?post=47590"},{"taxonomy":"post_tag","embeddable":true,"href":"https:\/\/www.gdapress.it\/it\/index.php\/wp-json\/wp\/v2\/tags?post=47590"}],"curies":[{"name":"wp","href":"https:\/\/api.w.org\/{rel}","templated":true}]}}