
{"id":47468,"date":"2014-12-14T00:39:01","date_gmt":"2014-12-13T22:39:01","guid":{"rendered":"http:\/\/www.gdapress.it\/it\/?p=47468"},"modified":"2014-12-14T00:39:01","modified_gmt":"2014-12-13T22:39:01","slug":"aperitivo-concerto-teatro-manzoni-concerto-di-natale","status":"publish","type":"post","link":"https:\/\/www.gdapress.it\/it\/index.php\/47468\/musica\/aperitivo-concerto-teatro-manzoni-concerto-di-natale.html","title":{"rendered":"APERITIVO IN CONCERTO Teatro Manzoni CONCERTO DI NATALE"},"content":{"rendered":"<div class=\"ContentRight WithRightRail FullView\" style=\"color: #000000;\" data-link=\"class{:~tag.contentRightClass(Layout.IsFullView, Layout.ReadingPaneMode)}\">\n<div class=\"ContentRightInner t_mbgc t_qtc t_urtc\" style=\"color: #444444;\">\n<div id=\"inboxControl0fv-ReadMessageContainer\" class=\"v-ReadMessageContainer slideOnResize\" tabindex=\"-1\">\n<div class=\"c-ReadMessage\" data-link=\"class{readMessageClass: ~tag.Show}\">\n<div id=\"ReadMessageScrollableSection\" class=\"rmMessages ClearBoth\" tabindex=\"-1\">\n<div id=\"readMessagePartControl2419f\" class=\"c-ReadMessagePart ReadMsgContainer HasLayout ClearBoth HideShadows FullPart NoHistory Read RmIc\" data-link=\"class{:~tag.getHeaderCssClass(IsConversationPart, IsRead, IsDraft, IsTrustedSender, Items.length)}\">\n<div class=\"c-ReadMessagePartBody\" data-link=\"class{getClass:IsBodyExpanded}\">\n<div class=\"readMsgBody\">\n<div id=\"bodyreadMessagePartBodyControl2424f\" class=\"ExternalClass MsgBodyContainer\" data-link=\"class{:~tag.cssClasses(PlainText, IsContentFiltered)}\">\n<p class=\"ecxMsoNormal\" align=\"center\"><b style=\"font-weight: bold;\"><i style=\"font-style: italic;\"><span style=\"color: red;\">APERITIVO IN CONCERTO\u00a0<\/span><\/i><\/b><b style=\"font-weight: bold;\"><span style=\"color: red;\">2014-2015<\/span><\/b><\/p>\n<p class=\"ecxMsoNormal\" align=\"center\"><b style=\"font-weight: bold;\"><span style=\"color: red;\">Teatro Manzoni\u00a0<\/span><\/b><\/p>\n<p class=\"ecxMsoNormal\" align=\"center\"><b style=\"font-weight: bold;\"><span style=\"color: red;\">Via Manzoni, 42 \u2013 Milano<\/span><\/b><\/p>\n<p class=\"ecxMsoNormal\" align=\"center\"><b style=\"font-weight: bold;\"><span style=\"color: #000000;\">\u00a0<\/span><\/b><\/p>\n<p class=\"ecxMsoNormal\" align=\"center\"><b style=\"font-weight: bold;\"><span style=\"color: #000000;\">CONCERTO DI NATALE<\/span><\/b><\/p>\n<p class=\"ecxMsoNormal\" align=\"center\"><b style=\"font-weight: bold;\"><span style=\"color: #000000;\">\u00a0<\/span><\/b><\/p>\n<p class=\"ecxMsoNormal\" align=\"center\"><b style=\"font-weight: bold;\"><span style=\"color: red;\"><span style=\"font-size: x-large;\">DOMENICA 14 DICEMBRE 2014 ore 11.00<\/span><\/span><\/b><\/p>\n<p class=\"ecxMsoNormal\" align=\"center\"><b style=\"font-weight: bold;\"><span style=\"color: blue;\">PRIMA E UNICA DATA ITALIANA<\/span><\/b><\/p>\n<p class=\"ecxMsoNormal\" align=\"center\"><b style=\"font-weight: bold;\"><span style=\"color: #000000;\">\u00a0<\/span><\/b><\/p>\n<p class=\"ecxMsoNormal\" align=\"center\"><b style=\"font-weight: bold;\"><i style=\"font-style: italic;\"><span style=\"color: red;\"><span style=\"color: #000000;\">Una leggenda della grande musica brasiliana<\/span><\/span><\/i><\/b><\/p>\n<p class=\"ecxMsoNormal\" align=\"center\"><b style=\"font-weight: bold;\"><i style=\"font-style: italic;\"><span style=\"color: red;\"><span style=\"color: #000000;\">il padre del samba \u2013 jazz e bossa nova<\/span><\/span><\/i><\/b><\/p>\n<p class=\"ecxMsoNormal\" align=\"center\">\n<p class=\"ecxMsoNormal\" align=\"center\"><b style=\"font-weight: bold;\"><span style=\"color: red;\"><span style=\"font-size: x-large;\">C\u00c9SAR CAMARGO MARIANO QUARTET<\/span><\/span><\/b><\/p>\n<p class=\"ecxMsoNormal\"><span style=\"color: #000000; font-size: medium;\">\u00a0<\/span><\/p>\n<p class=\"ecxMsoNormal\" align=\"center\"><span style=\"color: #000000;\">\u00a0<\/span><span style=\"color: #000000;\">\u00a0<\/span><\/p>\n<p class=\"ecxMsoNormal\"><span style=\"font-size: medium;\">Domenica 14 dicembre 2014, alle ore 11.00, presso il Teatro Manzoni di Milano (via Manzoni, 42), \u201c<b style=\"font-weight: bold;\"><i style=\"font-style: italic;\">Aperitivo in Concerto<\/i><\/b>\u201d offre al suo pubblico un\u00a0<b style=\"font-weight: bold;\">Concerto di Natale\u00a0<\/b>sorprendente e trascinante:presenta la prima e unica data italiana del quartetto guidato dal pianista, compositore e arrangiatore\u00a0<b style=\"font-weight: bold;\">C\u00e9sar Camargo Mariano<\/b>, un musicista straordinario che non \u00e8 esagerato definire almeno una leggenda della musica brasiliana.<\/span><\/p>\n<p class=\"ecxMsoNormal\"><span style=\"color: #000000;\"><span style=\"font-size: medium;\">Non \u00e8 possibile condensare adeguatamente la biografia di questo artista fuori del comune, che in oltre cinquant\u2019anni ha letteralmente inventato e articolato la musica brasiliana moderna, esercitando un\u2019inarrestabile influenza\u00a0<span style=\"text-decoration: underline;\">sulla nascita della bossa nova<\/span>,\u00a0<span style=\"text-decoration: underline;\">sui rapporti fra la tradizione musicale brasiliana e il jazz<\/span><\/span><\/span><span style=\"font-size: medium;\"><span style=\"color: #000000;\">\u00a0e su di una vera e propria pletora di artisti, non ultima fra i quali la indimenticabile cantante Elis Regina, di cui C\u00e9sar Camargo Mariano \u00e8 stato a sua volta ispiratore nell\u2019arte e nella vita. N\u00e9 vanno dimenticati interpreti e strumentisti con i quali Mariano ha avuto intensi sodalizi artistici: Al Jarreau, Yo-Yo Ma, Blossom Dearie, Melba Liston, Ant\u00f4nio Carlos Jobim, Sadao Watanabe, Ernie Watts, Rita Lee, Michel Legrand, Wilson Simonal, Michael Brecker, Dianne Reeves, Gal Costa, Elza Soares, Wagner Tiso, Moacir Santos, Leny Andrade, Nana Caymmi, Chico Burarque, Maria Beth\u00e2nia, Jo\u00e3o Bosco, Elizeth Cardoso, Edu Lobo, Milton Nascimento, Michel Petrucciani, Ron Carter, Claudio Roditi, Jane Monheit, Joe Lovano, Beth Carvalho, Ivan Lins, Leila Pinheiro, Romero Lubambo, H\u00e9lio Delmiro, Freddy Cole, Kevin Mahogany, Johnny Alf, Ivete Sangalo, Jorge Ben, per citarne solo alcuni.<\/span><\/span><\/p>\n<p class=\"ecxMsoNormal\"><span style=\"font-size: medium;\"><span style=\"color: #000000;\">A Milano, C\u00e9sar Camargo Mariano rilegger\u00e0 gli ultimi cinquant\u2019anni della musica brasiliana, proprio gli anni di cui egli \u00e8 stato ed \u00e8 ancora protagonista. Sar\u00e0 affiancato da un gruppo di eccellenti musicisti, come il chitarrista\u00a0<strong style=\"font-weight: bold;\">Conrado Goys<\/strong>\u00a0(da anni arrangiatore e accompagnatore di Pedro Mariano), il contrabbassista\u00a0<strong style=\"font-weight: bold;\">Sidiel Vieira<\/strong>\u00a0(gi\u00e0 collaboratore di artisti del calibro di Ohad Talmor, John Escreet, Ed Motta, Johnny Alf, Ala\u00edde Costa, Airto Moreira, H\u00e9lio Delmiro, Raul de Souza, Roberto Menescal, Danilo Caymmi, Romero Lubambo, Leo Gandelman, Jo\u00e3o Bosco, Cl\u00e1udio Roditi, Helio Alves) e il batterista<strong style=\"font-weight: bold;\">Thiago Rabello<\/strong>\u00a0(Paulo Moura, Leny Andrade, Jo\u00e2o Bosco, Gafieira S\u00e2o Paulo, Elza Soares, Arnaldo Antunes, Romero Lubambo, Lenine).<\/span><\/span><\/p>\n<p class=\"ecxMsoNormal\">\n<p class=\"ecxMsoNormal\"><span style=\"font-size: medium;\"><span style=\"color: #000000;\">C\u00e9sar Camargo Mariano nasce il 19 settembre 1943. All\u2019et\u00e0 di tredici anni il padre gli regala un pianoforte, sul quale inizia a esercitarsi ad orecchio, non avendo mai praticato studi musicali. Nove mesi dopo, nel giugno 1957, la celebre trombonista e arrangiatrice americana Melba Liston invita il giovane musicista a partecipare ad un suo concerto in un jazz club di Rio de Janeiro, presentandolo poi in un programma speciale della R\u00e1dio Globo dedicato al \u201cbambino prodigio che suona il jazz\u201d (<\/span><i style=\"font-style: italic;\"><span style=\"color: #000000;\">O menino-prod\u00edgio que toca jazz<\/span><\/i><span style=\"color: #000000;\">). Nello stesso anno, Mariano incontra Johnny Alf, pianista e compositore geniale, forse il vero, primo ispiratore della futura bossa nova. Alf, amico intimo della famiglia, si trasferisce per un periodo a casa dei Mariano e insegna al giovane pianista i rudimenti della composizione e della tecnica pianistica, visto che Mariano continua a suonare ad orecchio. Il padre, professore di musica, impartisce al figlio ulteriori lezioni di armonia: Mariano organizza i suoi primi gruppi strumentali, esibendosi in molti locali di S\u00e3o Paulo, dove una televisione locale, TV Record, gli dedica uno \u201cspeciale\u201d intitolato\u00a0<\/span><i style=\"font-style: italic;\"><span style=\"color: #000000;\">Passaporte para o Estrelato<\/span><\/i><span style=\"color: #000000;\">\u00a0(Passaporto per le stelle)<\/span><\/span><\/p>\n<p class=\"ecxMsoNormal\"><span style=\"font-size: medium;\"><span style=\"color: #000000;\">Nel 1958, Nat &#8220;King&#8221; Cole si esibisce in Brasile per la prima volta. C\u00e9sar Camargo Mariano, che come pianista era stato profondamente influenzato dal grande artista americano, viene chiamato per \u201cdoppiare\u201d lo stesso Cole negli annunci radiotelevisivi dell\u2019evento, ed in talune inquadrature deve esibirsi con le braccia e le mani \u201cscurite\u201d con della tintura. Cole vede lo spot in televisione e, impressionato dall\u2019abilit\u00e0 del giovane pianista, lo invita ad esibirsi nel suo show, accompagnato dall\u2019orchestra di William Furneaux, nonostante C\u00e9sar non sappia ancora leggere la musica. La vita pratica, per\u00f2, bussa, per cos\u00ec dire, alla porta, e Mariano comincia a lavorare in banca. Nel tempo libero, si esibisce in alcuni locali della citt\u00e0 con un suo quartetto, che viene notato dal compositore, pianista e arrangiatore italiano Enrico Simonetti, trasferitosi per alcuni anni in Brasile. Simonetti, oberato da impegni, si fa sostituire in molte esibizioni dal vivo dallo stesso C\u00e9sar Camargo Mariano, a capo di un consistente ensemble strumentale chiamato\u00a0<\/span><i style=\"font-style: italic;\"><span style=\"color: #000000;\">Tr\u00eas Am\u00e9ricas<\/span><\/i><span style=\"color: #000000;\">.<\/span><\/span><\/p>\n<p class=\"ecxMsoNormal\"><span style=\"font-size: medium;\"><span style=\"color: #000000;\">Nel 1963, come produttore e strumentista della cantante Claudete Soares, Mariano si afferma come compositore e arrangiatore e, con il trio Sambalan\u00e7o, di cui fanno parte il percussionista e batterista Airto Moreira e il contrabbassista Humberto Clayber, diventa fra i protagonisti della nascente bossa nova, che presto fonder\u00e0 con l\u2019improvvisazione jazzistica, dando vita al cosiddetto samba-jazz. Da quel momento, si esibisce con i pi\u00f9 grandi artisti popolari brasiliani, come Chico Buarque, Elizeth Cardoso, Edu Lobo e, dal 1971, Elis Regina, con la quale si unisce nella vita non solo artistica e realizza ben quattordici dischi. E\u2019 l\u2019inizio di una carriera non solo brasiliana, ma internazionale, con collaborazioni con gli artisti pi\u00f9 importanti della scena mondiale, da Michel Legrand e Yo-Yo Ma a Sadao Watanabe o Michel Petrucciani, passando dalle musiche teatrali alle colonne sonore di alcune fra le pi\u00f9 significative pellicole di registi brasiliani, dalle incisioni discografiche come\u00a0<\/span><i style=\"font-style: italic;\"><span style=\"color: #000000;\">Samambaia<\/span><\/i><span style=\"color: #000000;\">\u00a0con H\u00e9lio Delmiro alle realizzazioni con i pi\u00f9 noti improvvisatori americani, da John Patitucci a Michael Brecker, senza dimenticare le esibizioni con tutti i pi\u00f9 affermati interpreti brasiliani, da Ant\u00f4nio Carlos Jobim a Milton Nascimento e,\u00a0<\/span><i style=\"font-style: italic;\"><span style=\"color: #000000;\">last but not least<\/span><\/i><span style=\"color: #000000;\">, i figli Pedro Mariano e Rita Lee, anch\u2019essi ben noti cantanti.<\/span><\/span><\/p>\n<p class=\"ecxMsoNormal\"><span style=\"color: red;\">\u00a0 \u00a0 \u00a0 \u00a0 \u00a0 \u00a0 \u00a0 \u00a0 \u00a0 \u00a0 \u00a0 \u00a0 \u00a0 \u00a0 \u00a0 \u00a0 \u00a0 \u00a0 \u00a0 \u00a0 \u00a0 \u00a0 \u00a0 \u00a0 \u00a0 \u00a0 \u00a0 \u00a0 \u00a0 \u00a0\u00a0<\/span><\/p>\n<p class=\"ecxMsoNormal\"><b style=\"font-weight: bold;\"><span style=\"color: #000000;\">Biglietto intero \u20ac 12 + \u20ac 1 prev.<\/span><span style=\"color: #000000;\">\u00a0\u00a0\u00a0\u00a0<\/span><span style=\"color: #000000;\">\u00a0\u00a0\u00a0\u00a0\u00a0\u00a0\u00a0\u00a0\u00a0\u00a0\u00a0\u00a0\u00a0\u00a0\u00a0\u00a0\u00a0\u00a0\u00a0\u00a0\u00a0\u00a0\u00a0\u00a0\u00a0\u00a0\u00a0\u00a0\u00a0\u00a0\u00a0<\/span><\/b><\/p>\n<p class=\"ecxMsoNormal\"><b style=\"font-weight: bold;\"><span style=\"color: #000000;\">Ridotto giovani \u20ac 8 + \u20ac 1 prev.<\/span><span style=\"color: #000000;\">\u00a0\u00a0\u00a0\u00a0\u00a0\u00a0\u00a0\u00a0\u00a0\u00a0\u00a0\u00a0<\/span><span style=\"color: #000000;\">\u00a0\u00a0\u00a0\u00a0\u00a0\u00a0\u00a0\u00a0\u00a0\u00a0\u00a0\u00a0\u00a0\u00a0\u00a0\u00a0\u00a0\u00a0\u00a0\u00a0\u00a0\u00a0\u00a0\u00a0\u00a0<\/span><\/b><\/p>\n<p class=\"ecxMsoNormal\"><b style=\"font-weight: bold;\"><span style=\"color: #000000;\">dal 29 settembre<\/span><span style=\"color: #000000;\">\u00a0\u00a0\u00a0\u00a0\u00a0\u00a0\u00a0\u00a0\u00a0\u00a0\u00a0\u00a0\u00a0\u00a0\u00a0\u00a0\u00a0\u00a0\u00a0\u00a0\u00a0\u00a0\u00a0\u00a0\u00a0\u00a0\u00a0\u00a0\u00a0\u00a0\u00a0\u00a0\u00a0<\/span><span style=\"color: #000000;\">\u00a0<\/span><span style=\"color: #000000;\">\u00a0 \u00a0 \u00a0 \u00a0 \u00a0 \u00a0 \u00a0 \u00a0 \u00a0 \u00a0 \u00a0 \u00a0 \u00a0<\/span><\/b><\/p>\n<p class=\"ecxMsoNormal\"><span style=\"color: #000000;\">alla cassa del Teatro<\/span><span style=\"color: #000000;\">\u00a0\u00a0\u00a0\u00a0\u00a0\u00a0\u00a0\u00a0\u00a0\u00a0\u00a0\u00a0\u00a0\u00a0\u00a0\u00a0\u00a0\u00a0\u00a0\u00a0\u00a0\u00a0\u00a0\u00a0\u00a0\u00a0\u00a0<\/span><span style=\"color: #000000;\">\u00a0\u00a0\u00a0\u00a0\u00a0\u00a0\u00a0\u00a0\u00a0\u00a0\u00a0\u00a0\u00a0\u00a0\u00a0\u00a0\u00a0\u00a0\u00a0\u00a0\u00a0\u00a0\u00a0\u00a0\u00a0\u00a0\u00a0\u00a0<\/span><\/p>\n<p class=\"ecxMsoNormal\"><span style=\"color: #000000;\">Numero Verde 800-914350<\/span><span style=\"color: #000000;\">\u00a0\u00a0\u00a0\u00a0\u00a0\u00a0\u00a0\u00a0\u00a0\u00a0\u00a0\u00a0\u00a0\u00a0\u00a0\u00a0<\/span><span style=\"color: #000000;\">\u00a0 \u00a0 \u00a0 \u00a0 \u00a0 \u00a0 \u00a0 \u00a0 \u00a0 \u00a0 \u00a0 \u00a0 \u00a0 \u00a0\u00a0<\/span><\/p>\n<p class=\"ecxMsoNormal\"><span style=\"color: #000000;\">Online<\/span><span style=\"color: #000000;\">\u00a0\u00a0\u00a0\u00a0\u00a0\u00a0\u00a0\u00a0\u00a0\u00a0\u00a0\u00a0\u00a0\u00a0\u00a0\u00a0\u00a0\u00a0\u00a0\u00a0\u00a0\u00a0\u00a0\u00a0\u00a0\u00a0\u00a0\u00a0\u00a0\u00a0\u00a0\u00a0\u00a0\u00a0\u00a0\u00a0\u00a0\u00a0\u00a0\u00a0\u00a0\u00a0\u00a0\u00a0\u00a0\u00a0\u00a0\u00a0\u00a0\u00a0\u00a0\u00a0\u00a0\u00a0\u00a0\u00a0\u00a0\u00a0\u00a0\u00a0<\/span><span style=\"color: #000000;\">\u00a0\u00a0\u00a0\u00a0\u00a0\u00a0\u00a0\u00a0\u00a0\u00a0\u00a0\u00a0\u00a0\u00a0<\/span><span style=\"color: #000000;\">\u00a0<\/span><\/p>\n<p class=\"ecxMsoNormal\"><a style=\"font-weight: inherit; color: blue;\" href=\"http:\/\/www.aperitivoinconcerto.com\/\" target=\"_blank\">www.aperitivoinconcerto.com<\/a><\/p>\n<p class=\"ecxMsoNormal\"><a style=\"font-weight: inherit; color: blue;\" href=\"http:\/\/www.teatromanzoni.it\/\" target=\"_blank\">www.teatromanzoni.it<\/a><span style=\"color: #000000;\">\u00a0\u00a0\u00a0\u00a0\u00a0\u00a0\u00a0\u00a0\u00a0\u00a0\u00a0\u00a0\u00a0\u00a0\u00a0\u00a0\u00a0\u00a0\u00a0\u00a0\u00a0\u00a0\u00a0\u00a0\u00a0\u00a0<\/span><span style=\"color: #000000;\">\u00a0 \u00a0 \u00a0 \u00a0 \u00a0 \u00a0 \u00a0 \u00a0 \u00a0 \u00a0 \u00a0 \u00a0 \u00a0 \u00a0<\/span><\/p>\n<\/div>\n<\/div>\n<\/div>\n<\/div>\n<\/div>\n<\/div>\n<\/div>\n<\/div>\n<\/div>\n","protected":false},"excerpt":{"rendered":"<p>APERITIVO IN CONCERTO\u00a02014-2015 Teatro Manzoni\u00a0 Via Manzoni, 42 \u2013 Milano \u00a0 CONCERTO DI NATALE \u00a0 DOMENICA 14 DICEMBRE 2014 ore 11.00 PRIMA E UNICA DATA ITALIANA \u00a0 Una leggenda della grande musica brasiliana il padre del samba \u2013 jazz e bossa nova C\u00c9SAR CAMARGO MARIANO QUARTET \u00a0 \u00a0\u00a0 Domenica 14 dicembre 2014, alle ore 11.00, &hellip; <a href=\"https:\/\/www.gdapress.it\/it\/index.php\/47468\/musica\/aperitivo-concerto-teatro-manzoni-concerto-di-natale.html\" class=\"more-link\">Read more <span class=\"screen-reader-text\">APERITIVO IN CONCERTO Teatro Manzoni CONCERTO DI NATALE<\/span><\/a><\/p>\n","protected":false},"author":2,"featured_media":0,"comment_status":"closed","ping_status":"open","sticky":false,"template":"","format":"standard","meta":{"footnotes":""},"categories":[19],"tags":[2450,6497,750],"class_list":["post-47468","post","type-post","status-publish","format-standard","hentry","category-musica","tag-aperitivo-in-concerto","tag-concerto-di-natale","tag-teatro-manzoni"],"_links":{"self":[{"href":"https:\/\/www.gdapress.it\/it\/index.php\/wp-json\/wp\/v2\/posts\/47468","targetHints":{"allow":["GET"]}}],"collection":[{"href":"https:\/\/www.gdapress.it\/it\/index.php\/wp-json\/wp\/v2\/posts"}],"about":[{"href":"https:\/\/www.gdapress.it\/it\/index.php\/wp-json\/wp\/v2\/types\/post"}],"author":[{"embeddable":true,"href":"https:\/\/www.gdapress.it\/it\/index.php\/wp-json\/wp\/v2\/users\/2"}],"replies":[{"embeddable":true,"href":"https:\/\/www.gdapress.it\/it\/index.php\/wp-json\/wp\/v2\/comments?post=47468"}],"version-history":[{"count":1,"href":"https:\/\/www.gdapress.it\/it\/index.php\/wp-json\/wp\/v2\/posts\/47468\/revisions"}],"predecessor-version":[{"id":47469,"href":"https:\/\/www.gdapress.it\/it\/index.php\/wp-json\/wp\/v2\/posts\/47468\/revisions\/47469"}],"wp:attachment":[{"href":"https:\/\/www.gdapress.it\/it\/index.php\/wp-json\/wp\/v2\/media?parent=47468"}],"wp:term":[{"taxonomy":"category","embeddable":true,"href":"https:\/\/www.gdapress.it\/it\/index.php\/wp-json\/wp\/v2\/categories?post=47468"},{"taxonomy":"post_tag","embeddable":true,"href":"https:\/\/www.gdapress.it\/it\/index.php\/wp-json\/wp\/v2\/tags?post=47468"}],"curies":[{"name":"wp","href":"https:\/\/api.w.org\/{rel}","templated":true}]}}