
{"id":47382,"date":"2014-12-11T15:10:20","date_gmt":"2014-12-11T13:10:20","guid":{"rendered":"http:\/\/www.gdapress.it\/it\/?p=47382"},"modified":"2014-12-11T15:10:20","modified_gmt":"2014-12-11T13:10:20","slug":"orchestra-i-pomeriggi-musicali-i-virtuosi-italiani","status":"publish","type":"post","link":"https:\/\/www.gdapress.it\/it\/index.php\/47382\/musica\/orchestra-i-pomeriggi-musicali-i-virtuosi-italiani.html","title":{"rendered":"ORCHESTRA I POMERIGGI MUSICALI I Virtuosi Italiani"},"content":{"rendered":"<p><a href=\"http:\/\/www.gdapress.it\/it\/..\/public\/it\/2014\/12\/I-Virtuosi-Italiani.jpg\"><img loading=\"lazy\" decoding=\"async\" class=\"alignleft size-medium wp-image-47383\" src=\"http:\/\/www.gdapress.it\/it\/..\/public\/it\/2014\/12\/I-Virtuosi-Italiani-300x199.jpg\" alt=\"I Virtuosi Italiani\" width=\"300\" height=\"199\" srcset=\"https:\/\/www.gdapress.it\/it\/..\/public\/it\/2014\/12\/I-Virtuosi-Italiani-300x199.jpg 300w, https:\/\/www.gdapress.it\/it\/..\/public\/it\/2014\/12\/I-Virtuosi-Italiani-500x332.jpg 500w, https:\/\/www.gdapress.it\/it\/..\/public\/it\/2014\/12\/I-Virtuosi-Italiani.jpg 1305w\" sizes=\"auto, (max-width: 300px) 100vw, 300px\" \/><\/a><\/p>\n<p><strong>70\u00aa STAGIONE SINFONICA<\/strong><\/p>\n<p><strong>ORCHESTRA I POMERIGGI MUSICALI<\/strong><\/p>\n<p><strong>\u00a0<\/strong><\/p>\n<p><strong>Direttore Artistico, M\u00b0 Maurizio Salerno<\/strong><\/p>\n<p><strong>\u00a0<\/strong><\/p>\n<p><strong>Stagione 2014-2015 <\/strong><\/p>\n<p><strong>\u00a0<\/strong><\/p>\n<p><strong>Gioved\u00ec 11 dicembre, ore 21.00<\/strong><\/p>\n<p><strong><em>\u00a0<\/em><\/strong><\/p>\n<p><strong><em>\u00a0<\/em><\/strong><\/p>\n<p><strong>Teatro Dal Verme<\/strong><\/p>\n<p><em>Via San Giovanni sul Muro 2 \u2013 Milano<\/em><\/p>\n<p>&nbsp;<\/p>\n<p>Maestro di concerto al violino: <strong>Alberto Martini<\/strong><\/p>\n<p><strong>I Virtuosi Italiani<\/strong><\/p>\n<p>&nbsp;<\/p>\n<p>&nbsp;<\/p>\n<p><strong>Telemann,<\/strong> <em>Ouverture Don Quixotte,<\/em> TWV 55:G10<\/p>\n<p><strong>Telemann,<\/strong> <em>Concerto per violino, archi e basso continuo in sol minore,<\/em> TWV 51:G1<\/p>\n<p><strong>Vivaldi,<\/strong> <em>Concerto in Sol minore per violino, archi e cembalo,\u00a0\u201cLa Notte\u201d,<\/em> RV 104<\/p>\n<p><strong>Bach,<\/strong> <em>Concerto per due violini in re minore,<\/em> BWV 1043<\/p>\n<p><strong>Rota,<\/strong> Ballabili dal film di Luchino Visconti <em>Il Gattopardo<\/em><\/p>\n<p><strong>Rota,<\/strong>\u00a0<em>Concerto per archi<\/em><\/p>\n<p>&nbsp;<\/p>\n<p><strong>\u00a0<\/strong><\/p>\n<p>&nbsp;<\/p>\n<p>Torna ad essere ospitato, all\u2019interno della 70\u00aa Stagione sinfonica dell&#8217;Orchestra I Pomeriggi Musicali, l&#8217;ensemble de I Virtuosi Italiani, complesso riconosciuto a livello internazionale per l&#8217;eccellente livello artistico, per le idee musicali innovative e per la costante attenzione riservata alla scelta di repertorio, mirata al coinvolgimento di un pubblico sempre pi\u00f9 vasto e giovane.<\/p>\n<p>&nbsp;<\/p>\n<p>Il concerto presenter\u00e0 al pubblico alcuni tra i pi\u00f9 celebri brani tratti dal repertorio barocco, pi\u00f9 un\u2019escursione nel Novecento dedicata alle musiche di Nino Rota. Di Telemann saranno eseguiti l\u2019<em>Ouverture Don Quixotte<\/em>e il <em>Concerto per violino, archi e basso continuo in sol minore, <\/em>che vedr\u00e0 nel ruolo di violino solista Antonio Aiello. Subito dopo, Aiello sar\u00e0 impegnato nel vivaldiano <em>Concerto in Sol minore per violino, archi e cembalo,\u00a0\u201cLa Notte\u201d, <\/em>mentre, per il <em>Concerto per due violini in re minore<\/em> di Johann Sebastian Bach, ascolteremo l\u2019abilit\u00e0 virtuosistica di Luca Falasca e Alberto Martini, il leader dell\u2019ensemble. La chiusura, come si accennava, sar\u00e0 affidata alla magia delle musiche di Rota: ai suoi indimenticabili ballabili tratti da <em>Il Gattopardo<\/em> e al suo <em>Concerto per archi.<\/em><\/p>\n<p>&nbsp;<\/p>\n<p>Dopo il successo riscosso lo scorso 27 novembre, l&#8217;ensemble de I Virtuosi Italiani sempre guidato dal loro primo violino, nonch\u00e9 direttore artistico, Alberto Martini, torna a affascinare il pubblico del Teatro Dal Verme di Milano.<\/p>\n<p>&nbsp;<\/p>\n<p>&nbsp;<\/p>\n<p><strong>I VIRTUOSI ITALIANI,<\/strong><\/p>\n<p><strong>\u00a0<\/strong><\/p>\n<p><strong><br \/>\n<\/strong><\/p>\n<p><strong>Martini Alberto,<\/strong><strong> violino<\/strong><\/p>\n<p><strong>Aiello Antonio,<\/strong><strong> violino<\/strong><\/p>\n<p><strong>Fable Elisabetta,<\/strong><strong> violino<\/strong><\/p>\n<p><strong>Marzaro Matteo,<\/strong><strong> violino<\/strong><\/p>\n<p><strong>LUCA Falasca,<\/strong><strong> violino<\/strong><\/p>\n<p><strong>Miori Ilarioa,<\/strong><strong> violino<\/strong><\/p>\n<p><strong>Capriotti Vinicio,<\/strong><strong> violino<\/strong><\/p>\n<p><strong>Ghilardi Flavio,<\/strong><strong> viola<\/strong><\/p>\n<p><strong>Pandolfi Alessandro,<\/strong><strong> viola<\/strong><\/p>\n<p><strong>Sapere Leonardo,<\/strong><strong> violoncello<\/strong><\/p>\n<p><strong>Pegoraro Giordano,<\/strong><strong> violoncello<\/strong><\/p>\n<p><strong>Braia Sante,<\/strong><strong> contrabbasso<\/strong><\/p>\n<p><strong>Vincenzi Marco,<\/strong><strong> clavicembalo<\/strong><\/p>\n<p><strong><br \/>\n<\/strong><\/p>\n<p>&nbsp;<\/p>\n<p>I Virtuosi Italiani, complesso nato nel 1989, \u00e8 una delle formazioni pi\u00f9 attive e qualificate nel panorama artistico internazionale. Attualmente \u00e8 considerato il complesso italiano che pi\u00f9 si sta distinguendo per l\u2019eccellente livello artistico prodotto in questi ultimi anni, per le idee musicali innovative e per le strategie manageriali dimostrate. Una acclamatissima tourn\u00e9e in Sud America, ha confermato I Virtuosi Italiani come l\u2019ensemble strumentale italiano pi\u00f9 credibile a livello internazionale per le proprie interpretazioni del repertorio italiano e straniero consacrandolo quale ambasciatore della Cultura e della Musica italiana nel Mondo. In questi pi\u00f9 di vent\u2019anni di attivit\u00e0, sempre maggiore attenzione \u00e8 stata riservata ad una scelta di repertorio sempre mirato al coinvolgimento di un pubblico sempre pi\u00f9 vasto con una particolare attenzione ai giovani. In questa direzione sono nati proprio gli ultimi progetti realizzati: <em>MOZartoons<\/em> (una famosa opera mozartiana resa multimediale con una messa in scena attraverso dei cartoni animati disegnati ad hoc), <em>Evolution,<\/em> con Giovanni Allevi, <em>Jazz Lightning<\/em> con il pianista jazz Uri Caine, un progetto in esclusiva con Cesare Picco dedicato al pi\u00f9 antico e importante romanzo della cultura giapponese, <em>Genji Monogatari<\/em>, <em>Back to Bach,<\/em> con il famoso trombettista jazz Paolo Fresu e altri. Tra gli impegni recenti pi\u00f9 rilevanti dell\u2019ultimo triennio si segnalano il Concerto per il Senato della Repubblica Italiana e trasmesso in diretta da RAI 1, il <em>Concerto per la Vita e per la Pace<\/em> eseguito a Roma, Betlemme e Gerusalemme e trasmesso dalla RAI in Mondovisione, il Concerto presso l\u2019Aula Paolo VI (Aula Nervi) alla presenza del Santo Padre Benedetto XVI, il debutto alla Royal Albert Hall di Londra, una tourn\u00e9e in Estonia che li ha visti partecipare, per la seconda volta in pochi anni, al noto Barokkmuusika Festival. I Virtuosi Italiani, dal 2011, sono complesso residente con una stagione concertistica a Venezia nella Chiesa dell\u2019Ospedale della Piet\u00e0, luogo in cui Antonio Vivaldi per tutta la sua vita suon\u00f2, insegn\u00f2 e diede la luce a tutte le opere. Questi ultimi anni sono stati fino ad oggi ricchi di impegni e soddisfazioni. A partire dai progetti <em>Jazz Lightning<\/em> con il famoso pianista statunitense Uri Caine e <em>Back to Bach<\/em> con il trombettista jazz Paolo Fresu, che ha visto I Virtuosi Italiani protagonisti nei pi\u00f9 prestigiosi teatri e societ\u00e0 di concerto italiane e svizzere, e naturalmente la stagione concertistica a Verona, oltre a numerose altre tourn\u00e9e sempre Italia, ma anche all\u2019estero (Polonia, Spagna, Europa dell\u2019Est, Stati Uniti, Tunisia, Sud America, Cina e Giappone) e nuove incisioni discografiche. Molteplici sono le collaborazioni con solisti e direttori: Pierre Amoyal, Ramin Bahrami, Lazar Berman, Pavel Berman, Fabio Biondi, Stanislav Bunin, Michele Campanella, Bruno Canino,Gautier Capucon, Giuliano Carmignola, Enzo Dara, Pietro De Maria, Claudio Desderi, Mariella Devia, Enrico Dindo, Benedetto Lupo, Eva Mei, Cinzia Forte, Roberto De Candia, Diego Fasolis, Patrick Gallois, Bruno Giuranna, Natalia Gutman, Barbara Hendricks, Angela Hewitt, Vincenzo La Scola, Katia e Marielle Labeque, Maxence Larrieu, Misha Maisky, Lev Markiz, Massimo Mercelli Federico Mondelci, Andres Mustonen, Ilya Grubert, Jin Ju, Kristof Penderecky, Massimo Quarta, Julian Rachlin, Vadim Repin, Dmitri Sitkovetsky, Tatyana Vassilyeva, Pavel Vernikov, Elisso Virsaladze, Lilya Zilberstein, e molti altri. Hanno collaborato all\u2019allestimento dell\u2019<em>Apollon Musagete<\/em> di Stravinsky con il New York City Ballet; nel 2001 hanno eseguito tutte le opere in un atto di Rossini per l\u2019Opera Comique di Parigi e hanno tenuto due concerti alla Konzerthaus di Vienna. I Virtuosi Italiani si sono esibiti per i pi\u00f9 importanti teatri e per i principali enti musicali italiani e stranieri quali il Teatro alla Scala, il Teatro Dal Verme e la Sala Verdi a Milano, il Maggio Musicale Fiorentino, il Teatro La Fenice, l\u2019Accademia Nazionale di Santa Cecilia, il Teatro Comunale di Modena, il Teatro Regio di Parma, il Teatro Filarmonico di Verona, l\u2019Arena di Verona, l\u2019Associazione Barattelli di L\u2019Aquila, l\u2019Unione Musicale di Torino, l\u2019Istituzione Universitaria dei Concerti di Roma, il Teatro alla Pergola di Firenze, la Societ\u00e0 Filarmonica di Roma e molti altri. Numerose le tourn\u00e9es all\u2019estero: Francia (Festival Pablo Casals di Prades, Festival Berlioz, Aix-en-Provence, Bordeaux), Germania, Svizzera, Spagna, Portogallo, Inghilterra (Londra Royal Albert Hall), Polonia, Lituania, Lettonia, Finlandia, Slovenia (Festival Internazionale di Lubiana), Russia (San Pietroburgo, Mosca Sala Grande del Conservatorio Tchaikovsky, Sala Tchaikovsky della Filarmonica), Iran, Corea e Stati Uniti d\u2019America (New York, Los Angeles, Philadelphia), Paesi Baltici. Ultima, ma solo in ordine cronologico che li ha visti protagonisti nei pi\u00f9 importanti Teatri e ospiti delle pi\u00f9 prestigiose stagioni concertistiche in Sud America (Buenos Aires -Teatro Coliseo, Rosario \u2013 Teatro El Circulo, Mendoza \u2013 Teatro Indipendencia, Montevideo \u2013Teatro Solis solo per citarne alcuni). Nel segno della versatilit\u00e0 che contraddistingue la filosofia del gruppo significativo \u00e8 altres\u00ec l\u2019interesse da sempre dimostrato per il repertorio di confine, strada che I Virtuosi Italiani hanno seguito al pi\u00f9 alto livello collaborando con artisti del calibro di Chick Corea, Goran Bregovic, Michael Nyman, Ludovico Einaudi, Franco Battiato, Giovanni Allevi, Uri Caine, Paolo Fresu, Cesare Picco e Antonella Ruggiero. L\u2019impostazione artistica vede come figura cardine quella del Konzertmeister Alberto Martini e il Direttore principale ospite \u00e8 Corrado Rovaris; da ottobre 2011 il violinista Pavel Berman ricopre il ruolo di solista-principale ospite.<\/p>\n<p>&nbsp;<\/p>\n<p><strong>BIGLIETTI<\/strong><\/p>\n<p><strong>Interi<\/strong><\/p>\n<p>Primo Settore (Platea, dalla fila 1 alla 30): <strong>\u20ac 19,00 <\/strong>+ prevendita<\/p>\n<p>Secondo Settore (Platea, dalla fila 31 alla 40): <strong>\u20ac 13,50 <\/strong>+ prevendita<\/p>\n<p>Balconata: <strong>\u20ac 10,50 <\/strong>+ prevendita<\/p>\n<p>&nbsp;<\/p>\n<p><strong>Ridotti <\/strong>(Giovani under 26; Anziani over 60; Cral; Ass.<\/p>\n<p>Culturali, Biblioteche; Gruppi; Scuole e Universit\u00e0)<\/p>\n<p>Primo Settore (Platea, dalla fila 1 alla fila 30) <strong>\u20ac 15,00 <\/strong>+ prevendita<\/p>\n<p>Secondo Settore (Platea, dalla fila 31 alla fila 40) <strong>\u20ac 11,50 <\/strong>+ prevendita<\/p>\n<p>Balconata <strong>\u20ac 8,50 <\/strong>+ prevendita<\/p>\n<p>&nbsp;<\/p>\n<p><strong>BIGLIETTI per le prove generali aperte<\/strong><\/p>\n<p>Interi: <strong>\u20ac 10,00<\/strong> + prevendita<\/p>\n<p>Ridotti (Giovani under 26; anziani over 60; cral; ass. culturali, biblioteche; gruppi; scuole e universit\u00e0): <strong>\u20ac 8,00<\/strong> + prevendita<\/p>\n<p><strong>\u00a0<\/strong><\/p>\n<p><strong>Biglietteria TicketOne <\/strong><\/p>\n<p><strong>Teatro<\/strong> <strong>Dal Verme <\/strong><\/p>\n<p>Via San Giovanni Sul Muro, 2 \u2013 20121 Milano<\/p>\n<p>Tel. 02 87.905.201<\/p>\n<p>dal marted\u00ec al sabato dalle 11.00 alle 18.00<\/p>\n<p><strong>\u00a0<\/strong><\/p>\n<p><a href=\"http:\/\/www.ipomeriggi.it\/\">www.ipomeriggi.it<\/a><\/p>\n<p><a href=\"http:\/\/www.ipomeriggi.it\/facebook\">www.ipomeriggi.it\/facebook<\/a><\/p>\n<p><a href=\"http:\/\/www.ipomeriggi.it\/youtube\">www.ipomeriggi.it\/youtube<\/a><\/p>\n<p>&nbsp;<\/p>\n","protected":false},"excerpt":{"rendered":"<p>70\u00aa STAGIONE SINFONICA ORCHESTRA I POMERIGGI MUSICALI \u00a0 Direttore Artistico, M\u00b0 Maurizio Salerno \u00a0 Stagione 2014-2015 \u00a0 Gioved\u00ec 11 dicembre, ore 21.00 \u00a0 \u00a0 Teatro Dal Verme Via San Giovanni sul Muro 2 \u2013 Milano &nbsp; Maestro di concerto al violino: Alberto Martini I Virtuosi Italiani &nbsp; &nbsp; Telemann, Ouverture Don Quixotte, TWV 55:G10 Telemann, &hellip; <a href=\"https:\/\/www.gdapress.it\/it\/index.php\/47382\/musica\/orchestra-i-pomeriggi-musicali-i-virtuosi-italiani.html\" class=\"more-link\">Read more <span class=\"screen-reader-text\">ORCHESTRA I POMERIGGI MUSICALI I Virtuosi Italiani<\/span><\/a><\/p>\n","protected":false},"author":2,"featured_media":0,"comment_status":"closed","ping_status":"open","sticky":false,"template":"","format":"standard","meta":{"footnotes":""},"categories":[19],"tags":[1546,14296,1568],"class_list":["post-47382","post","type-post","status-publish","format-standard","hentry","category-musica","tag-dal-verme","tag-i-pomeriggi-musicali","tag-orchestra"],"_links":{"self":[{"href":"https:\/\/www.gdapress.it\/it\/index.php\/wp-json\/wp\/v2\/posts\/47382","targetHints":{"allow":["GET"]}}],"collection":[{"href":"https:\/\/www.gdapress.it\/it\/index.php\/wp-json\/wp\/v2\/posts"}],"about":[{"href":"https:\/\/www.gdapress.it\/it\/index.php\/wp-json\/wp\/v2\/types\/post"}],"author":[{"embeddable":true,"href":"https:\/\/www.gdapress.it\/it\/index.php\/wp-json\/wp\/v2\/users\/2"}],"replies":[{"embeddable":true,"href":"https:\/\/www.gdapress.it\/it\/index.php\/wp-json\/wp\/v2\/comments?post=47382"}],"version-history":[{"count":1,"href":"https:\/\/www.gdapress.it\/it\/index.php\/wp-json\/wp\/v2\/posts\/47382\/revisions"}],"predecessor-version":[{"id":47384,"href":"https:\/\/www.gdapress.it\/it\/index.php\/wp-json\/wp\/v2\/posts\/47382\/revisions\/47384"}],"wp:attachment":[{"href":"https:\/\/www.gdapress.it\/it\/index.php\/wp-json\/wp\/v2\/media?parent=47382"}],"wp:term":[{"taxonomy":"category","embeddable":true,"href":"https:\/\/www.gdapress.it\/it\/index.php\/wp-json\/wp\/v2\/categories?post=47382"},{"taxonomy":"post_tag","embeddable":true,"href":"https:\/\/www.gdapress.it\/it\/index.php\/wp-json\/wp\/v2\/tags?post=47382"}],"curies":[{"name":"wp","href":"https:\/\/api.w.org\/{rel}","templated":true}]}}