
{"id":47259,"date":"2014-12-06T10:20:59","date_gmt":"2014-12-06T08:20:59","guid":{"rendered":"http:\/\/www.gdapress.it\/it\/?p=47259"},"modified":"2014-12-06T10:20:59","modified_gmt":"2014-12-06T08:20:59","slug":"racconti-unepoca-attraverso-gli-autori-900","status":"publish","type":"post","link":"https:\/\/www.gdapress.it\/it\/index.php\/47259\/cultura\/racconti-unepoca-attraverso-gli-autori-900.html","title":{"rendered":"IL NOSTRO TEMPO. RACCONTI DI UN\u2019EPOCA ATTRAVERSO GLI AUTORI DEL \u2018900"},"content":{"rendered":"<p class=\"ecxMsoNormal\" style=\"color: #000000;\"><a href=\"http:\/\/www.gdapress.it\/it\/..\/public\/it\/2014\/12\/Foto-Il-deserto-dei-tartari-2.jpg\"><img loading=\"lazy\" decoding=\"async\" class=\"alignleft size-medium wp-image-47260\" src=\"http:\/\/www.gdapress.it\/it\/..\/public\/it\/2014\/12\/Foto-Il-deserto-dei-tartari-2-300x200.jpg\" alt=\"Foto Il deserto dei tartari 2\" width=\"300\" height=\"200\" srcset=\"https:\/\/www.gdapress.it\/it\/..\/public\/it\/2014\/12\/Foto-Il-deserto-dei-tartari-2-300x200.jpg 300w, https:\/\/www.gdapress.it\/it\/..\/public\/it\/2014\/12\/Foto-Il-deserto-dei-tartari-2-500x333.jpg 500w\" sizes=\"auto, (max-width: 300px) 100vw, 300px\" \/><\/a><\/p>\n<p class=\"ecxMsoNormal\" style=\"color: #000000;\">Dal\u00a0<b style=\"font-weight: bold;\">6 dicembre<\/b>\u00a0al\u00a0<b style=\"font-weight: bold;\">6 gennaio<\/b>\u00a0&#8211; compreso luned\u00ec 8 dicembre &#8211; il sabato e la domenica al Museo Napoleonico, per il progetto promosso e sostenuto da\u00a0<b style=\"font-weight: bold;\">Z\u00e8tema Progetto Cultura<\/b>\u00a0\u201c<b style=\"font-weight: bold;\">7 Piccoli Tesori\u201d<\/b>, il circolo culturale\u00a0<b style=\"font-weight: bold;\"><i style=\"font-style: italic;\">Argostudio<\/i><\/b>\u00a0propone dieci eventi, tra reading e concerti, ad ingresso gratuito, curati da Katia Caselli. Il progetto dal titolo,\u00a0<b style=\"font-weight: bold;\">Il nostro tempo. Racconti di un\u2019epoca attraverso gli autori del \u2018900,\u00a0<\/b>ha come obiettivo quello di raccontare il nostro presente, il nostro tempo, attraverso un percorso tra reading e musica che parla del nostro passato.<\/p>\n<p class=\"ecxMsoNormal\" style=\"color: #000000;\">\n<p class=\"ecxMsoNormal\" style=\"color: #000000;\">Si inizier\u00e0 il 6 dicembre, in occasione di Musei in Musica, con Eloisa Manera, eclettica violinista, compositrice e improvvisatrice italo-spagnola che eseguir\u00e0 tre set tratti da\u00a0<b style=\"font-weight: bold;\"><i style=\"font-style: italic;\">Rondine<\/i>\u00a0<\/b>il suo<b style=\"font-weight: bold;\">\u00a0<\/b>album di esordio, nato per testimoniare e raccogliere le sue innumerevoli migrazioni. Sette tracce tra jazz e suggestioni ambient, echi di Bartok filtrati dal minimalismo di Steve Reich, dialoghi tra field recording urbani e le risonanze del violino. Il 7 dicembre alle ore 19:00 andr\u00e0 in scena Woody Neri con\u00a0<b style=\"font-weight: bold;\"><i style=\"font-style: italic;\">Il Deserto dei tartari<\/i><\/b>\u00a0di Dino Buzzati, una rivisitazione del testo del grande scrittore milanese curata da Maura Pettoruso, in cui in un intenso monologo, il nostro protagonista interpreta il tenente Drogo, confrontandosi con se stesso, i suoi pensieri, i suoi desideri e le sue paure esistenziali. L\u20198 dicembre alle ore 11.00 Mauro Santopietro e Tiziano Panici porteranno in scena il testo dell\u2019autore spagnolo Josep M. Benet I Jornet\u00a0<b style=\"font-weight: bold;\"><i style=\"font-style: italic;\">Sotto la casa<\/i><\/b>, tradotto da Pino Tierno, un thriller che racconta le frustrazioni di oggi attraverso i mali che nascono da internet e dalla violenza della guerra. Il 13 dicembre sar\u00e0 una giornata dedicata al tennis inteso qui non semplicemente come uno sport, ma come una filosofia di vita, come simbolo di uno scontro storico: alle ore 19:00 Luca Mannocci legger\u00e0 degli estratti tratti da\u00a0<b style=\"font-weight: bold;\"><i style=\"font-style: italic;\">Terribile splendore. La pi\u00f9 bella partita di tennis di tutti i<\/i><\/b><i style=\"font-style: italic;\">\u00a0<b style=\"font-weight: bold;\">tempi<\/b><\/i>\u00a0di J. Marshall Fisher in cui si racconta una partita giocata tra il barone von Cramm e Donald Budge che segner\u00e0 la storia di questo sport. Raccontare lo sport \u00e8 raccontare gli uomini, ed eventi come questa partita perdurano, dando l&#8217;impressione che la storia \u00e8 sempre l\u00ec in attesa di manifestarsi in tutto il suo terribile splendore. Alcune pagine saranno invece tratte da\u00a0<b style=\"font-weight: bold;\"><i style=\"font-style: italic;\">Il Tennis come esperienza religiosa<\/i><\/b>\u00a0di David Foster Wallace, un racconto che mette al centro lo scontro omerico tra il talento e la forza bruta, tra la bellezza apollinea di una vol\u00e9e perfetta e gli interessi economici sporchi che ruotano intorno a ogni sport. E infine\u00a0<b style=\"font-weight: bold;\"><i style=\"font-style: italic;\">Open<\/i><\/b>, il romanzo scritto da Andre Agassi, un vero e proprio racconto di formazione di grandissima profondit\u00e0. Il 14 dicembre alle ore 11:00 Gabriele Paoloc\u00e0 interpreter\u00e0 i vizi del vivere quotidiano della nostra epoca, leggendo delle pagine estratte dal libro di Francesco Piccolo\u00a0<b style=\"font-weight: bold;\"><i style=\"font-style: italic;\">Momenti di trascurabile felicit\u00e0<\/i><\/b>, un manuale di piccole folgoranti inezie, inutili o secondarie quanto lo sono alcuni momenti delle nostre vite; e dal libro<b style=\"font-weight: bold;\"><i style=\"font-style: italic;\">Una cosa divertente che non far\u00f2 mai pi\u00f9<\/i><\/b>\u00a0di David Foster Wallace, un classico dell&#8217;umorismo postmoderno e al tempo stesso una satira spietata sull&#8217;opulenza e il divertimento di massa della societ\u00e0 contemporanea. Il 20 dicembre alle ore 12:00 e alle ore 16:00 Alice Spisa dialogher\u00e0 con i busti del museo raccontandoci, attraverso una sua drammaturgia, la vita e i pensieri della scultrice\u00a0<b style=\"font-weight: bold;\"><i style=\"font-style: italic;\">Camille Claudel<\/i><\/b>, una lettura itinerante con 2 repliche da 30 minuti ciascuna. Il 21 dicembre ore 17:00 un concerto di pianoforte a quattro mani di Giovanni Di Giandomenico e Francesco Leineri, un incontro tra due giovani talenti pianistico-compositivi. Il 3 gennaio Tiziano Panici legger\u00e0 degli estratti di\u00a0<b style=\"font-weight: bold;\"><i style=\"font-style: italic;\">Le citt\u00e0 invisibili<\/i><\/b>\u00a0di Italo Calvino, accompagnato dalle note, suoni, rumori realizzati dal giovane compositore Giovanni Di Giandomenico. Il 4 gennaio alle ore 11:00 Anna Favella e Chiara Mancuso leggeranno i tweet della spy story scritta dal premio Pulitzer Jennifer Egan,\u00a0<b style=\"font-weight: bold;\"><i style=\"font-style: italic;\">La scatola nera<\/i><\/b>. A chiusura il giovane violista compositore Gabriele Rendina accompagner\u00e0 le parole di Tiziano Panici tratte da\u00a0<b style=\"font-weight: bold;\"><i style=\"font-style: italic;\">I miti greci<\/i><\/b>\u00a0di Roberto Graves.<\/p>\n<p class=\"ecxMsoNormal\" style=\"color: #000000;\">\n<p class=\"ecxMsoNormal\" style=\"color: #000000;\"><b style=\"font-weight: bold;\"><span style=\"text-decoration: underline;\">PROGRAMMA COMPLETO<\/span><\/b>:<\/p>\n<p class=\"ecxMsoNormal\" style=\"color: #000000;\"><b style=\"font-weight: bold;\">6 dicembre<\/b>\u00a0dalle ore\u00a0<b style=\"font-weight: bold;\">20.30<\/b>:\u00a0<b style=\"font-weight: bold;\">concerto di violino di Eloisa Manera<\/b>.<\/p>\n<p class=\"ecxMsoNormal\" style=\"color: #000000;\">[Tre repliche da 30 minuti ciascuna]<\/p>\n<p class=\"ecxMsoNormal\" style=\"color: #000000;\"><b style=\"font-weight: bold;\">7 dicembre<\/b>\u00a0ore\u00a0<b style=\"font-weight: bold;\">19.00<\/b>: spettacolo teatrale\u00a0<b style=\"font-weight: bold;\">\u201cIl deserto dei tartari\u201d<\/b>\u00a0di Dino Buzzati, con Woody Neri, adattamento drammaturgico Maura Pettoruso.<\/p>\n<p class=\"ecxMsoNormal\" style=\"color: #000000;\">[Durata 1 ora]<\/p>\n<p class=\"ecxMsoNormal\" style=\"color: #000000;\"><b style=\"font-weight: bold;\">8 dicembre\u00a0<\/b>ore\u00a0<b style=\"font-weight: bold;\">11<\/b>.<b style=\"font-weight: bold;\">00<\/b>: reading\u00a0<b style=\"font-weight: bold;\">\u201cSotto la casa\u201d<\/b>\u00a0di\u00a0Josep M. Benet I Jornet, traduzione Pino Tierno, con Mauro Santopietro e Tiziano Panici.<\/p>\n<p class=\"ecxMsoNormal\" style=\"color: #000000;\">[Durata 1 ora e 30 minuti]<\/p>\n<p class=\"ecxMsoNormal\" style=\"color: #000000;\"><b style=\"font-weight: bold;\">13 dicembre<\/b>\u00a0ore\u00a0<b style=\"font-weight: bold;\">19.00<\/b>: reading di brani tratti da\u00a0<b style=\"font-weight: bold;\">\u201cTerribile splendore. La pi\u00f9 bella partita di tennis di tutti i tempi\u201d<\/b>\u00a0di J. Marshall Fisher,\u00a0<b style=\"font-weight: bold;\">\u201cIl Tennis come esperienza religiosa\u201d<\/b>\u00a0di David Foster Wallace;\u00a0<b style=\"font-weight: bold;\">\u201cOpen\u201d<\/b>\u00a0di Andre Agassi, con Luca Mannocci.<\/p>\n<p class=\"ecxMsoNormal\" style=\"color: #000000;\">[Durata 45 minuti]<\/p>\n<p class=\"ecxMsoNormal\" style=\"color: #000000;\"><b style=\"font-weight: bold;\">14 dicembre<\/b>\u00a0ore\u00a0<b style=\"font-weight: bold;\">11.00<\/b>: reading di brani tratti da\u00a0<b style=\"font-weight: bold;\">\u201cMomenti trascurabile felicit\u00e0\u201d<\/b>\u00a0di Francesco Piccolo e \u201c<b style=\"font-weight: bold;\">Una cosa divertente che non far\u00f2 mai pi\u00f9\u201d<\/b>\u00a0di David Foster Wallace con Gabriele Paoloc\u00e0.<\/p>\n<p class=\"ecxMsoNormal\" style=\"color: #000000;\">[Durata 45 minuti]<\/p>\n<p class=\"ecxMsoNormal\" style=\"color: #000000;\"><b style=\"font-weight: bold;\">20 dicembre<\/b>\u00a0ore\u00a0<b style=\"font-weight: bold;\">12.00<\/b>\u00a0e ore\u00a0<b style=\"font-weight: bold;\">16.00<\/b>: reading di\u00a0<b style=\"font-weight: bold;\">\u201cCamille Claudel\u201d<\/b>\u00a0brani dedicati alla scultrice, a cura di\u00a0 Alice Spisa.<\/p>\n<p class=\"ecxMsoNormal\" style=\"color: #000000;\">[2 repliche da 30 minuti ciascuna &#8211; Spettacolo itinerante]<\/p>\n<p class=\"ecxMsoNormal\" style=\"color: #000000;\"><b style=\"font-weight: bold;\">21 dicembre<\/b>\u00a0ore\u00a0<b style=\"font-weight: bold;\">17.00<\/b>:\u00a0<b style=\"font-weight: bold;\">concerto di pianoforte esecuzione a quattro<\/b>\u00a0<b style=\"font-weight: bold;\">mani,<\/b>\u00a0di Giovanni Di Giandomenico e Francesco Leineri.<\/p>\n<p class=\"ecxMsoNormal\" style=\"color: #000000;\">[Durata 1 ora]<\/p>\n<p class=\"ecxMsoNormal\" style=\"color: #000000;\"><b style=\"font-weight: bold;\">3 gennaio<\/b>\u00a0alle ore\u00a0<b style=\"font-weight: bold;\">19.00<\/b>: reading\u00a0\u00a0<b style=\"font-weight: bold;\">\u201cLe citt\u00e0 invisibili\u201d\u00a0<\/b>di Italo Calvino, con Tiziano Panici, musica dal vivo Giovanni Di Giandomenico.<\/p>\n<p class=\"ecxMsoNormal\" style=\"color: #000000;\">[Durata 1 ora]<\/p>\n<p class=\"ecxMsoNormal\" style=\"color: #000000;\"><b style=\"font-weight: bold;\">4 gennaio<\/b>\u00a0ore\u00a0<b style=\"font-weight: bold;\">11.00<\/b>:\u00a0<b style=\"font-weight: bold;\">\u201cLa scatola nera\u201d<\/b>\u00a0di Jennifer Egan, con Anna Favella e Chiara.<\/p>\n<p class=\"ecxMsoNormal\" style=\"color: #000000;\">[Durata 1 ora]<\/p>\n<p class=\"ecxMsoNormal\" style=\"color: #000000;\"><b style=\"font-weight: bold;\">6 gennario<\/b>\u00a0ore\u00a0<b style=\"font-weight: bold;\">12.00<\/b>: reading\u00a0<b style=\"font-weight: bold;\">\u201cI miti Greci\u201d<\/b>\u00a0di Robert Graves, con Tiziano Panici, musica dal vivo Gabriele Rendina.<\/p>\n<p class=\"ecxMsoNormal\" style=\"color: #000000;\">[Durata 1 ora]<\/p>\n<p class=\"ecxMsoNormal\" style=\"color: #000000;\">\n<p class=\"ecxMsoNormal\" style=\"color: #000000;\">\n","protected":false},"excerpt":{"rendered":"<p>Dal\u00a06 dicembre\u00a0al\u00a06 gennaio\u00a0&#8211; compreso luned\u00ec 8 dicembre &#8211; il sabato e la domenica al Museo Napoleonico, per il progetto promosso e sostenuto da\u00a0Z\u00e8tema Progetto Cultura\u00a0\u201c7 Piccoli Tesori\u201d, il circolo culturale\u00a0Argostudio\u00a0propone dieci eventi, tra reading e concerti, ad ingresso gratuito, curati da Katia Caselli. Il progetto dal titolo,\u00a0Il nostro tempo. Racconti di un\u2019epoca attraverso gli autori &hellip; <a href=\"https:\/\/www.gdapress.it\/it\/index.php\/47259\/cultura\/racconti-unepoca-attraverso-gli-autori-900.html\" class=\"more-link\">Read more <span class=\"screen-reader-text\">IL NOSTRO TEMPO. RACCONTI DI UN\u2019EPOCA ATTRAVERSO GLI AUTORI DEL \u2018900<\/span><\/a><\/p>\n","protected":false},"author":2,"featured_media":0,"comment_status":"closed","ping_status":"open","sticky":false,"template":"","format":"standard","meta":{"footnotes":""},"categories":[5],"tags":[14247,14246,2467,6037,4187],"class_list":["post-47259","post","type-post","status-publish","format-standard","hentry","category-cultura","tag-argotstudio","tag-racconti","tag-rom","tag-tempo","tag-zetema"],"_links":{"self":[{"href":"https:\/\/www.gdapress.it\/it\/index.php\/wp-json\/wp\/v2\/posts\/47259","targetHints":{"allow":["GET"]}}],"collection":[{"href":"https:\/\/www.gdapress.it\/it\/index.php\/wp-json\/wp\/v2\/posts"}],"about":[{"href":"https:\/\/www.gdapress.it\/it\/index.php\/wp-json\/wp\/v2\/types\/post"}],"author":[{"embeddable":true,"href":"https:\/\/www.gdapress.it\/it\/index.php\/wp-json\/wp\/v2\/users\/2"}],"replies":[{"embeddable":true,"href":"https:\/\/www.gdapress.it\/it\/index.php\/wp-json\/wp\/v2\/comments?post=47259"}],"version-history":[{"count":1,"href":"https:\/\/www.gdapress.it\/it\/index.php\/wp-json\/wp\/v2\/posts\/47259\/revisions"}],"predecessor-version":[{"id":47261,"href":"https:\/\/www.gdapress.it\/it\/index.php\/wp-json\/wp\/v2\/posts\/47259\/revisions\/47261"}],"wp:attachment":[{"href":"https:\/\/www.gdapress.it\/it\/index.php\/wp-json\/wp\/v2\/media?parent=47259"}],"wp:term":[{"taxonomy":"category","embeddable":true,"href":"https:\/\/www.gdapress.it\/it\/index.php\/wp-json\/wp\/v2\/categories?post=47259"},{"taxonomy":"post_tag","embeddable":true,"href":"https:\/\/www.gdapress.it\/it\/index.php\/wp-json\/wp\/v2\/tags?post=47259"}],"curies":[{"name":"wp","href":"https:\/\/api.w.org\/{rel}","templated":true}]}}