
{"id":47140,"date":"2014-11-02T03:19:09","date_gmt":"2014-11-02T01:19:09","guid":{"rendered":"http:\/\/www.gdapress.it\/it\/?p=47140"},"modified":"2015-02-04T23:31:31","modified_gmt":"2015-02-04T21:31:31","slug":"ceresio-7-intervista-marco-edoardo-luca","status":"publish","type":"post","link":"https:\/\/www.gdapress.it\/it\/index.php\/47140\/enogastronomia\/ceresio-7-intervista-marco-edoardo-luca.html","title":{"rendered":"Ceresio 7 Intervista a Marco, Edoardo e Luca"},"content":{"rendered":"<p>&nbsp;<\/p>\n<p><a href=\"http:\/\/www.gdapress.it\/it\/..\/public\/it\/2014\/11\/unnamed-4.jpg\"><img loading=\"lazy\" decoding=\"async\" class=\"alignnone size-large wp-image-48449\" src=\"http:\/\/www.gdapress.it\/it\/..\/public\/it\/2014\/11\/unnamed-4-500x333.jpg\" alt=\"unnamed (4)\" width=\"500\" height=\"333\" srcset=\"https:\/\/www.gdapress.it\/it\/..\/public\/it\/2014\/11\/unnamed-4-500x333.jpg 500w, https:\/\/www.gdapress.it\/it\/..\/public\/it\/2014\/11\/unnamed-4-300x200.jpg 300w, https:\/\/www.gdapress.it\/it\/..\/public\/it\/2014\/11\/unnamed-4-900x599.jpg 900w, https:\/\/www.gdapress.it\/it\/..\/public\/it\/2014\/11\/unnamed-4.jpg 1024w\" sizes=\"auto, (max-width: 500px) 100vw, 500px\" \/><\/a><\/p>\n<p>&nbsp;<\/p>\n<p>&nbsp;<\/p>\n<p>&nbsp;<\/p>\n<p>&nbsp;<\/p>\n<p>&nbsp;<\/p>\n<p>&nbsp;<\/p>\n<p>&nbsp;<\/p>\n<p>&nbsp;<\/p>\n<p>La vostra \u00e8 una realt\u00e0 particolare, oltre a venire da esperienze diverse, siete stati tutti e tre camerieri ed ora siete imprenditori.Questo \u00e8 accaduto perch\u00e9 l\u2019innato spirito d\u2019avventura vi ha unito e vi ha portato a raggiungere l\u2019obiettivo: Ceresio 7 in via Ceresio 7 a Milano<\/p>\n<p><a href=\"http:\/\/www.gdapress.it\/it\/..\/public\/it\/2014\/11\/unnamed-3.jpg\"><img loading=\"lazy\" decoding=\"async\" class=\"alignnone size-large wp-image-48450\" src=\"http:\/\/www.gdapress.it\/it\/..\/public\/it\/2014\/11\/unnamed-3-500x333.jpg\" alt=\"unnamed (3)\" width=\"500\" height=\"333\" srcset=\"https:\/\/www.gdapress.it\/it\/..\/public\/it\/2014\/11\/unnamed-3-500x333.jpg 500w, https:\/\/www.gdapress.it\/it\/..\/public\/it\/2014\/11\/unnamed-3-300x200.jpg 300w, https:\/\/www.gdapress.it\/it\/..\/public\/it\/2014\/11\/unnamed-3-900x599.jpg 900w, https:\/\/www.gdapress.it\/it\/..\/public\/it\/2014\/11\/unnamed-3.jpg 1024w\" sizes=\"auto, (max-width: 500px) 100vw, 500px\" \/><\/a><\/p>\n<p>&nbsp;<\/p>\n<p>&nbsp;<\/p>\n<p>&nbsp;<\/p>\n<p>&nbsp;<\/p>\n<p>&nbsp;<\/p>\n<p>&nbsp;<\/p>\n<p>&nbsp;<\/p>\n<p>1)Porto Ceresio\u00a0 rappresenta per voi un punto di partenza verso altri lidi\u00a0 o una tappa obbligata in vista dell\u2019EXPO?<\/p>\n<p>Quello che abbiamo realizzato\u00a0 era un sogno nel cassetto che viene da molto lontano e\u00a0 abbiamo intenzione di godercelo tutto, il punto di partenza \u00e8 di certo un nuovo progetto, per ora basti\u00a0 l\u2019essere passati da dipendenti ad imprenditori, per il futuro contiamo\u00a0 sulle nostre mani e sul fare bene oggi per far meglio domani.Magari andare\u00a0 ancora avanti, cio\u00e8 da imprenditori a multinazionale, perch\u00e9 \u00e8 bello sognare..<\/p>\n<p>2)Il cliente quanto \u00e8 importante per voi\u00a0 e di qual tipo dovrebbe essere?<\/p>\n<p>Il cliente\u00a0 \u00e8 importantissimo e il nostro desiderio \u00e8 che diventi un conoscente , una persona di fiducia e poi un amico. Noi ci possiamo fregiare di avere molti amici, un cliente che sia ambasciatore del nostro essere, che coltivi il passaparola e nel tempo si fidelizzi,perch\u00e9 da noi trover\u00e0 sempre un buon rapporto qualit\u00e0\/prezzo. Noi abbiamo fatto una attentissima valutazione di tutti i nostri menu e tenuto conto della realt\u00e0 dei tempi in cui viviamo, del fatto che il posto richiede un posizionamento alto , del fatto che il mercato che ci segue pu\u00f2 permettersi di tutto,ma sempre attento ai costi, possiamo affermare che\u00a0 offriamo al giusto prezzo.<\/p>\n<p>3) Quale \u00e8 il rapporto con lo chef?<\/p>\n<p>Il rapporto con lo chef \u00e8 una perfetta simbiosi, \u00e8 in societ\u00e0 e il rapporto \u00e8 radicato da anni, lui \u00e8 Elio Sironi, ci segue dal 2004 e le sue creazioni rispettano in tutto e per tutto la nostra filosofia di ristorazione.<\/p>\n<p>4) La vostra\u00a0 origine influenza la scelta dei piatti?<\/p>\n<p>Nei nostri piatti si pu\u00f2 trovare il rigore del Canton Ticino di Marco Civitelli, il cuore del Lazio di Edoardo Grassi, e la solarit\u00e0 della Campania di Luca Pardini, tre ingredienti equamente suddivisi per soddisfare anche il cliente pi\u00f9 esigente.<\/p>\n<p>5) Come avviene la scelta degli operatori?<\/p>\n<p>Lo staff viene scelto pi\u00f9 per istinto che per una logica ben precisa, ci deve essere empatia dal primo momento e parlando col candidato si deve capire che\u00a0 c\u2019\u00e8 qualcosa che ci accomuna, poi la professionalit\u00e0, la tecnica si insegna,l\u2019umore, il mood,il fatto di avere un talento sono\u00a0 importanti.<\/p>\n<p>Noi\u00a0 comunque nel colloquio\u00a0 ci rifacciamo a tecniche di analisi tali da farci cogliere l\u2019essenza del candidato.<\/p>\n<p>6) Quando il vostro lavoro vi diverte?<\/p>\n<p>Ci divertiamo sempre, ma in\u00a0 particolare quando quello che ci accomuna viene messo in pratica e viene compreso dal cliente.Questo \u00e8 felicit\u00e0<\/p>\n<p>Giuliana de Antonellis<\/p>\n<p>&nbsp;<\/p>\n<p>foto di Gianpaolo Finizio- endstart<\/p>\n<p>&nbsp;<\/p>\n<p>&nbsp;<\/p>\n<p><span id=\"evid\" style=\"color: #222222;\"><a style=\"font-weight: inherit; font-style: inherit;\" href=\"http:\/\/milano.corriere.it\/notizie\/cronaca\/14_novembre_17\/formula-ceresio-7-8f69bb66-6e40-11e4-8e96-e05d8d48a732.shtml#\"><br \/>\n<\/a><\/span><\/p>\n","protected":false},"excerpt":{"rendered":"<p>&nbsp; &nbsp; &nbsp; &nbsp; &nbsp; &nbsp; &nbsp; &nbsp; &nbsp; La vostra \u00e8 una realt\u00e0 particolare, oltre a venire da esperienze diverse, siete stati tutti e tre camerieri ed ora siete imprenditori.Questo \u00e8 accaduto perch\u00e9 l\u2019innato spirito d\u2019avventura vi ha unito e vi ha portato a raggiungere l\u2019obiettivo: Ceresio 7 in via Ceresio 7 a Milano &hellip; <a href=\"https:\/\/www.gdapress.it\/it\/index.php\/47140\/enogastronomia\/ceresio-7-intervista-marco-edoardo-luca.html\" class=\"more-link\">Read more <span class=\"screen-reader-text\">Ceresio 7 Intervista a Marco, Edoardo e Luca<\/span><\/a><\/p>\n","protected":false},"author":2,"featured_media":0,"comment_status":"closed","ping_status":"open","sticky":false,"template":"","format":"standard","meta":{"footnotes":""},"categories":[20,13363],"tags":[14213,14215,17454,14212,14216,14214,17],"class_list":["post-47140","post","type-post","status-publish","format-standard","hentry","category-enogastronomia","category-la-cucina","tag-ceresio-7","tag-edoardo-grassi","tag-enogastronomia","tag-la-cucina-2","tag-luca-pardini","tag-marco-civitelli","tag-milano"],"_links":{"self":[{"href":"https:\/\/www.gdapress.it\/it\/index.php\/wp-json\/wp\/v2\/posts\/47140","targetHints":{"allow":["GET"]}}],"collection":[{"href":"https:\/\/www.gdapress.it\/it\/index.php\/wp-json\/wp\/v2\/posts"}],"about":[{"href":"https:\/\/www.gdapress.it\/it\/index.php\/wp-json\/wp\/v2\/types\/post"}],"author":[{"embeddable":true,"href":"https:\/\/www.gdapress.it\/it\/index.php\/wp-json\/wp\/v2\/users\/2"}],"replies":[{"embeddable":true,"href":"https:\/\/www.gdapress.it\/it\/index.php\/wp-json\/wp\/v2\/comments?post=47140"}],"version-history":[{"count":11,"href":"https:\/\/www.gdapress.it\/it\/index.php\/wp-json\/wp\/v2\/posts\/47140\/revisions"}],"predecessor-version":[{"id":48454,"href":"https:\/\/www.gdapress.it\/it\/index.php\/wp-json\/wp\/v2\/posts\/47140\/revisions\/48454"}],"wp:attachment":[{"href":"https:\/\/www.gdapress.it\/it\/index.php\/wp-json\/wp\/v2\/media?parent=47140"}],"wp:term":[{"taxonomy":"category","embeddable":true,"href":"https:\/\/www.gdapress.it\/it\/index.php\/wp-json\/wp\/v2\/categories?post=47140"},{"taxonomy":"post_tag","embeddable":true,"href":"https:\/\/www.gdapress.it\/it\/index.php\/wp-json\/wp\/v2\/tags?post=47140"}],"curies":[{"name":"wp","href":"https:\/\/api.w.org\/{rel}","templated":true}]}}