
{"id":47069,"date":"2014-11-30T10:49:41","date_gmt":"2014-11-30T08:49:41","guid":{"rendered":"http:\/\/www.gdapress.it\/it\/?p=47069"},"modified":"2014-11-30T10:49:41","modified_gmt":"2014-11-30T08:49:41","slug":"ti-suono-fiaba-20142015-jack-fagiolo-magico-dal-verme-milano","status":"publish","type":"post","link":"https:\/\/www.gdapress.it\/it\/index.php\/47069\/musica\/ti-suono-fiaba-20142015-jack-fagiolo-magico-dal-verme-milano.html","title":{"rendered":"TI SUONO UNA FIABA 2014\/2015   Jack e il fagiolo magico DAL VERME MILANO"},"content":{"rendered":"<p><strong>\u00a0<\/strong><strong>I Pomeriggi Musicali<\/strong><\/p>\n<p><strong>in collaborazione con Sconfinarte e Milano Teatro Scuola Paolo Grassi<\/strong><\/p>\n<p><strong>\u00a0e con il sostegno di Fondazione Cariplo<\/strong><\/p>\n<p>presentano<\/p>\n<p><strong>\u00a0<\/strong><\/p>\n<p><strong>I PICCOLI POMERIGGI MUSICALI <\/strong><\/p>\n<p><strong><em>TI SUONO UNA FIABA 2014\/2015<\/em><\/strong><\/p>\n<p><strong><em>\u00a0<\/em><\/strong><strong><em>Jack e il fagiolo magico<\/em><\/strong><\/p>\n<p><em>Racconto popolare inglese<\/em><\/p>\n<p><em>\u00a0<\/em>Voce recitante:<strong> Federico Manfredi<\/strong><\/p>\n<p>Regia:<strong> Manuel Renga<\/strong><\/p>\n<p>Direttore:<strong> Daniele Parziani<\/strong><\/p>\n<p><strong>Orchestra I Piccoli Pomeriggi Musicali<\/strong><\/p>\n<p><strong>\u00a0<\/strong><\/p>\n<p><strong>Teatro Dal Verme<\/strong><\/p>\n<p><em>Via San Giovanni sul Muro 2 \u2013 Milano<\/em><\/p>\n<p><strong><em>\u00a0<\/em><\/strong><\/p>\n<p><strong>Domenica 30 novembre 2014<\/strong><\/p>\n<p><strong>ore 11:00<\/strong><\/p>\n<p><strong>\u00a0<\/strong><\/p>\n<p>&nbsp;<\/p>\n<p>L&#8217;orchestra de I Piccoli Pomeriggi Musicali vi aspetta per il secondo appuntamento della rassegna <em>Ti suono una fiaba <\/em><em>2014\/2015<\/em> con il racconto popolare inglese <em>Jack e il fagiolo magico<\/em>. L&#8217;orchestra, diretta dal M\u00b0 Daniele Parziani accompagner\u00e0 la voce recitante di Federico Manfredi per la regia di Manuel Renga, curatore dell\u2019intera rassegna.<\/p>\n<p>La favola racconta le vicende di Giacomino, unico figlio di una vedova in disgrazia, che accetta di scambiare la sua mucca con cinque misteriosi fagioli magici offertigli da un buffo personaggio, e viene per questo rimproverato dalla madre. Ma i fagioli si riveleranno magici per davvero e inizier\u00e0 per Giacomino una rocambolesca serie di avventure, che culmineranno con il pericoloso incontro con un orco che vive in una casa nel cielo e che metteranno a dura prova l&#8217;astuzia del nostro piccolo eroe.<\/p>\n<p>Il racconto sar\u00e0 accompagnato dalle musiche di Holst (<em>Suite<\/em>), Menken e Schwartz (<em>Color of the wind<\/em>) e di Endrigo (<em>Ci vuole un fiore<\/em>), oltre che da tradizionali canti celtici, che, aumentando l&#8217;atmosfera fiabesca, accompagneranno i piccoli spettatori in un viaggio magico lungo la pianta di fagioli che arriva fino in cielo.<\/p>\n<p>&nbsp;<\/p>\n<p><strong>I Piccoli Pomeriggi Musicali sostengono Apeiron Associazione di volontariato Onlus.<\/strong><br \/>\nGrazie anche ai fondi raccolti durante i concerti della stagione scorsa e di questa stagione si potr\u00e0 avviare il progetto<strong><em>Hamro Ghaar<\/em><\/strong>che in nepalese significa <strong><em>La nostra casa<\/em><\/strong><strong>,<\/strong> che ha come obiettivo migliorare le condizioni di vita di trenta famiglie appartenenti alla comunit\u00e0 di spaccapietre insediati sulle rive del fiume Agrakhola nel Distretto di Dhading, in Nepal. Il progetto, inserendosi in seno a un intervento olistico avviato da Apeiron dal 2009 e volto a facilitare l\u2019affrancamento dalla situazione di moderna schiavit\u00f9 nella quale vivono le famiglie di spaccapietre, intende fornire ai pi\u00f9 poveri e vulnerabili tra loro un\u2019abitazione dignitosa che sostituisca la capanna in rami e plastica in cui vivono ora. E per ogni concerto, anche sul palco del Teatro Dal Verme verr\u00e0 quindi posto un piccolo mattoncino per costruire queste case di speranza.<br \/>\nPer informazioni sull&#8217;iniziativa visita il sito:<a href=\"http:\/\/www.apeiron-aid.org\/\">www.apeiron-aid.org<\/a><\/p>\n<p><strong>\u00a0<\/strong><\/p>\n<p><strong>I PICCOLI POMERIGGI MUSICALI<\/strong><\/p>\n<p>L\u2019Orchestra de I Piccoli Pomeriggi Musicali nasce nel 2007 e si esibisce nello spettacolo di Francesco Micheli <em>I Musicanti di Brema<\/em>, che si \u00e8 tenuto presso il Teatro Dal Verme di Milano. Il grande successo dello spettacolo spinge la Fondazione I Pomeriggi Musicali, in collaborazione con l&#8217;Associazione culturale Sconfinarte, a istituire l\u2019Accademia di Formazione Professionale Orchestrale I Piccoli Pomeriggi Musicali. Essa nasce per promuovere la cultura orchestrale tra i bambini avviati allo studio della musica preparandoli all\u2019esecuzione dei concerti della stagione di musica per i bambini, ma si pone anche lo scopo di appassionare le nuovissime generazioni al mondo della musica classica. I Piccoli Pomeriggi Musicali sono Nucleo aderente al Sistema e fanno parte di FuturOrchestra, l\u2019orchestra lombarda del Sistema delle Orchestre e dei Cori Giovanili in Italia patrocinato dal M\u00b0 Claudio Abbado. I Piccoli Pomeriggi Musicali sono oggi considerati tra le realt\u00e0 pi\u00f9 interessanti nel panorama delle formazioni giovanili. Direttore della formazione \u00e8, dalla sua fondazione, il M\u00b0 Daniele Parziani.<\/p>\n<p><strong>\u00a0<\/strong><\/p>\n<p><strong>\u00a0<\/strong><\/p>\n<p><strong>\u00a0<\/strong><\/p>\n<p><strong>\u00a0<\/strong><\/p>\n<p><strong>\u00a0<\/strong><\/p>\n<p><strong>DANIELE PARZIANI<\/strong><\/p>\n<p>Daniele Parziani \u00e8, dalla fondazione, il Direttore musicale dell&#8217;Accademia de I Piccoli Pomeriggi Musicali. Si \u00e8 laureato in direzione d&#8217;orchestra, con distinction, presso la Newcastle University, in Inghilterra, dove gli \u00e8 stata affidata la direzione della Newcastle University Symphony Orchestra. \u00c8 stato allievo effettivo al corso di direzione d\u2019orchestra del M\u00b0 Gianluigi Gelmetti presso l\u2019Accademia chigiana di Siena. \u00c8 attualmente dottorando presso il Royal Northern College of Music di Manchester, dove svolge una ricerca specialistica sulla direzione delle orchestre giovanili. Musicista eclettico, Daniele ha arrangiato e diretto gli archi della Czech National Symphony Orchestra per l&#8217;album <em>Ricreazione<\/em>, il nuovo disco di Malika Ayane, artista raffinata del panorama pop italiano con cui collabora stabilmente. Parziani \u00e8, inoltre, membro cofondatore del Trio NefEsh, formazione con cui svolge un&#8217;intensa attivit\u00e0 concertistica e un lavoro di ricerca musicale che spazia dal klezmer al tango, dalle musiche balcaniche a quelle mediorientali, a cavallo fra classico, jazz e popolare.<\/p>\n<p><strong>\u00a0<\/strong><\/p>\n<p><strong>\u00a0<\/strong><\/p>\n<p><strong>FEDERICO MANFREDI<\/strong><\/p>\n<p>Federico studia con C\u00e9sar Brie, Maria Consagra, Claudio de Maglio, Alessio Bergamo, Kuniaki Ida Danio Manfredini, Filippo Timi e nel 2008 sidiploma attore presso la CivicaScuola d\u2019Arte Drammatica Paolo Grassidi Milano. Nel 2004 ha seguito il corso di doppiaggio presso L\u2019Accademia Nazionale del Cinema di Bologna, sotto la guida degli insegnantiRodolfo Bianchi, Susanna Javicoli, Massimo Giuliani, mentre nel 2005, il corso di recitazione presso la Scuola di Recitazione dell\u2019ITC Teatro di S. Lazzaro di Savena. Bench\u00e9 giovanissimo, ha gi\u00e0 lavorato in prestigiosi teatri e partecipato a molti film e trasmissioni televisive e, per il secondo anno, \u00e8 una delle voci recitanti per <em>Ti suono una fiaba<\/em>.<\/p>\n<p><strong>\u00a0<\/strong><\/p>\n<p><strong>\u00a0<\/strong><\/p>\n<p><strong>MANUEL RENGA<\/strong><\/p>\n<p>Manuel Renga si diploma al corso di Regia Teatrale della Scuola di Teatro paolo Grassi nel 2013 e partecipa in seguito a vari e prestigiosi laboratori in Italia. Gi\u00e0 nel 2007 Manuel \u00e8 attivo nel campo teatrale, quando costituisce, con la coreografa Marcella Merigo, l\u2019Associazione Culturale La Corte dei Miracoli per la diffusione delle attivit\u00e0 artistiche tra i giovani del territorio dell\u2019Alto Garda, in particolare di teatro, danza e canto. L\u2019attivit\u00e0 principale si concentra sulla produzione di spettacoli teatrali corali, per i quali Manuel si occupa di regia e drammaturgia. \u00c8 invece dell\u2019anno successivo l\u2019ideazione del progetto Tradizioni a Teatro, che vede la formazione di un gruppo di trenta persone dai 20 agli 80 anni per la messinscena dello spettacolo <em>Arcane magie di solstizio d\u2019estate<\/em>. Sempre dal 2008 su richiesta dell\u2019Assessorato alla Cultura e alla Pubblica Istruzione organizza e realizza un laboratorio annuale sulla didattica teatrale per insegnanti delle scuole materne, elementari e medie inferiori: il lavoro finale dal titolo <em>Vi racconto una fiaba<\/em> \u00e8 uno spettacolo di narrazione interattiva messo in scena nelle scuole materne e elementari con il supporto degli insegnanti partecipanti al laboratorio. Partecipa per la prima volta al Toscolano Maderno Art Festival nel 2009, con lo spettacolo <em>Sin identidad tango<\/em>, curando sceneggiatura e regia e dove recita con Isabella D\u2019Ansembourg e Alessandro Zanetti, formati presso la Scuola dell\u2019Attore di Scena Sintetica di Brescia. Nel 2010, \u00e8 giurato per due anni al Festival di teatro per compagnie scolastiche Gabriele D\u2019Annunzio, presso il Vittoriale degli italiani. Riceve dalla direzione artistica l\u2019incarico di organizzare uno stage per i migliori ragazzi selezionati durante le dieci serate del festival: \u00e8 in questa occasione che conosce la compagnia scolastica del Liceo Copernico di Brescia e in particolare lavora poi con alcuni allievi alla realizzazione dello spettacolo che avr\u00e0 come titolo <em>Incanti<\/em>. Dalla stretta collaborazione con attori e registi compagni di corso presso la Scuola di Teatro Paolo Grassi di Milano nasce lo spettacolo <em>Come cani al guinzaglio<\/em>, ispirato a <em>Bent<\/em> di Martin Sherman, che debutta in occasione del Toscolano Maderno Art Festival 2011 con il titolo <em>Ah\u2026nimali@Anima\u2026li.com.<\/em> Dopo il diploma fonda, a Milano, l\u2019Associazione Chronos3, con la quale produce, in collaborazione con la Scuola Paolo Grassi, <em>Il Cane la notte e il coltello<\/em> di M. von Mayenburg, che debutta al Festival Scena contemporanea e al Piccolo Teatro Studio di Milano. Debutta al teatro Franco Parenti con <em>Hamlet without eyes<\/em>, una performance per pubblico bendato ispirata a Amleto di Shakespeare. Dirige il festival di Teatro di strada e arte contemporanea <em>Come a Montmartre<\/em> sul lago di Garda, evento che raccoglie artisti italiani ed europei. Nel 2013\/14, cura la prima edizione di <em>Ti suono una fiaba<\/em>, la stagione concepita tra teatro e musica dell\u2019Orchestra I Piccoli Pomeriggi Musicali, con la collaborazione di Milano teatro &#8211; Scuola Paolo Grassi e il sostegno di Fondazione Cariplo.<\/p>\n<p>&nbsp;<\/p>\n<p><strong>BIGLIETTI<\/strong><\/p>\n<p>Adulti \u20ac 7,00 (+ prevendita) &#8211; Bambini \u20ac 5,00 (+ prevendita)<\/p>\n<p><strong>Biglietteria TicketOne \u2013 Teatro Dal Verme <\/strong><\/p>\n<p>Via San Giovanni Sul Muro, 2 \u2013 20121 Milano<\/p>\n<p>Tel. 02 87.905.201<\/p>\n<p>dal marted\u00ec al sabato dalle 11.00 alle 19.00 &#8211; Domenica (nelle date dei concerti) ore 10:00 \u2013 11:00<\/p>\n<p><a href=\"http:\/\/www.ipomeriggi.it\/\">www.ipomeriggi.it<\/a><\/p>\n<p><a href=\"http:\/\/www.ipomeriggi.it\/facebook\">www.ipomeriggi.it\/facebook<\/a><\/p>\n<p><a href=\"http:\/\/www.ipomeriggi.it\/youtube\">www.ipomeriggi.it\/youtube<\/a><\/p>\n<p>&nbsp;<\/p>\n<p>Biglietteria on-line: <a href=\"http:\/\/www.ticketone.it\/\">www.ticketone.it<\/a><\/p>\n<p>&nbsp;<\/p>\n","protected":false},"excerpt":{"rendered":"<p>\u00a0I Pomeriggi Musicali in collaborazione con Sconfinarte e Milano Teatro Scuola Paolo Grassi \u00a0e con il sostegno di Fondazione Cariplo presentano \u00a0 I PICCOLI POMERIGGI MUSICALI TI SUONO UNA FIABA 2014\/2015 \u00a0Jack e il fagiolo magico Racconto popolare inglese \u00a0Voce recitante: Federico Manfredi Regia: Manuel Renga Direttore: Daniele Parziani Orchestra I Piccoli Pomeriggi Musicali \u00a0 &hellip; <a href=\"https:\/\/www.gdapress.it\/it\/index.php\/47069\/musica\/ti-suono-fiaba-20142015-jack-fagiolo-magico-dal-verme-milano.html\" class=\"more-link\">Read more <span class=\"screen-reader-text\">TI SUONO UNA FIABA 2014\/2015   Jack e il fagiolo magico DAL VERME MILANO<\/span><\/a><\/p>\n","protected":false},"author":2,"featured_media":0,"comment_status":"closed","ping_status":"open","sticky":false,"template":"","format":"standard","meta":{"footnotes":""},"categories":[19],"tags":[118,17,14185],"class_list":["post-47069","post","type-post","status-publish","format-standard","hentry","category-musica","tag-fiaba","tag-milano","tag-musicam-dal-verme"],"_links":{"self":[{"href":"https:\/\/www.gdapress.it\/it\/index.php\/wp-json\/wp\/v2\/posts\/47069","targetHints":{"allow":["GET"]}}],"collection":[{"href":"https:\/\/www.gdapress.it\/it\/index.php\/wp-json\/wp\/v2\/posts"}],"about":[{"href":"https:\/\/www.gdapress.it\/it\/index.php\/wp-json\/wp\/v2\/types\/post"}],"author":[{"embeddable":true,"href":"https:\/\/www.gdapress.it\/it\/index.php\/wp-json\/wp\/v2\/users\/2"}],"replies":[{"embeddable":true,"href":"https:\/\/www.gdapress.it\/it\/index.php\/wp-json\/wp\/v2\/comments?post=47069"}],"version-history":[{"count":1,"href":"https:\/\/www.gdapress.it\/it\/index.php\/wp-json\/wp\/v2\/posts\/47069\/revisions"}],"predecessor-version":[{"id":47070,"href":"https:\/\/www.gdapress.it\/it\/index.php\/wp-json\/wp\/v2\/posts\/47069\/revisions\/47070"}],"wp:attachment":[{"href":"https:\/\/www.gdapress.it\/it\/index.php\/wp-json\/wp\/v2\/media?parent=47069"}],"wp:term":[{"taxonomy":"category","embeddable":true,"href":"https:\/\/www.gdapress.it\/it\/index.php\/wp-json\/wp\/v2\/categories?post=47069"},{"taxonomy":"post_tag","embeddable":true,"href":"https:\/\/www.gdapress.it\/it\/index.php\/wp-json\/wp\/v2\/tags?post=47069"}],"curies":[{"name":"wp","href":"https:\/\/api.w.org\/{rel}","templated":true}]}}