
{"id":46939,"date":"2014-11-26T01:16:55","date_gmt":"2014-11-25T23:16:55","guid":{"rendered":"http:\/\/www.gdapress.it\/it\/?p=46939"},"modified":"2014-11-26T01:16:55","modified_gmt":"2014-11-25T23:16:55","slug":"amleto-teatro-litta-milano","status":"publish","type":"post","link":"https:\/\/www.gdapress.it\/it\/index.php\/46939\/teatro\/amleto-teatro-litta-milano.html","title":{"rendered":"AMLETO &#8211; TEATRO LITTA &#8211; MILANO"},"content":{"rendered":"<p><a href=\"http:\/\/www.gdapress.it\/it\/..\/public\/it\/2014\/11\/10620003_774265232622254_6891966131925018194_o.jpg\"><img loading=\"lazy\" decoding=\"async\" class=\"alignleft size-large wp-image-46941\" src=\"http:\/\/www.gdapress.it\/it\/..\/public\/it\/2014\/11\/10620003_774265232622254_6891966131925018194_o-500x328.jpg\" alt=\"10620003_774265232622254_6891966131925018194_o\" width=\"500\" height=\"328\" srcset=\"https:\/\/www.gdapress.it\/it\/..\/public\/it\/2014\/11\/10620003_774265232622254_6891966131925018194_o-500x328.jpg 500w, https:\/\/www.gdapress.it\/it\/..\/public\/it\/2014\/11\/10620003_774265232622254_6891966131925018194_o-300x197.jpg 300w, https:\/\/www.gdapress.it\/it\/..\/public\/it\/2014\/11\/10620003_774265232622254_6891966131925018194_o.jpg 2048w\" sizes=\"auto, (max-width: 500px) 100vw, 500px\" \/><\/a><\/p>\n<p>&nbsp;<\/p>\n<p>&nbsp;<\/p>\n<p>&nbsp;<\/p>\n<p>&nbsp;<\/p>\n<p>&nbsp;<\/p>\n<p>&nbsp;<\/p>\n<p>&nbsp;<\/p>\n<p>&nbsp;<\/p>\n<p>&nbsp;<\/p>\n<p>&nbsp;<\/p>\n<p>&nbsp;<\/p>\n<p>25 NOVEMBRE &#8211; 7 DICEMBRE 2014\u00a0\u00a0\u00a0\u00a0\u00a0\u00a0\u00a0\u00a0\u00a0\u00a0\u00a0\u00a0\u00a0\u00a0\u00a0\u00a0\u00a0\u00a0\u00a0\u00a0\u00a0\u00a0\u00a0\u00a0\u00a0\u00a0\u00a0\u00a0\u00a0\u00a0 \u00a0\u00a0\u00a0\u00a0\u00a0\u00a0\u00a0\u00a0\u00a0\u00a0\u00a0\u00a0\u00a0\u00a0\u00a0\u00a0\u00a0\u00a0\u00a0\u00a0\u00a0\u00a0\u00a0\u00a0\u00a0\u00a0\u00a0\u00a0\u00a0\u00a0\u00a0\u00a0\u00a0\u00a0\u00a0\u00a0\u00a0\u00a0\u00a0\u00a0\u00a0\u00a0\u00a0\u00a0\u00a0\u00a0\u00a0\u00a0\u00a0\u00a0\u00a0\u00a0\u00a0\u00a0\u00a0\u00a0\u00a0\u00a0\u00a0\u00a0\u00a0\u00a0\u00a0\u00a0\u00a0SALA TEATRO LITTA<br \/>\n<strong>Compagnia Teatro Libero<\/strong><\/p>\n<p><strong><br \/>\n<\/strong><strong><br \/>\nAMLETO<\/p>\n<p><\/strong><\/p>\n<table>\n<tbody>\n<tr>\n<td width=\"326\">di <strong>William Shakespeare<\/strong><\/td>\n<td width=\"326\">scene <strong>Fabrizio Palla<\/strong><\/td>\n<\/tr>\n<tr>\n<td width=\"326\">progetto e regia <strong>Corrado d&#8217;Elia<\/strong><\/td>\n<td width=\"326\">luci <strong>Alessandro Tinelli<\/strong><\/td>\n<\/tr>\n<tr>\n<td width=\"326\">con <strong>Corrado d&#8217;Elia<\/strong>, <strong>Giulia Bacchetta<\/strong>, <strong>Alessandro Castellucci<\/strong>, <strong>Gianni Quillico<\/strong>, <strong>Marco Brambilla<\/strong>, <strong>Giovanni<\/strong> <strong>Carretti<\/strong>, <strong>Andrea Tibaldi<\/strong>, <strong>Marco Biraghi, Gaia Insenga<\/strong><\/td>\n<td width=\"326\">fonico<strong> Giulio Fassina<\/strong><br \/>\nfoto di scena <strong>Angelo Redaelli<br \/>\n<\/strong>assistente alla regia<strong> Andrea Lisco<\/strong><\/td>\n<\/tr>\n<\/tbody>\n<\/table>\n<p>&nbsp;<\/p>\n<p><strong>Sinossi<\/strong><em><br \/>\n&#8220;Racconta di me e della mia causa, non dimenticare&#8230;.&#8221;<\/em><strong><br \/>\n<\/strong>Sono queste le ultime parole che Amleto morente rivolge ad Orazio, l&#8217;amico carissimo, l&#8217;unico sopravvissuto della storia.<br \/>\nE questi accoglie la preghiera e ne diventa il testimone.<br \/>\nCol procedere del tempo per\u00f2, com&#8217;\u00e8 normale, il ricordo si sbiadisce e si deteriora e nella mente di Orazio la vicenda si confonde e si scompone.<br \/>\nIn una stanza vuota raccontiamo ma, forse \u00e8 pi\u00f9 esatto dire, ricordiamo la vicenda di Amleto, cos\u00ec come la memoria di Orazio ce la rimanda: una sequenza pi\u00f9 o meno logica di quadri in cui i volti e le immagini emergono dal buio con la rapidit\u00e0 di un battito di ciglia.<br \/>\nLa scena \u00e8 una stanza della memoria, claustrofobica e senza via d&#8217;uscita. Le azioni si susseguono al ritmo ossessivo del ricordo, si confondono e si mischiano come avviene nella mente di Orazio, che ci restituisce una storia spezzata, frammentaria, ma colma di umanit\u00e0<\/p>\n<p><strong>Compagnia Teatro Libero<\/strong><br \/>\nNasce nel 2010 come sintesi, sviluppo e nuovo percorso della storica Compagnia Teatri Possibili fondata dal regista e attore Corrado d&#8217;Elia nel 1996.<br \/>\nLa nuova realt\u00e0 prosegue il lavoro e consolida i valori che hanno caratterizzato per anni il mondo Teatri Possibili, rendendosi per\u00f2 soggetto nuovo per aspirazioni e progettualit\u00e0, producendo e coproducendo artisti affermati e nuovi talenti. Il gruppo di artisti che costituisce la Compagnia \u00e8 caratterizzato da un nucleo stabile che lavora in modo continuativo intorno alla figura di Corrado d\u2019Elia, che, per la sua esperienza e per le sue qualit\u00e0, \u00e8 riferimento artistico ed organizzativo fondamentale. A lui vengono affidate le regie di alcune tra le principali produzioni: <em>Cyrano di Bergerac<\/em>, <em>Don Chisciotte<\/em>, <em>Io, Ludwig van Beethoven<\/em>, <em>Mercurio<\/em>, <em>Novecento<\/em>,<em> Non chiamatemi maestro, <\/em><em>Macbeth-Inferno<\/em>, <em>Amleto<\/em>, allestimenti fortunatissimi, testimoniati dal calore del pubblico e dai molti premi e riconoscimenti della critica.<br \/>\nLa Compagnia Teatro Libero distribuisce le proprie produzioni in tutta Italia: far conoscere il proprio lavoro e portare il proprio teatro dove \u00e8 possibile resta una vocazione e una forte necessit\u00e0 artistica.<\/p>\n<p><strong>Corrado d\u2019Elia<\/strong><br \/>\n\u00c8 uomo di teatro a tutto tondo, attore, regista, drammaturgo, ma anche ideatore ed organizzatore di eventi e rassegne culturali, nasce a Milano e studia teatro presso la Scuola d&#8217;Arte Drammatica Paolo Grassi. Nel 1995 fonda il progetto Teatri Possibili: Compagnia, Scuola, Circuito ed Ente di produzione ed organizzazione teatrale. Dal 1998 \u00e8 direttore del Teatro Libero di Milano.<strong><br \/>\n<\/strong>\u00c8 stato direttore artistico negli anni passati presso: Teatro Olmetto (Milano), Teatro Belli (Roma), Teatro Della Dodicesima (Roma), Teatro Everest (Firenze), Teatrozeta (L&#8217;Aquila) e delle rassegne di Teatri Possibili presso i teatri: Villoresi (Monza), Alcione (Verona), Studio Foce (Lugano), Cuminetti (Trento), Sant&#8217;Agostino (L&#8217;Aquila). Per il progetto <em>Teatri del Ponente Ligure <\/em>(di cui \u00e8 stato codirettore) ha organizzato stagioni e manifestazioni nei teatri di Loano, Finale Ligure, Imperia, Bordighera, Cervo, Pieve di Teco, Ventimiglia e San Remo. Tra gli spettacoli prodotti dalla Compagnia Teatri Possibili\/Teatro Libero, \u00e8 attore e regista de: <em>Le nozze dei piccoli borghesi<\/em> di Bertolt Brecht, <em>Cyrano di Bergerac<\/em> di Edmond Rostand, <em>Otello<\/em> di William Shakespeare, <em>Caligola<\/em> di Albert Camus, <em>Macbeth<\/em> di William Shakespeare, <em>Amleto<\/em> di William Shakespeare, <em>Novecento<\/em> di Alessandro Baricco, <em>Don Giovanni<\/em> (di cui \u00e8 anche autore), <em>Riccardo III<\/em> di William Shakespeare, <em>La locandiera<\/em> di Carlo Goldoni, <em>La leggenda di Redenta Tiria<\/em> di Salvatore Niffoi, <em>Notti Bianche<\/em> da <em>Le notti bianche<\/em> di F\u00ebdor Michajlovi\u010d Dostoevskij.<strong><br \/>\n<\/strong>Nel giugno 2002 vince il Premio Hystrio &#8211; Provincia di Milano. Nel settembre 2007 gli viene assegnato il premio Franco Enriquez per il Teatro. Nel 2009 vince il prestigioso premio internazionale Luigi Pirandello. Nel 2010 riceve il Premio della Critica Italiana come una delle figure pi\u00f9 complete dell&#8217;attuale panorama teatrale italiano<\/p>\n<p><strong>Dalle note di regia<\/strong><br \/>\nQuesto spettacolo, come <em>Otello<\/em>, <em>Romeo e Giulietta<\/em> e <em>Macbeth<\/em>, fa parte del percorso shakespeariano della compagnia che affronta in questo caso uno dei testi pi\u00f9 amati, pi\u00f9 tradotti e pi\u00f9 rappresentati al mondo. Tutti gli allestimenti sono caratterizzati da una messa in scena originale, un linguaggio visivo marcato e quasi cinematografico, essenzialit\u00e0 nelle scelte di scene e costumi, ritmo sostenuto, uso drammaturgico delle luci e della musica e spesso mancanza totale di coordinate spazio-temporali concrete e naturalistiche. Un percorso verso la frammentariet\u00e0, che qui raggiunge il suo apice, con un taglio fortemente cinematografico. I luoghi dove si svolgono le azioni sono spesso luoghi della mente, dell&#8217;immaginario o dell&#8217;anima in una logica di labilit\u00e0 del confine tra sogno e realt\u00e0.<\/p>\n<p>&nbsp;<\/p>\n<p><strong>INFORMAZIONI<br \/>\n<\/strong><strong>Sala Teatro Litta<\/strong> &#8211; Repliche: da marted\u00ec a sabato ore 20:30 &#8211; domenica ore 16:30 &#8211; luned\u00ec riposo &#8211; Durata:\u00a0<strong>70&#8242;<\/strong> &#8211; Biglietti: intero \u20ac21, ridotti \u20ac11\/15 &#8211; Abbonamenti:\u00a0<strong>Lunatica<\/strong>\u00a0&#8211;\u00a0<strong>Invito a Teatro &#8211; Cartalibera<\/strong><\/p>\n<p><strong><\/p>\n<p><\/strong><\/p>\n<p><strong>ABBONAMENTO LUNATICA<\/strong><br \/>\nCarta non nominale, libera, a scalare, valida per tutti gli spettacoli in cartellone della stagione serale (escluse recite straordinarie, festa di Capodanno, festival, teatro ragazzi, rassegne e linea Apache).<\/p>\n<p><strong>Convenzioni<\/strong>\u00a0 &#8211;\u00a0 <a href=\"http:\/\/www.teatrolitta.it\/\">www.teatrolitta.it<\/a><br \/>\n<strong>BIGLIETTERIA<\/strong><strong><br \/>\n<\/strong>C.so Magenta 24, Milano<br \/>\nda luned\u00ec\/sabato dalle 18:00\/20:00\u00a0 02.86.45.45.45<strong><br \/>\n&#8211; informazioni e prenotazioni telefoniche <\/strong><\/p>\n<p>da luned\u00ec a sabato dalle 15:00 alle 19:30<br \/>\n<strong>&#8211; prenotazione mail<\/strong><\/p>\n<p><a href=\"mailto:promozione@teatrolitta.it\">promozione@teatrolitta.it<\/a><\/p>\n<p><strong>&#8211; prevendita online<\/strong><\/p>\n<p>biglietti e abbonamenti sono acquistabili sul sito e nei punti vendita Vivaticket<br \/>\n<strong><\/p>\n<p><\/strong><\/p>\n","protected":false},"excerpt":{"rendered":"<p>&nbsp; &nbsp; &nbsp; &nbsp; &nbsp; &nbsp; &nbsp; &nbsp; &nbsp; &nbsp; &nbsp; 25 NOVEMBRE &#8211; 7 DICEMBRE 2014\u00a0\u00a0\u00a0\u00a0\u00a0\u00a0\u00a0\u00a0\u00a0\u00a0\u00a0\u00a0\u00a0\u00a0\u00a0\u00a0\u00a0\u00a0\u00a0\u00a0\u00a0\u00a0\u00a0\u00a0\u00a0\u00a0\u00a0\u00a0\u00a0\u00a0 \u00a0\u00a0\u00a0\u00a0\u00a0\u00a0\u00a0\u00a0\u00a0\u00a0\u00a0\u00a0\u00a0\u00a0\u00a0\u00a0\u00a0\u00a0\u00a0\u00a0\u00a0\u00a0\u00a0\u00a0\u00a0\u00a0\u00a0\u00a0\u00a0\u00a0\u00a0\u00a0\u00a0\u00a0\u00a0\u00a0\u00a0\u00a0\u00a0\u00a0\u00a0\u00a0\u00a0\u00a0\u00a0\u00a0\u00a0\u00a0\u00a0\u00a0\u00a0\u00a0\u00a0\u00a0\u00a0\u00a0\u00a0\u00a0\u00a0\u00a0\u00a0\u00a0\u00a0\u00a0\u00a0SALA TEATRO LITTA Compagnia Teatro Libero AMLETO di William Shakespeare scene Fabrizio Palla progetto e regia Corrado d&#8217;Elia luci Alessandro Tinelli con Corrado d&#8217;Elia, Giulia Bacchetta, Alessandro Castellucci, Gianni Quillico, Marco Brambilla, Giovanni Carretti, Andrea Tibaldi, Marco Biraghi, &hellip; <a href=\"https:\/\/www.gdapress.it\/it\/index.php\/46939\/teatro\/amleto-teatro-litta-milano.html\" class=\"more-link\">Read more <span class=\"screen-reader-text\">AMLETO &#8211; TEATRO LITTA &#8211; MILANO<\/span><\/a><\/p>\n","protected":false},"author":2,"featured_media":0,"comment_status":"closed","ping_status":"open","sticky":false,"template":"","format":"standard","meta":{"footnotes":""},"categories":[1],"tags":[4439,17,5660],"class_list":["post-46939","post","type-post","status-publish","format-standard","hentry","category-teatro","tag-amleto","tag-milano","tag-teatro-litta"],"_links":{"self":[{"href":"https:\/\/www.gdapress.it\/it\/index.php\/wp-json\/wp\/v2\/posts\/46939","targetHints":{"allow":["GET"]}}],"collection":[{"href":"https:\/\/www.gdapress.it\/it\/index.php\/wp-json\/wp\/v2\/posts"}],"about":[{"href":"https:\/\/www.gdapress.it\/it\/index.php\/wp-json\/wp\/v2\/types\/post"}],"author":[{"embeddable":true,"href":"https:\/\/www.gdapress.it\/it\/index.php\/wp-json\/wp\/v2\/users\/2"}],"replies":[{"embeddable":true,"href":"https:\/\/www.gdapress.it\/it\/index.php\/wp-json\/wp\/v2\/comments?post=46939"}],"version-history":[{"count":1,"href":"https:\/\/www.gdapress.it\/it\/index.php\/wp-json\/wp\/v2\/posts\/46939\/revisions"}],"predecessor-version":[{"id":46942,"href":"https:\/\/www.gdapress.it\/it\/index.php\/wp-json\/wp\/v2\/posts\/46939\/revisions\/46942"}],"wp:attachment":[{"href":"https:\/\/www.gdapress.it\/it\/index.php\/wp-json\/wp\/v2\/media?parent=46939"}],"wp:term":[{"taxonomy":"category","embeddable":true,"href":"https:\/\/www.gdapress.it\/it\/index.php\/wp-json\/wp\/v2\/categories?post=46939"},{"taxonomy":"post_tag","embeddable":true,"href":"https:\/\/www.gdapress.it\/it\/index.php\/wp-json\/wp\/v2\/tags?post=46939"}],"curies":[{"name":"wp","href":"https:\/\/api.w.org\/{rel}","templated":true}]}}