
{"id":46916,"date":"2014-11-24T14:03:34","date_gmt":"2014-11-24T12:03:34","guid":{"rendered":"http:\/\/www.gdapress.it\/it\/?p=46916"},"modified":"2014-11-24T14:03:34","modified_gmt":"2014-11-24T12:03:34","slug":"pennellate-luce-renato-marcialis-per-calendario-epson-2015","status":"publish","type":"post","link":"https:\/\/www.gdapress.it\/it\/index.php\/46916\/arte\/pennellate-luce-renato-marcialis-per-calendario-epson-2015.html","title":{"rendered":"Le pennellate di luce di Renato Marcialis per il Calendario Epson 2015"},"content":{"rendered":"<p class=\"ecxMsoNormal\" style=\"color: #444444;\" align=\"center\"><a href=\"http:\/\/www.gdapress.it\/it\/..\/public\/it\/2014\/11\/Calendario-Epson-2015-Renato-Marcialis-01-gen-300dpi-6cm.jpg\"><img loading=\"lazy\" decoding=\"async\" class=\"alignleft size-large wp-image-46917\" src=\"http:\/\/www.gdapress.it\/it\/..\/public\/it\/2014\/11\/Calendario-Epson-2015-Renato-Marcialis-01-gen-300dpi-6cm-300x400.jpg\" alt=\"Calendario Epson 2015 - Renato Marcialis - 01 gen 300dpi 6cm\" width=\"300\" height=\"400\" srcset=\"https:\/\/www.gdapress.it\/it\/..\/public\/it\/2014\/11\/Calendario-Epson-2015-Renato-Marcialis-01-gen-300dpi-6cm-300x400.jpg 300w, https:\/\/www.gdapress.it\/it\/..\/public\/it\/2014\/11\/Calendario-Epson-2015-Renato-Marcialis-01-gen-300dpi-6cm-225x300.jpg 225w, https:\/\/www.gdapress.it\/it\/..\/public\/it\/2014\/11\/Calendario-Epson-2015-Renato-Marcialis-01-gen-300dpi-6cm.jpg 729w\" sizes=\"auto, (max-width: 300px) 100vw, 300px\" \/><\/a> <img loading=\"lazy\" decoding=\"async\" class=\"alignleft size-large wp-image-46918\" src=\"http:\/\/www.gdapress.it\/it\/..\/public\/it\/2014\/11\/1510910_712682545494156_2141627450877111328_n1.jpg\" alt=\"1510910_712682545494156_2141627450877111328_n\" width=\"473\" height=\"296\" srcset=\"https:\/\/www.gdapress.it\/it\/..\/public\/it\/2014\/11\/1510910_712682545494156_2141627450877111328_n1.jpg 473w, https:\/\/www.gdapress.it\/it\/..\/public\/it\/2014\/11\/1510910_712682545494156_2141627450877111328_n1-300x187.jpg 300w\" sizes=\"auto, (max-width: 473px) 100vw, 473px\" \/> <img loading=\"lazy\" decoding=\"async\" class=\"alignleft size-large wp-image-46919\" src=\"http:\/\/www.gdapress.it\/it\/..\/public\/it\/2014\/11\/Calendario-Epson-2015-Renato-Marcialis-01-gen-300dpi-6cm1-300x400.jpg\" alt=\"Calendario Epson 2015 - Renato Marcialis - 01 gen 300dpi 6cm\" width=\"300\" height=\"400\" srcset=\"https:\/\/www.gdapress.it\/it\/..\/public\/it\/2014\/11\/Calendario-Epson-2015-Renato-Marcialis-01-gen-300dpi-6cm1-300x400.jpg 300w, https:\/\/www.gdapress.it\/it\/..\/public\/it\/2014\/11\/Calendario-Epson-2015-Renato-Marcialis-01-gen-300dpi-6cm1-225x300.jpg 225w, https:\/\/www.gdapress.it\/it\/..\/public\/it\/2014\/11\/Calendario-Epson-2015-Renato-Marcialis-01-gen-300dpi-6cm1.jpg 525w\" sizes=\"auto, (max-width: 300px) 100vw, 300px\" \/><\/p>\n<p class=\"ecxMsoNormal\" style=\"color: #444444;\" align=\"center\"><i style=\"font-style: italic;\"><span style=\"color: black;\">Renato Marcialis \u00e8 l&#8217;autore degli scatti di &#8220;Luci e ombre&#8221;, il quindicesimo calendario Epson, che quest&#8217;anno ha come soggetto il cibo, un tema che con Expo 2015 sar\u00e0 uno dei protagonisti del prossimo anno.<\/span><\/i><\/p>\n<p class=\"ecxMsoNormal\" style=\"color: #444444;\"><b style=\"font-weight: bold;\"><span style=\"color: black;\">\u00a0<\/span><\/b><\/p>\n<p class=\"ecxMsoNormal\" style=\"color: #444444;\">\u00a0Per il suo Calendario 2015, Epson ha scelto un\u00a0maestro indiscusso della fotografia di food:\u00a0Renato Marcialis,\u00a0con il suo progetto &#8220;Caravaggio in Cucina&#8221;. Il Calendario, chediventer\u00e0 anche una mostra all&#8217;Urban Center di Milano dal 17 a al 26 febbraio 2015,\u00a0celebra in questo modo il tema che, con Expo &#8211;\u00a0&#8220;Nutrire il Pianeta, Energia per la Vita&#8221;\u00a0&#8211; sar\u00e0 uno dei protagonisti del prossimo anno.<\/p>\n<p class=\"ecxMsoNormal\" style=\"color: #444444;\">\n<p class=\"ecxMsoNormal\" style=\"color: #444444;\">Il Calendario Epson 2015 si intitola &#8220;Luci e ombre&#8221;. La scelta di un titolo cos\u00ec evocativo nasce dalla descrizione della tecnica di scatto utilizzata del fotografo: le immagini, contrassegnate da drammatici chiaroscuri, sono realizzate da Marcialis con vere e proprie pennellate di luce; lo straordinario effetto finale \u00e8 lo stesso ottenuto da Michelangelo Merisi, detto il Caravaggio, che nel Cinquecento creava i suoi dipinti illuminando i soggetti con una fonte di luce potente ma concentrata, capace di sottolineare i volumi di quanto rappresentato fino a farli uscire improvvisamente dal buio della scena. Cos\u00ec ciascuna fotografia del Calendario Epson 2015 ricorda da vicino una natura morta di Caravaggio, dove l&#8217;uso coreografico dei forti contrasti fra ombra e luce coniuga potenza espressiva e sensazione di apparente semplicit\u00e0, e la carta utilizzata restituisce alle stampe la preziosit\u00e0 di un quadro.<\/p>\n<p class=\"ecxMsoNormal\" style=\"color: #444444;\">\n<p class=\"ecxMsoNormal\" style=\"color: #444444;\">&#8220;Il Calendario Epson 2015 &#8211; ha dichiarato Massimo Pizzocri, amministratore delegato di Epson Italia &#8211; grazie alle immagini di questo straordinario poeta dell&#8217;immagine \u00e8, ancora una volta e forse pi\u00f9 che in passato, un oggetto sorprendente.\u00a0La qualit\u00e0 delle fotografie, il valore artistico delle immagini e la modalit\u00e0 di realizzazione che unisce tecnologia e originalit\u00e0 permetteranno di vivere, mese dopo mese, la sorpresa nel vedere una composizione cinquecentesca realizzata con tecniche modernissime.&#8221;<\/p>\n<p class=\"ecxMsoNormal\" style=\"color: #444444;\">\n<p class=\"ecxMsoNormal\" style=\"color: #444444;\"><b style=\"font-weight: bold;\">Il calendario Epson: 15 anni di storia per appassionati collezionisti.<\/b><\/p>\n<p class=\"ecxMsoNormal\" style=\"color: #444444;\">Anche questa edizione \u00e8 un vero e proprio pezzo da collezione: la tiratura \u00e8 limitata a sole 999 copie, tutte numerate, realizzate a mano incollando le singole immagini prodotte con stampanti, carte ed inchiostri Epson &#8211; sono stati stampati ben 4 chilometri di carta fine art &#8211; e un lavoro di infinita pazienza e abilit\u00e0 che richiede mesi di lavoro artigianale di elevata precisione.<\/p>\n<p class=\"ecxMsoNormal\" style=\"color: #444444;\">\n<p class=\"ecxMsoNormal\" style=\"color: #444444;\">Renato Marcialis \u00e8 solo l&#8217;ultimo dei grandi fotografi che hanno firmato, caratterizzandole con il loro stile e la loro personalit\u00e0, le edizioni precedenti. Dal 2001: Giorgio Lotti, Franco Fontana, Mario De Biasi, Giovanni Gastel, Mimmo Jodice, Ferdinando Scianna, Gian Paolo Barbieri, Gianni Berengo Gardin, Massimo Vitali, Vittorio Storaro, Gabriele Basilico,\u00a0Maurizio Galimberti,\u00a0<span style=\"color: black;\">Stefano Unterthiner,\u00a0<\/span>Luca Campigotto.<\/p>\n<p class=\"ecxMsoNormal\" style=\"color: #444444;\">\n<p class=\"ecxMsoNormal\" style=\"color: #444444;\"><b style=\"font-weight: bold;\"><span style=\"color: black;\">Renato Marcialis, una storia di talento:<br \/>\ndalla tradizione di famiglia alla carriera fotografica professionale.<\/span><\/b><\/p>\n<p class=\"ecxMsoNormal\" style=\"color: #444444;\"><span style=\"color: black;\">Veneziano di nascita e milanese di adozione, Renato Marcialis a quindici anni comincia a lavorare in uno studio fotografico specializzato in meeting aziendali e matrimoni, per poi passare alla fotografia industriale.<\/span>\u00a0N<span style=\"color: black;\">el 1976 il fratello maggiore Riccardo, gi\u00e0 art director affermato, inizia una nuova avventura nella fotografia di gastronomia e propone a Renato una collaborazione. Sar\u00e0 un sodalizio destinato a durare ben dieci anni, finch\u00e9 Renato si sente pronto ad aprire uno studio per conto suo e nei cinque anni seguenti sar\u00e0 un fotografo eclettico, passando dalla moda al reportage, dallo still-life alle riprese industriali.<\/span><\/p>\n<p class=\"ecxMsoNormal\" style=\"color: #444444;\"><span style=\"color: black;\">\u00a0<\/span><\/p>\n<p class=\"ecxMsoNormal\" style=\"color: #444444;\"><span style=\"color: black;\">Nel 1992 decide di collaborare solo con aziende alimentari e di occuparsi della comunicazione fotografica a tutto tondo, scattando per loro cataloghi, ricettari, packaging, campagne stampa e affissioni, coronando cos\u00ec l&#8217;amore per la cucina, tradizione di famiglia iniziata con il nonno chef de cuisine, con il suo talento di fotografo. Renato Marcialis ha all&#8217;attivo circa cinquanta libri di gastronomia e cocktails, appare negli inserti delle riviste specializzate, collabora con le redazioni di gastronomia e le sue immagini sono rappresentate in tutto il mondo dalle agenzie fotografiche.<\/span><\/p>\n<p class=\"ecxMsoNormal\" style=\"color: #444444;\"><span style=\"color: black;\">\u00a0<\/span><\/p>\n<p class=\"ecxMsoNormal\" style=\"color: #444444;\"><span style=\"color: black;\">Dalla sua padronanza nell&#8217;uso della luce, delle ombre e dei chiaroscuri nasce una nuova avventura che, con l&#8217;ironia che lo contraddistingue, Marcialis ha voluto chiamare &#8220;Caravaggio in cucina&#8221;, il progetto da cui sono state tratte le immagini del Calendario Epson 2015.<\/span><\/p>\n<p class=\"ecxMsoNormal\" style=\"color: #444444;\"><b style=\"font-weight: bold;\"><span style=\"color: black;\">\u00a0<\/span><\/b><\/p>\n<p class=\"ecxMsoNormal\" style=\"color: #444444;\"><b style=\"font-weight: bold;\">Gruppo Epson<\/b><\/p>\n<p class=\"ecxMsoNormal\" style=\"color: #444444;\">Epson \u00e8 leader mondiale nell&#8217;innovazione con soluzioni che superano le aspettative dei clienti in mercati diversi quali ufficio, casa, Retail e industria. La gamma dei prodotti Epson comprende stampanti inkjet, meccanismi di stampa, videoproiettori 3LCD cos\u00ec come robot industriali, visori e sensori, e si basa su tecnologie proprietarie che garantiscono compattezza, riduzione dei consumi energetici e affidabilit\u00e0 elevata.<\/p>\n<p class=\"ecxMsoNormal\" style=\"color: #444444;\">Con capogruppo Seiko Epson Corporation che ha sede in Giappone, il Gruppo Epson conta oltre 73.000 dipendenti in 94 societ\u00e0 nel mondo ed \u00e8 orgoglioso di contribuire alla salvaguardia dell&#8217;ambiente naturale globale e di sostenere le comunit\u00e0 locali nelle quali opera.<\/p>\n<p class=\"ecxMsoNormal\" style=\"color: #444444;\"><a style=\"font-weight: inherit; color: #0068cf;\" href=\"http:\/\/www.global.epson.com\/\" target=\"_blank\"><span style=\"color: #0000ff;\">www.global.epson.com<\/span><\/a><\/p>\n<p class=\"ecxMsoNormal\" style=\"color: #444444;\"><b style=\"font-weight: bold;\">\u00a0<\/b><\/p>\n<p class=\"ecxMsoNormal\" style=\"color: #444444;\"><b style=\"font-weight: bold;\">Epson Europe<\/b><\/p>\n<p class=\"ecxMsoNormal\" style=\"color: #444444;\">Epson Europe B.V. con sede ad Amsterdam, \u00e8 il quartier generale regionale del Gruppo per Europa, Medio Oriente, Russia e Africa. Con una forza lavoro di 1.700 dipendenti, le vendite di Epson Europa, per l&#8217;anno fiscale 2013, hanno raggiunto i 1.517 milioni di euro.\u00a0<a style=\"font-weight: inherit; color: #0068cf;\" href=\"http:\/\/www.epson.eu\/\" target=\"_blank\"><span lang=\"FR\"><span style=\"color: #0000ff;\">http:\/\/www.epson.eu<\/span><\/span><\/a><\/p>\n<p class=\"ecxMsoNormal\" style=\"color: #444444;\"><b style=\"font-weight: bold;\"><span style=\"text-decoration: underline;\"><span lang=\"FR\">\u00a0<\/span><\/span><\/b><\/p>\n<p class=\"ecxMsoNormal\" style=\"color: #444444;\"><b style=\"font-weight: bold;\"><span lang=\"FR\">Environmental Vision 2050<\/span><\/b><\/p>\n<p class=\"ecxMsoNormal\" style=\"color: #444444;\"><a style=\"font-weight: inherit; color: #0068cf;\" href=\"http:\/\/eco.epson.com\/\" target=\"_blank\"><span lang=\"FR\"><span style=\"color: #0000ff;\">http:\/\/eco.epson.com\/<\/span><\/span><\/a><\/p>\n<p class=\"ecxMsoNormalCxSpMiddle\" style=\"color: #444444;\"><span lang=\"FR\">\u00a0<\/span><\/p>\n<p class=\"ecxMsoNormalCxSpMiddle\" style=\"color: #444444;\"><b style=\"font-weight: bold;\">Epson Italia<\/b><br \/>\nEpson Italia, sales company nazionale, per l&#8217;anno\u00a0fiscale 2013 ha\u00a0registrato\u00a0un fatturato di\u00a0oltre 200\u00a0milioni di Euro e\u00a0impiega\u00a0circa\u00a0150 persone.<a style=\"font-weight: inherit; color: #0068cf;\" href=\"http:\/\/www.epson.it\/\" target=\"_blank\"><span style=\"color: #0000ff;\">http:\/\/www.epson.it<\/span><\/a><\/p>\n<p class=\"ecxMsoNormal\" style=\"color: #444444;\">\n","protected":false},"excerpt":{"rendered":"<p>Renato Marcialis \u00e8 l&#8217;autore degli scatti di &#8220;Luci e ombre&#8221;, il quindicesimo calendario Epson, che quest&#8217;anno ha come soggetto il cibo, un tema che con Expo 2015 sar\u00e0 uno dei protagonisti del prossimo anno. \u00a0 \u00a0Per il suo Calendario 2015, Epson ha scelto un\u00a0maestro indiscusso della fotografia di food:\u00a0Renato Marcialis,\u00a0con il suo progetto &#8220;Caravaggio in &hellip; <a href=\"https:\/\/www.gdapress.it\/it\/index.php\/46916\/arte\/pennellate-luce-renato-marcialis-per-calendario-epson-2015.html\" class=\"more-link\">Read more <span class=\"screen-reader-text\">Le pennellate di luce di Renato Marcialis per il Calendario Epson 2015<\/span><\/a><\/p>\n","protected":false},"author":2,"featured_media":0,"comment_status":"closed","ping_status":"open","sticky":false,"template":"","format":"standard","meta":{"footnotes":""},"categories":[4],"tags":[319,2924,14136,17,30],"class_list":["post-46916","post","type-post","status-publish","format-standard","hentry","category-arte","tag-calendario","tag-epson","tag-marcialis","tag-milano","tag-triennale"],"_links":{"self":[{"href":"https:\/\/www.gdapress.it\/it\/index.php\/wp-json\/wp\/v2\/posts\/46916","targetHints":{"allow":["GET"]}}],"collection":[{"href":"https:\/\/www.gdapress.it\/it\/index.php\/wp-json\/wp\/v2\/posts"}],"about":[{"href":"https:\/\/www.gdapress.it\/it\/index.php\/wp-json\/wp\/v2\/types\/post"}],"author":[{"embeddable":true,"href":"https:\/\/www.gdapress.it\/it\/index.php\/wp-json\/wp\/v2\/users\/2"}],"replies":[{"embeddable":true,"href":"https:\/\/www.gdapress.it\/it\/index.php\/wp-json\/wp\/v2\/comments?post=46916"}],"version-history":[{"count":1,"href":"https:\/\/www.gdapress.it\/it\/index.php\/wp-json\/wp\/v2\/posts\/46916\/revisions"}],"predecessor-version":[{"id":46920,"href":"https:\/\/www.gdapress.it\/it\/index.php\/wp-json\/wp\/v2\/posts\/46916\/revisions\/46920"}],"wp:attachment":[{"href":"https:\/\/www.gdapress.it\/it\/index.php\/wp-json\/wp\/v2\/media?parent=46916"}],"wp:term":[{"taxonomy":"category","embeddable":true,"href":"https:\/\/www.gdapress.it\/it\/index.php\/wp-json\/wp\/v2\/categories?post=46916"},{"taxonomy":"post_tag","embeddable":true,"href":"https:\/\/www.gdapress.it\/it\/index.php\/wp-json\/wp\/v2\/tags?post=46916"}],"curies":[{"name":"wp","href":"https:\/\/api.w.org\/{rel}","templated":true}]}}