
{"id":46850,"date":"2014-11-21T10:41:23","date_gmt":"2014-11-21T08:41:23","guid":{"rendered":"http:\/\/www.gdapress.it\/it\/?p=46850"},"modified":"2014-11-21T10:41:23","modified_gmt":"2014-11-21T08:41:23","slug":"signorini-fattori-lega-i-macchiaioli-caffe-michelangiolo-ribelli-si-nasce-lu-c-c","status":"publish","type":"post","link":"https:\/\/www.gdapress.it\/it\/index.php\/46850\/arte\/signorini-fattori-lega-i-macchiaioli-caffe-michelangiolo-ribelli-si-nasce-lu-c-c.html","title":{"rendered":"Signorini, Fattori, Lega e i Macchiaioli del Caff\u00e8 Michelangiolo. Ribelli si nasce \/ Lu.C.C.A."},"content":{"rendered":"<p><a href=\"http:\/\/www.gdapress.it\/it\/..\/public\/it\/2014\/11\/Giovanni-Fattori-Donne-del-Gabbro.jpg\"><img loading=\"lazy\" decoding=\"async\" class=\"alignleft size-large wp-image-46851\" src=\"http:\/\/www.gdapress.it\/it\/..\/public\/it\/2014\/11\/Giovanni-Fattori-Donne-del-Gabbro-212x400.jpg\" alt=\"Giovanni Fattori-Donne del Gabbro\" width=\"212\" height=\"400\" srcset=\"https:\/\/www.gdapress.it\/it\/..\/public\/it\/2014\/11\/Giovanni-Fattori-Donne-del-Gabbro-212x400.jpg 212w, https:\/\/www.gdapress.it\/it\/..\/public\/it\/2014\/11\/Giovanni-Fattori-Donne-del-Gabbro-159x300.jpg 159w, https:\/\/www.gdapress.it\/it\/..\/public\/it\/2014\/11\/Giovanni-Fattori-Donne-del-Gabbro.jpg 591w\" sizes=\"auto, (max-width: 212px) 100vw, 212px\" \/><\/a><\/p>\n<p><strong>\u201cSignorini, Fattori, Lega e i Macchiaioli del Caff\u00e8 Michelangiolo. Ribelli si nasce\u201d<\/strong><\/p>\n<p>dal 21 novembre 2014 al 6 aprile 2015<\/p>\n<p><em>a cura di Maurizio Vanni e Stefano Cecchetto<\/em><\/p>\n<p><strong>Lu.C.C.A. \u2013 Lucca Center of Contemporary Art, Lucca<\/strong><\/p>\n<p>Una lucida passione ri-evoluzionaria che ha condotto gli artisti a credere di poter mutare il futuro del proprio paese assegnando alla cultura un ruolo decisivo. I macchiaioli, da testimoni del proprio tempo, decisero di scendere in arena, rinunciando ai sogni e alle coscienti illusioni, per diventare artefici del proprio destino interpretando la vita reale e spirituale, e diventando strumento della propria vita ideologica. La mostra <strong>\u201cSignorini, Fattori, Lega e i Macchiaioli del Caff\u00e8 Michelangiolo. Ribelli si nasce\u201d, a cura di Maurizio Vanni e Stefano Cecchetto<\/strong>, che sar\u00e0 aperta al <strong>Lu.C.C.A. \u2013 Lucca Center of Contemporary Art<\/strong> <strong>dal 21 novembre 2014 al 6 aprile 2015<\/strong>, nasce proprio da questo presupposto: rivedere il movimento dei macchiaioli alla luce della loro modernit\u00e0, del loro essere ribelli alle regole accademiche e a ogni convenzione. \u201cIn un momento di crisi d&#8217;identit\u00e0 \u2013 scrive il co-curatore Maurizio Vanni \u2013, crediamo importante analizzare un movimento che ha cercato di cambiare il mondo, e le sorti del proprio paese, anche attraverso la cultura&#8221;.<\/p>\n<p><strong>\u00a0<\/strong><\/p>\n<p>Scriver\u00e0 Telemaco Signorini, una delle figure pi\u00f9 rilevanti del gruppo, nel 1889 ne \u201cIl Gazzettino delle Arti e del Disegno\u201d: \u201cSapete, secondo noi, l&#8217;arte grande qual \u00e8? \u00c8 quella che esige dall&#8217;artista non cultura storica n\u00e9 talento immaginativo, ma osservazione coscienziosa e esatta delle infinite forme e caratteri di questa natura che vive contemporaneamente a noi\u201d.<\/p>\n<p>L\u2019approccio verso il cambiamento e il desiderio di non rimanere indietro rispetto alle evoluzioni culturali di altri paesi ha animato questo gruppo di pittori a partire dal 1856 quando a Firenze i giovani artisti che frequentavano il Caff\u00e8 Michelangiolo di via Larga \u2013 punto di ritrovo vicino all&#8217;Accademia di Belle Arti \u2013 percepirono la necessit\u00e0 di confrontarsi con i colleghi europei, in particolare con i francesi.<\/p>\n<p>&nbsp;<\/p>\n<p>La mostra, <strong>prodotta da MVIVA con il patrocinio di Regione Toscana, Provincia di Lucca, Comune di Lucca, Opera delle Mura di Lucca, Camera di Commercio Lucca, Assindustria Lucca, Confcommercio Lucca, <\/strong><strong>Confesercenti Lucca<\/strong><strong> e con il supporto di Fondazione Cassa di Risparmio di Lucca, Fondazione Banca del Monte di Lucca e Gesam Gas&amp;Luce<\/strong>, ripercorre le fasi della nascita e dell\u2019evoluzione del movimento rileggendolo con un\u2019ottica alternativa e attuale attraverso 40 capolavori di artisti tra cui <strong>Telemaco Signorini, Giovanni Fattori, Silvestro Lega, Giuseppe Abbati, Cristiano Banti, Giovanni Boldini, Odoardo Borrani, Vincenzo Cabianca, Vito D\u2019Ancona, Raffaello Sernesi <\/strong>provenienti da prestigiose collezioni pubbliche e private. Lavori dipinti dal vero da cercatori di luce e di verit\u00e0, di colori e di vita vera, che anteponevano la sperimentazione artistica al proprio interesse e che riscriveranno la storia del secondo Ottocento italiano. \u201cRibelli si nasce quindi \u2013 sottolinea il co-curatore Stefano Cecchetto \u2013, per impeto, per passione, ma anche e soprattutto per un effetto della ragione.\u00a0 Questi artisti, dopo aver intuito in maniera limpida la visione della realt\u00e0, hanno saputo restituirla attraverso <em>sottilissime reazioni<\/em> che dichiarano una lungimirante modernit\u00e0\u201d.<\/p>\n<p>&nbsp;<\/p>\n<p>Tra le opere pi\u00f9 suggestive in mostra anche il <strong>dipinto di Giuseppe Abbati \u201cInterno di campanile\u201d<\/strong> <strong>proveniente dai Musei Civici Fiorentini<\/strong>, che sar\u00e0visibile per la prima volta dopo il <strong>restauro finanziato interamente dal Lu.C.C.A. \u2013 Lucca Center of Contemporary Art.<\/strong> \u201cIn un momento seppur economicamente difficile \u2013 sottolinea Angelo Parpinelli, presidente della Fondazione Lu.C.C.A. Museum onlus \u2013 credo che tra i doveri di un museo ci sia anche quello di contribuire a riportare all\u2019originario splendore capolavori danneggiati dal tempo. La vera arte non ha et\u00e0 e riapprezzare un\u2019opera restaurata significa farla rinascere e fruire quasi come fosse stata appena creata\u201d.<\/p>\n<p>&nbsp;<\/p>\n<p>&nbsp;<\/p>\n<p>&nbsp;<\/p>\n<p><strong>\u201cSignorini, Fattori, Lega e i Macchiaioli del Caff\u00e8 Michelangiolo. Ribelli si nasce\u201d<\/strong><\/p>\n<p>A cura di Maurizio Vanni e Stefano Cecchetto<\/p>\n<p>Dal 21 novembre 2014 al 6 aprile 2015<\/p>\n<p>Lu.C.C.A. &#8211; Lucca Center of Contemporary Art, Lucca<\/p>\n<p>Preview su invito: 20 novembre 2014 ore 18<\/p>\n<p>&nbsp;<\/p>\n<p><strong>Organizzazione: <\/strong>Lu.C.C.A. \u2013 Lucca Center of Contemporary Art<\/p>\n<p><strong>Una produzione di: <\/strong>MVIVA S.r.l.<\/p>\n<p><strong>Con il patrocinio di: <\/strong>Regione Toscana, Provincia di Lucca, Comune di Lucca, Opera delle Mura di Lucca, Camera di Commercio di Lucca, Assindustria Lucca, Confcommercio Lucca, Confesercenti Lucca<\/p>\n<p><strong>Con il supporto di: <\/strong>Fondazione Cassa di Risparmio di Lucca, Fondazione Banca del Monte di Lucca, Gesam Gas&amp;Luce<\/p>\n<p><strong>\u00a0<\/strong><\/p>\n<p><strong>\u00a0<\/strong><\/p>\n<p><strong>Lu.C.C.A. \u2013 Lucca Center of Contemporary Art <\/strong><\/p>\n<p>Via della Fratta, 36 \u2013 55100 Lucca tel. +39 0583 492180<\/p>\n<p><a href=\"http:\/\/www.luccamuseum.com\/\">www.luccamuseum.com<\/a>\u00a0 <a href=\"mailto:info@luccamuseum.com\">info@luccamuseum.com<\/a><\/p>\n<p><strong>Orario mostra<\/strong>:<\/p>\n<p>Dal marted\u00ec alla domenica 10-19<\/p>\n<p>Chiuso il luned\u00ec; 25, 26, 31 dicembre e 1 gennaio<\/p>\n<p><strong>Biglietti<\/strong>: intero 9 euro \/ ridotto 7 euro<\/p>\n","protected":false},"excerpt":{"rendered":"<p>\u201cSignorini, Fattori, Lega e i Macchiaioli del Caff\u00e8 Michelangiolo. Ribelli si nasce\u201d dal 21 novembre 2014 al 6 aprile 2015 a cura di Maurizio Vanni e Stefano Cecchetto Lu.C.C.A. \u2013 Lucca Center of Contemporary Art, Lucca Una lucida passione ri-evoluzionaria che ha condotto gli artisti a credere di poter mutare il futuro del proprio paese &hellip; <a href=\"https:\/\/www.gdapress.it\/it\/index.php\/46850\/arte\/signorini-fattori-lega-i-macchiaioli-caffe-michelangiolo-ribelli-si-nasce-lu-c-c.html\" class=\"more-link\">Read more <span class=\"screen-reader-text\">Signorini, Fattori, Lega e i Macchiaioli del Caff\u00e8 Michelangiolo. Ribelli si nasce \/ Lu.C.C.A.<\/span><\/a><\/p>\n","protected":false},"author":2,"featured_media":0,"comment_status":"closed","ping_status":"open","sticky":false,"template":"","format":"standard","meta":{"footnotes":""},"categories":[4],"tags":[1692,14112,2056,14113,14111],"class_list":["post-46850","post","type-post","status-publish","format-standard","hentry","category-arte","tag-fattori","tag-i-macchiaioli-del-caffe-michelangiolo","tag-lega","tag-lu-c-c-a","tag-signorini"],"_links":{"self":[{"href":"https:\/\/www.gdapress.it\/it\/index.php\/wp-json\/wp\/v2\/posts\/46850","targetHints":{"allow":["GET"]}}],"collection":[{"href":"https:\/\/www.gdapress.it\/it\/index.php\/wp-json\/wp\/v2\/posts"}],"about":[{"href":"https:\/\/www.gdapress.it\/it\/index.php\/wp-json\/wp\/v2\/types\/post"}],"author":[{"embeddable":true,"href":"https:\/\/www.gdapress.it\/it\/index.php\/wp-json\/wp\/v2\/users\/2"}],"replies":[{"embeddable":true,"href":"https:\/\/www.gdapress.it\/it\/index.php\/wp-json\/wp\/v2\/comments?post=46850"}],"version-history":[{"count":1,"href":"https:\/\/www.gdapress.it\/it\/index.php\/wp-json\/wp\/v2\/posts\/46850\/revisions"}],"predecessor-version":[{"id":46852,"href":"https:\/\/www.gdapress.it\/it\/index.php\/wp-json\/wp\/v2\/posts\/46850\/revisions\/46852"}],"wp:attachment":[{"href":"https:\/\/www.gdapress.it\/it\/index.php\/wp-json\/wp\/v2\/media?parent=46850"}],"wp:term":[{"taxonomy":"category","embeddable":true,"href":"https:\/\/www.gdapress.it\/it\/index.php\/wp-json\/wp\/v2\/categories?post=46850"},{"taxonomy":"post_tag","embeddable":true,"href":"https:\/\/www.gdapress.it\/it\/index.php\/wp-json\/wp\/v2\/tags?post=46850"}],"curies":[{"name":"wp","href":"https:\/\/api.w.org\/{rel}","templated":true}]}}