
{"id":46820,"date":"2014-11-20T23:32:02","date_gmt":"2014-11-20T21:32:02","guid":{"rendered":"http:\/\/www.gdapress.it\/it\/?p=46820"},"modified":"2014-11-20T23:32:02","modified_gmt":"2014-11-20T21:32:02","slug":"citta-memoria-collezioni-confronto-per-ventennale-galleria-darte-virgilio-guidi","status":"publish","type":"post","link":"https:\/\/www.gdapress.it\/it\/index.php\/46820\/arte\/citta-memoria-collezioni-confronto-per-ventennale-galleria-darte-virgilio-guidi.html","title":{"rendered":"LA CITT\u00c0 E LA MEMORIA  Due collezioni a confronto per il ventennale della Galleria d\u2019Arte \u201cVirgilio Guidi\u201d"},"content":{"rendered":"<p><a href=\"http:\/\/www.gdapress.it\/it\/..\/public\/it\/2014\/11\/Mitchell-Johnson-To-Buonconvento-1996-olio-su-tela-60x101cm.jpg\"><img loading=\"lazy\" decoding=\"async\" class=\"alignleft size-full wp-image-46821\" src=\"http:\/\/www.gdapress.it\/it\/..\/public\/it\/2014\/11\/Mitchell-Johnson-To-Buonconvento-1996-olio-su-tela-60x101cm.jpg\" alt=\"Mitchell Johnson, To Buonconvento, 1996, olio su tela, 60x101cm\" width=\"448\" height=\"271\" srcset=\"https:\/\/www.gdapress.it\/it\/..\/public\/it\/2014\/11\/Mitchell-Johnson-To-Buonconvento-1996-olio-su-tela-60x101cm.jpg 448w, https:\/\/www.gdapress.it\/it\/..\/public\/it\/2014\/11\/Mitchell-Johnson-To-Buonconvento-1996-olio-su-tela-60x101cm-300x181.jpg 300w\" sizes=\"auto, (max-width: 448px) 100vw, 448px\" \/><\/a><\/p>\n<p>Galleria d\u2019Arte Moderna Virgilio Guidi<br \/>\nCascina Roma, Piazza delle Arti 7 (San Donato Milanese)<br \/>\n21 novembre 2014 \u2013 22 febbraio 2015<br \/>\nInaugurazione venerd\u00ec 21 novembre 2014 ore 18.30<\/p>\n<p>&nbsp;<\/p>\n<p>&nbsp;<\/p>\n<p>&nbsp;<\/p>\n<p>&nbsp;<\/p>\n<p>&nbsp;<\/p>\n<p>\u00ab\u2026la citt\u00e0 non dice il suo passato, lo contiene come le linee d&#8217;una mano, scritto negli spigoli delle<br \/>\nvie, nelle griglie delle finestre, negli scorrimano delle scale, nelle antenne dei parafulmini, nelle aste<br \/>\ndelle bandiere, ogni segmento rigato a sua volta di graffi, seghettature, intagli, svirgole\u00bb.<br \/>\n(Italo Calvino, Le citt\u00e0 invisibili)<br \/>\nSpazi urbani, architetture, punti di fuga, volumi di metropoli oniriche, sky-line di periferie.<br \/>\nProgettare citt\u00e0 e costruire nuovi paesaggi \u00e8 in parte la storia di Eni, simbolo del dirompente boom<br \/>\neconomico italiano. Ed Eni, con la scelta di creare il proprio Centro Direzionale a San Donato, ne ha<br \/>\ndeterminato lo sviluppo nel secondo dopoguerra, creando posti di lavoro e segnandone di<br \/>\nconseguenza l\u2019espansione urbanistica. 2<br \/>\nDa allora Eni e San Donato sono \u201ccresciute\u201d insieme, condividendo eventi, luoghi e persone: un<br \/>\nsodalizio che le vede unite anche nell\u2019attenzione alla cultura, in particolare all\u2019arte visiva<br \/>\ncontemporanea, che negli anni si \u00e8 tradotta nella creazione di due significative collezioni di arte<br \/>\nfigurativa.<br \/>\nEcco perch\u00e9 oggi Eni e la citt\u00e0 di San Donato, in occasione dei venti anni dello spazio espositivo di<br \/>\nCascina Roma (oggi Galleria d\u2019Arte Moderna Virgilio Guidi), uno dei pi\u00f9 significativi della<br \/>\nLombardia, asse di riferimento per moltissimi artisti, danno vita a un progetto di largo respiro che<br \/>\nsi svilupper\u00e0 in un arco temporale di circa due anni lungo quattro differenti esposizioni, la prima<br \/>\ndelle quali dedicata al tema della \u201cCitt\u00e0\u201d.<br \/>\nSi inizia venerd\u00ec 21 novembre con la mostra \u201cLa citt\u00e0 e la memoria\u201d a cura della giovane storica<br \/>\nd\u2019arte Monica Loffredo.<br \/>\nIn esposizione tredici opere della collezione della citt\u00e0 di San Donato, tra cui anche il dipinto di<br \/>\nVirgilio Guidi Il Bacino di San Marco (il primo della collezione come testimonia la scritta autografa<br \/>\nsul retro del quadro), che sino al prossimo 22 febbraio 2015 dialogheranno con uno dei capolavori<br \/>\ndella collezione Eni, tavola &amp; citt\u00e0 di Valerio Adami, acrilico su tela del 1991.<br \/>\nIn tutto 14 opere per 13 artisti a confronto, visto che di Marcello Nizzoli saranno presentati due<br \/>\nquadri: un dialogo intenso che svela tredici visioni differenti, tredici sguardi, tredici modi di sentire<br \/>\ne interpretare la citt\u00e0, tredici concezioni &#8211; tutte vere &#8211; che permettono di analizzare il rapporto con<br \/>\nil territorio, il tessuto cittadino come spazio animato da persone e avvenimenti.<br \/>\n\u00ab\u00c8 stato Enrico Mattei \u2013 spiega Eni \u2013 a trasmettere fin dalle origini la passione per l\u2019arte e per la<br \/>\ncultura. Al fondatore risalgono infatti le prime acquisizioni della collezione d\u2019arte aziendale,<br \/>\narrivata oggi a contare 373 dipinti, 213 litografie, 30 sculture e 50 tra mobili, tappeti e oggetti<br \/>\nd\u2019arte. Alcune delle opere firmate da grandi artisti del Novecento vennero da subito destinate, fin<br \/>\ndai primi anni Cinquanta, a impreziosire locali, uffici e sale di rappresentanza. Il primo presidente,<br \/>\ncollezionista e frequentatore di gallerie (come quella dell\u2019Annunciata a Milano), era convinto che<br \/>\nle opere d\u2019arte acquisiste non dovessero rimanere nascoste, ma anzi promosse, conosciute e<br \/>\ncondivise. Prima di tutto con i propri dipendenti, molti dei quali vivevano e lavoravano a San<br \/>\nDonato\u00bb.<br \/>\n\u00abL\u2019esposizione propone una serie di \u201critratti di citt\u00e0\u201d che, come i luoghi immaginari descritti dallo<br \/>\nscrittore Italo Calvino, si fanno simbolo della complessit\u00e0 del reale \u2013 sottolinea Monica Loffredo<br \/>\nnel suo testo in catalogo &#8211; La dimensione della complessit\u00e0 urbana si ritrova figurativamente nella<br \/>\ndiversit\u00e0 e nella ricchezza delle opere d\u2019arte esposte. Tra le citt\u00e0 immaginate da Calvino, quella di<br \/>\nZaira \u00e8 la pi\u00f9 vicina al concetto-chiave di questa esposizione. La descrizione della citt\u00e0 non procede<br \/>\nsecondo l\u2019oggettivit\u00e0 dei suoi edifici, ma attraverso il suo carattere, che si sviluppa grazie agli<br \/>\nabitanti e agli avvenimenti che lo plasmano. Nelle parole di Calvino, si tratta delle relazioni tra le<br \/>\nmisure del suo spazio e gli avvenimenti del suo passato\u00bb.<br \/>\nIl percorso della mostra si snoda lungo tre delle sale della galleria posta al secondo piano per<br \/>\nraccontare il rapporto tra citt\u00e0 reale e citt\u00e0 ideale secondo la visione di alcuni dei maggiori artisti<br \/>\ndel Novecento. Poeti dell\u2019immagine a confronto su uno dei temi che finisce prima o poi per<br \/>\ncoinvolgere ogni artista: la citt\u00e0 e i suoi contorni, la periferia e i volti che la popolano.<br \/>\nArtisti diversi per formazione e per periodo storico, singole prospettive di memoria e storia delle<br \/>\ncitt\u00e0: complessit\u00e0 urbane nell\u2019insieme o nei particolari, nella scelta dei colori o nella pennellata,<br \/>\nluoghi dell\u2019immaginario, reali oppure no, tra sintesi cromatiche e segni artistici. 3<br \/>\nPartendo da questo orientamento, della collezione Eni \u00e8 stata scelta l\u2019opera di Valerio Adami<br \/>\nTavola &amp; citt\u00e0 (1991), mentre dalla collezione di Cascina Roma sono state selezionate tredici<br \/>\nopere, realizzate tra gli anni Quaranta e Novanta del Novecento da dodici artisti: Augusto Alvini<br \/>\n(Periferia, 1948), Anna Valeria Borsari (Spaccato urbano, 1999), Domenico Cantatore (Finestre di<br \/>\nCorso Garibaldi, 1931), Gino Brogi (Case sotto la neve, 1969), Angelo Del Bon (Laguna veneta.<br \/>\nPonticello, 1947), Renato Galbusera (Citt\u00e0, 2003), Giuseppe Guarino (Relitto \u2013 luoghi<br \/>\ndell\u2019abbandono, 1987), Virgilio Guidi (Bacino di San Marco, 1969), Mitchell Johnson (To<br \/>\nBuonconvento, 1996), Marcello Nizzoli (Figure nel paesaggio, 1942; Bombardamento, 1943),<br \/>\nMaurizio Simonetta (Tra gli ulivi, 1948), Emilio Tadini (Fiaba, 2000).<br \/>\nSulle pareti di Cascina Roma (oggi Galleria d\u2019Arte Moderna \u201cVirgilio Guidi\u201d) sono affiancate opere<br \/>\nmolto diverse tra loro per composizione: dalla pittura delle periferie rappresentate nel 1948 da<br \/>\nAugusto Alvini, allo \u201cSpaccato urbano\u201d di Anna Valeri Borsari, fotografia che si fa documento<br \/>\ndell\u2019effimero di geometrie cittadine che cambiano e unica traccia visibile dell\u2019opera stessa.<br \/>\nQuanto ai temi, invece, si va da una visione eterea di Venezia nell\u2019opera del maestro Virginio Guidi<br \/>\nalla citt\u00e0 come tragico scenario di un bombardamento nell\u2019opera di Marcello Nizzoli.<br \/>\n\u00abSono passati vent\u2019anni \u2013 chiosa il Sindaco di San Donato Andrea Checchi \u2013 da quando Cascina<br \/>\nRoma \u00e8 stata riqualificata e possiamo ben dire, come questa mostra testimonia, che l\u2019auspicio<br \/>\ndell\u2019allora primo cittadino Oreste Lupi si \u00e8 pienamente concretizzato: la struttura \u00e8 effettivamente<br \/>\ndiventata un \u201ccentro di cultura e di rappresentanza della Citt\u00e0 di San Donato Milanese, in una<br \/>\ndimensione di servizio alla collettivit\u00e0 che deve essere espressione di libert\u00e0 di pensiero, di rapporti<br \/>\ncivili e di arte\u201d\u00bb.<br \/>\n****************<br \/>\nLA CITT\u00c0 E LA MEMORIA<br \/>\nDue collezioni a confronto per il ventennale della Galleria d\u2019Arte \u201cVirgilio Guidi\u201d<br \/>\nGalleria d&#8217;Arte Moderna Virgilio Guidi<br \/>\nCascina Roma, Piazza delle Arti 7 (San Donato Milanese)<br \/>\n21 novembre 2014 \u2013 22 febbraio 2015<br \/>\nInaugurazione venerd\u00ec 21 novembre 2014, ore 18.30<br \/>\nOrari di apertura:<br \/>\nda luned\u00ec a sabato 9.30-12.30\/14.30-18.30<br \/>\ndomenica 10.00-12.30\/16.30-19.00<br \/>\nInformazioni al pubblico: 02-52772409<\/p>\n","protected":false},"excerpt":{"rendered":"<p>Galleria d\u2019Arte Moderna Virgilio Guidi Cascina Roma, Piazza delle Arti 7 (San Donato Milanese) 21 novembre 2014 \u2013 22 febbraio 2015 Inaugurazione venerd\u00ec 21 novembre 2014 ore 18.30 &nbsp; &nbsp; &nbsp; &nbsp; &nbsp; \u00ab\u2026la citt\u00e0 non dice il suo passato, lo contiene come le linee d&#8217;una mano, scritto negli spigoli delle vie, nelle griglie delle &hellip; <a href=\"https:\/\/www.gdapress.it\/it\/index.php\/46820\/arte\/citta-memoria-collezioni-confronto-per-ventennale-galleria-darte-virgilio-guidi.html\" class=\"more-link\">Read more <span class=\"screen-reader-text\">LA CITT\u00c0 E LA MEMORIA  Due collezioni a confronto per il ventennale della Galleria d\u2019Arte \u201cVirgilio Guidi\u201d<\/span><\/a><\/p>\n","protected":false},"author":2,"featured_media":0,"comment_status":"closed","ping_status":"open","sticky":false,"template":"","format":"standard","meta":{"footnotes":""},"categories":[4],"tags":[827,14102,828],"class_list":["post-46820","post","type-post","status-publish","format-standard","hentry","category-arte","tag-cascina-roma","tag-galleria-darte-virgilio-guidi","tag-san-donato-milanese"],"_links":{"self":[{"href":"https:\/\/www.gdapress.it\/it\/index.php\/wp-json\/wp\/v2\/posts\/46820","targetHints":{"allow":["GET"]}}],"collection":[{"href":"https:\/\/www.gdapress.it\/it\/index.php\/wp-json\/wp\/v2\/posts"}],"about":[{"href":"https:\/\/www.gdapress.it\/it\/index.php\/wp-json\/wp\/v2\/types\/post"}],"author":[{"embeddable":true,"href":"https:\/\/www.gdapress.it\/it\/index.php\/wp-json\/wp\/v2\/users\/2"}],"replies":[{"embeddable":true,"href":"https:\/\/www.gdapress.it\/it\/index.php\/wp-json\/wp\/v2\/comments?post=46820"}],"version-history":[{"count":1,"href":"https:\/\/www.gdapress.it\/it\/index.php\/wp-json\/wp\/v2\/posts\/46820\/revisions"}],"predecessor-version":[{"id":46822,"href":"https:\/\/www.gdapress.it\/it\/index.php\/wp-json\/wp\/v2\/posts\/46820\/revisions\/46822"}],"wp:attachment":[{"href":"https:\/\/www.gdapress.it\/it\/index.php\/wp-json\/wp\/v2\/media?parent=46820"}],"wp:term":[{"taxonomy":"category","embeddable":true,"href":"https:\/\/www.gdapress.it\/it\/index.php\/wp-json\/wp\/v2\/categories?post=46820"},{"taxonomy":"post_tag","embeddable":true,"href":"https:\/\/www.gdapress.it\/it\/index.php\/wp-json\/wp\/v2\/tags?post=46820"}],"curies":[{"name":"wp","href":"https:\/\/api.w.org\/{rel}","templated":true}]}}