
{"id":46778,"date":"2014-11-20T01:30:44","date_gmt":"2014-11-19T23:30:44","guid":{"rendered":"http:\/\/www.gdapress.it\/it\/?p=46778"},"modified":"2014-11-20T12:51:15","modified_gmt":"2014-11-20T10:51:15","slug":"brutto-marius-von-mayenburg-filodrammatici","status":"publish","type":"post","link":"https:\/\/www.gdapress.it\/it\/index.php\/46778\/teatro\/brutto-marius-von-mayenburg-filodrammatici.html","title":{"rendered":"Brutto di Marius von Mayenburg al Filodrammatici"},"content":{"rendered":"<p><a href=\"http:\/\/www.gdapress.it\/it\/..\/public\/it\/2014\/11\/brutto-8.jpg\"><img loading=\"lazy\" decoding=\"async\" class=\"alignleft size-medium wp-image-46779\" src=\"http:\/\/www.gdapress.it\/it\/..\/public\/it\/2014\/11\/brutto-8-300x198.jpg\" alt=\"brutto 8\" width=\"300\" height=\"198\" srcset=\"https:\/\/www.gdapress.it\/it\/..\/public\/it\/2014\/11\/brutto-8-300x198.jpg 300w, https:\/\/www.gdapress.it\/it\/..\/public\/it\/2014\/11\/brutto-8-500x331.jpg 500w, https:\/\/www.gdapress.it\/it\/..\/public\/it\/2014\/11\/brutto-8.jpg 1024w\" sizes=\"auto, (max-width: 300px) 100vw, 300px\" \/><\/a><\/p>\n<div style=\"color: #000000;\"><span style=\"font-size: medium;\"><b style=\"font-weight: bold;\"><i style=\"font-style: italic;\">Brutto<\/i>\u00a0<\/b>di\u00a0<b style=\"font-weight: bold;\">Marius von Mayenburg<\/b>, diretto da\u00a0<b style=\"font-weight: bold;\">Bruno Fornasari<\/b>, con<b style=\"font-weight: bold;\">\u00a0Tommaso Amadio,\u00a0\u00a0<\/b><b style=\"font-weight: bold;\">Mirko Ciotta, Michele Radice, Cinzia Span\u00f2,\u00a0<\/b><span style=\"text-decoration: underline;\">\u00e8<b style=\"font-weight: bold;\">\u00a0<\/b>in scena dal 20 al 30 novembre 2014 al Teatro Filodrammatici.<\/span><\/span><\/div>\n<div style=\"color: #000000;\"><span style=\"font-size: medium;\"><b style=\"font-weight: bold;\">Brutto<\/b>\u00a0<span style=\"color: #000000;\">(<\/span><i style=\"font-style: italic; color: #252525;\">Der H\u00e4ssliche<\/i><span style=\"color: #252525;\">\u00a0&#8211;\u00a0<\/span><span style=\"color: #252525;\">2007)\u00a0<\/span>\u00e8 una satira feroce sullo straniamento che si vive\u00a0in rapporto al proprio aspetto e al proprio corpo.\u00a0<\/span><\/div>\n<p>&nbsp;<\/p>\n<p>&nbsp;<\/p>\n<p><strong>SPETTACOLO INSERITO IN INVITO A TEATRO<\/strong><\/p>\n<p>BRUTTO di Marius von Mayenburg \u00e8 una satira feroce sullo straniamento che si vive oggi in rapporto al proprio aspetto e al proprio corpo.<\/p>\n<p>Lette lavora per Scheffler come inventore. Sicuro di partecipare a una convention per la presentazione di un suo brevetto, scopre invece di essere stato sostituito da Karlmann, il suo assistente, per il semplice fatto di essere troppo brutto.<\/p>\n<p>Perch\u00e9 nessuno gliel\u2019ha mai detto prima? Perfino sua moglie Fanny \u00e8 costretta ad ammettere d\u2019averlo sempre considerato orrendo, ma d\u2019averlo amato comunque, nonostante questo.<\/p>\n<p>L\u2019unica scelta possibile, per rimediare a un aspetto cos\u00ec disastroso, sembra essere quella di un radicale intervento chirurgico.\u00a0 L\u2019operazione riesce, ed ecco che, inaspettatamente, Lette diventa bellissimo. Il chirurgo che l\u2019ha operato lo usa come testimonial del proprio talento plastico e il suo capo ne fa un\u2019icona aziendale per attrarre donne ricche e disposte a diventare solide azioniste. Ma la cosa non dura a lungo.<\/p>\n<p>Marius von Mayenburg, spingendosi fino al grottesco, mette la societ\u00e0 davanti ad uno specchio che ne mostra vanit\u00e0 e superficialit\u00e0 delle relazioni. Il tutto amplificato teatralmente dal fatto che quattro attori recitano otto ruoli diversi, senza sostanziali cambiamenti nei loro volti.<\/p>\n<p>Il risultato finale \u00e8 quello di una brillante commedia degli equivoci, un\u2019efficace satira sociale intorno a temi come quelli dell\u2019identit\u00e0, del conformismo e della relativit\u00e0 del successo.<\/p>\n<p><strong>Marius von Mayenburg <\/strong>\u00e8 uno degli autori tedeschi pi\u00f9 rappresentati al momento, e non solo in Germania. Autore in residenza e dramaturg alla Schaub\u00fchne di Berlino, ha una modalit\u00e0 di scrittura poetica ma asciutta, permeata di un realismo portato alle sue estreme conseguenze, che gli ha assicurato un posto tra i drammaturghi pi\u00f9 interessanti a livello europeo.<\/p>\n<p>&nbsp;<\/p>\n<p>\u201c<em>Un testo scivoloso e affascinante che Bruno Fornasari orchestra come una secca partitura antinaturalistica[\u2026]. Ai quattro protagonisti il complesso compito d\u2019interpretare ruoli diversi senza trucchi n\u00e9 cambi costume. Chapeau al Teatro Filodrammatici per la coerenza del lavoro sulla drammaturgia contemporanea<\/em>.\u201d \u00a0\u00a0\u00a0\u00a0\u00a0\u00a0\u00a0\u00a0\u00a0\u00a0\u00a0\u00a0\u00a0\u00a0\u00a0\u00a0\u00a0\u00a0\u00a0\u00a0\u00a0\u00a0\u00a0\u00a0\u00a0\u00a0\u00a0\u00a0\u00a0\u00a0\u00a0\u00a0\u00a0\u00a0\u00a0\u00a0\u00a0\u00a0\u00a0\u00a0\u00a0\u00a0\u00a0\u00a0\u00a0\u00a0\u00a0\u00a0\u00a0\u00a0\u00a0\u00a0\u00a0\u00a0\u00a0\u00a0\u00a0\u00a0\u00a0\u00a0\u00a0\u00a0\u00a0\u00a0\u00a0\u00a0\u00a0\u00a0\u00a0\u00a0\u00a0\u00a0 Sara Chiappori \u2013 la Repubblica<\/p>\n<p>&nbsp;<\/p>\n<p>\u201c<em>Tommaso Amadio e gli altri attori danno vita ad un perfetto meccanismo scenico con enorme aderenza, tempi perfetti, massima intensit\u00e0 in ogni istante, fino al paradossale finale<\/em>.\u201d \u00a0\u00a0\u00a0\u00a0\u00a0\u00a0\u00a0 Ilaria Angelone \u2013 Hystrio<\/p>\n<p>&nbsp;<\/p>\n<p>\u201c<em>Uno spettacolo che rapisce e che come sempre, alla maniera \u201cfornasariana\u201d, fa ridere amaramente<\/em>.\u201d \u00a0\u00a0\u00a0\u00a0\u00a0\u00a0\u00a0\u00a0\u00a0\u00a0\u00a0\u00a0\u00a0\u00a0\u00a0\u00a0\u00a0\u00a0\u00a0\u00a0\u00a0\u00a0\u00a0\u00a0\u00a0\u00a0\u00a0\u00a0\u00a0 \u00a0\u00a0\u00a0\u00a0\u00a0\u00a0\u00a0\u00a0\u00a0\u00a0\u00a0\u00a0\u00a0\u00a0\u00a0\u00a0\u00a0\u00a0\u00a0\u00a0\u00a0\u00a0\u00a0\u00a0\u00a0\u00a0\u00a0\u00a0\u00a0\u00a0\u00a0\u00a0\u00a0\u00a0\u00a0\u00a0\u00a0\u00a0\u00a0\u00a0\u00a0\u00a0\u00a0\u00a0\u00a0\u00a0\u00a0\u00a0\u00a0\u00a0\u00a0\u00a0\u00a0\u00a0\u00a0\u00a0\u00a0\u00a0\u00a0\u00a0\u00a0\u00a0\u00a0\u00a0\u00a0\u00a0\u00a0\u00a0\u00a0\u00a0\u00a0\u00a0\u00a0\u00a0\u00a0\u00a0\u00a0\u00a0\u00a0\u00a0\u00a0\u00a0\u00a0\u00a0\u00a0\u00a0\u00a0\u00a0\u00a0\u00a0\u00a0\u00a0\u00a0 Patrizia Pertuso \u2013 Metro<\/p>\n<p>&nbsp;<\/p>\n<p>\u201c<em>Un lavoro di grande sottigliezza pur raccontato in modo brillante con momenti nei quali si ride con gusto<\/em>.\u201d \u00a0\u00a0\u00a0\u00a0\u00a0\u00a0\u00a0\u00a0\u00a0\u00a0\u00a0\u00a0\u00a0\u00a0\u00a0\u00a0\u00a0\u00a0\u00a0\u00a0\u00a0\u00a0 \u00a0\u00a0\u00a0\u00a0\u00a0\u00a0\u00a0\u00a0\u00a0\u00a0\u00a0\u00a0\u00a0\u00a0\u00a0\u00a0\u00a0\u00a0\u00a0\u00a0\u00a0\u00a0\u00a0\u00a0\u00a0\u00a0\u00a0\u00a0\u00a0\u00a0\u00a0\u00a0\u00a0\u00a0\u00a0\u00a0\u00a0\u00a0\u00a0\u00a0\u00a0\u00a0\u00a0\u00a0\u00a0\u00a0\u00a0\u00a0\u00a0\u00a0\u00a0\u00a0\u00a0\u00a0\u00a0\u00a0\u00a0\u00a0\u00a0\u00a0\u00a0\u00a0\u00a0\u00a0\u00a0\u00a0\u00a0\u00a0\u00a0\u00a0\u00a0\u00a0\u00a0\u00a0\u00a0\u00a0\u00a0\u00a0\u00a0\u00a0\u00a0 Ilaria Guidantoni &#8211; saltinaria.it<\/p>\n<p><strong>\u00a0<\/strong><\/p>\n<p><strong><br \/>\n<\/strong><\/p>\n<p><strong>20 &#8211; 30 novembre 2014<\/strong><strong><br \/>\nBrutto <\/strong><br \/>\ndi <strong>Marius von Mayenburg <\/strong>traduzione <strong>Umberto Gandini<\/strong><br \/>\nregia <strong>Bruno Fornasari <\/strong><\/p>\n<p>con <strong>Tommaso Amadio<\/strong>, <strong>Mirko Ciotta, Michele Radice, Cinzia Span\u00f2 | <\/strong>scene e costumi <strong>Erika Carretta |<\/strong>produzione <strong>Teatro Filodrammatici<\/strong><\/p>\n<p><strong>\u00a0<\/strong><\/p>\n<p><strong>INFO E PRENOTAZIONI<\/strong><\/p>\n<p><strong>Tel. 02.36.72.75.50<\/strong><\/p>\n<p><strong><a href=\"mailto:biglietteria@teatrofilodrammatici.eu%20%0dwww.teatrofilodrammatici.eu\">biglietteria@teatrofilodrammatici.eu <\/a><\/strong><\/p>\n<p><strong><a href=\"mailto:biglietteria@teatrofilodrammatici.eu%20%0dwww.teatrofilodrammatici.eu\">www.teatrofilodrammatici.eu<\/a><\/strong><\/p>\n<p><strong>ORARI SPETTACOLI<\/strong><\/p>\n<p><strong>marted\u00ec, gioved\u00ec, sabato<\/strong> ore 21.00 | <strong>mercoled\u00ec, venerd\u00ec<\/strong> ore 19.30 | <strong>domenica<\/strong> ore 16.00<\/p>\n<p><strong>\u00a0<\/strong><\/p>\n<p><strong>PREZZI \u00a0\u00a0\u00a0\u00a0\u00a0\u00a0\u00a0\u00a0\u00a0\u00a0\u00a0 <\/strong><\/p>\n<p><strong>intero\u00a0 <\/strong>20 euro<\/p>\n<p><strong>convenzionati<\/strong> 16 euro<\/p>\n<p><strong>under 25 <\/strong>13 euro<\/p>\n<p><strong>over 65<\/strong> 10 euro<\/p>\n<p>&nbsp;<\/p>\n","protected":false},"excerpt":{"rendered":"<p>Brutto\u00a0di\u00a0Marius von Mayenburg, diretto da\u00a0Bruno Fornasari, con\u00a0Tommaso Amadio,\u00a0\u00a0Mirko Ciotta, Michele Radice, Cinzia Span\u00f2,\u00a0\u00e8\u00a0in scena dal 20 al 30 novembre 2014 al Teatro Filodrammatici. Brutto\u00a0(Der H\u00e4ssliche\u00a0&#8211;\u00a02007)\u00a0\u00e8 una satira feroce sullo straniamento che si vive\u00a0in rapporto al proprio aspetto e al proprio corpo.\u00a0 &nbsp; &nbsp; SPETTACOLO INSERITO IN INVITO A TEATRO BRUTTO di Marius von Mayenburg \u00e8 &hellip; <a href=\"https:\/\/www.gdapress.it\/it\/index.php\/46778\/teatro\/brutto-marius-von-mayenburg-filodrammatici.html\" class=\"more-link\">Read more <span class=\"screen-reader-text\">Brutto di Marius von Mayenburg al Filodrammatici<\/span><\/a><\/p>\n","protected":false},"author":2,"featured_media":0,"comment_status":"closed","ping_status":"open","sticky":false,"template":"","format":"standard","meta":{"footnotes":""},"categories":[1],"tags":[14088,1201,14089],"class_list":["post-46778","post","type-post","status-publish","format-standard","hentry","category-teatro","tag-brutto","tag-filodrammatici","tag-marius-von-mayenburg"],"_links":{"self":[{"href":"https:\/\/www.gdapress.it\/it\/index.php\/wp-json\/wp\/v2\/posts\/46778","targetHints":{"allow":["GET"]}}],"collection":[{"href":"https:\/\/www.gdapress.it\/it\/index.php\/wp-json\/wp\/v2\/posts"}],"about":[{"href":"https:\/\/www.gdapress.it\/it\/index.php\/wp-json\/wp\/v2\/types\/post"}],"author":[{"embeddable":true,"href":"https:\/\/www.gdapress.it\/it\/index.php\/wp-json\/wp\/v2\/users\/2"}],"replies":[{"embeddable":true,"href":"https:\/\/www.gdapress.it\/it\/index.php\/wp-json\/wp\/v2\/comments?post=46778"}],"version-history":[{"count":3,"href":"https:\/\/www.gdapress.it\/it\/index.php\/wp-json\/wp\/v2\/posts\/46778\/revisions"}],"predecessor-version":[{"id":46809,"href":"https:\/\/www.gdapress.it\/it\/index.php\/wp-json\/wp\/v2\/posts\/46778\/revisions\/46809"}],"wp:attachment":[{"href":"https:\/\/www.gdapress.it\/it\/index.php\/wp-json\/wp\/v2\/media?parent=46778"}],"wp:term":[{"taxonomy":"category","embeddable":true,"href":"https:\/\/www.gdapress.it\/it\/index.php\/wp-json\/wp\/v2\/categories?post=46778"},{"taxonomy":"post_tag","embeddable":true,"href":"https:\/\/www.gdapress.it\/it\/index.php\/wp-json\/wp\/v2\/tags?post=46778"}],"curies":[{"name":"wp","href":"https:\/\/api.w.org\/{rel}","templated":true}]}}