
{"id":46681,"date":"2014-11-16T01:49:44","date_gmt":"2014-11-15T23:49:44","guid":{"rendered":"http:\/\/www.gdapress.it\/it\/?p=46681"},"modified":"2014-11-16T12:50:23","modified_gmt":"2014-11-16T10:50:23","slug":"aperitivo-in-concerto-2014-2015-concerto-jason-moran-robert-glasper","status":"publish","type":"post","link":"https:\/\/www.gdapress.it\/it\/index.php\/46681\/musica\/aperitivo-in-concerto-2014-2015-concerto-jason-moran-robert-glasper.html","title":{"rendered":"Aperitivo In Concerto 2014-2015: concerto di Jason Moran e Robert Glasper"},"content":{"rendered":"<p class=\"ecxMsoNormal\" style=\"color: #ff0000;\" align=\"center\"><a href=\"http:\/\/www.gdapress.it\/it\/..\/public\/it\/2014\/11\/Moran-Glasper.jpg\"><img loading=\"lazy\" decoding=\"async\" class=\"alignleft size-large wp-image-46682\" src=\"http:\/\/www.gdapress.it\/it\/..\/public\/it\/2014\/11\/Moran-Glasper-500x218.jpg\" alt=\"Moran-Glasper\" width=\"500\" height=\"218\" srcset=\"https:\/\/www.gdapress.it\/it\/..\/public\/it\/2014\/11\/Moran-Glasper-500x218.jpg 500w, https:\/\/www.gdapress.it\/it\/..\/public\/it\/2014\/11\/Moran-Glasper-300x131.jpg 300w\" sizes=\"auto, (max-width: 500px) 100vw, 500px\" \/><\/a><\/p>\n<p class=\"ecxMsoNormal\" style=\"color: #ff0000;\" align=\"center\"><b style=\"font-weight: bold;\"><i style=\"font-style: italic;\"><span style=\"color: red;\">APERITIVO IN CONCERTO\u00a0<\/span><\/i><\/b><b style=\"font-weight: bold;\"><span style=\"color: red;\">2014-2015<\/span><\/b><\/p>\n<p class=\"ecxMsoNormal\" style=\"color: #ff0000;\" align=\"center\"><b style=\"font-weight: bold;\"><span style=\"color: red;\">Teatro Manzoni\u00a0<\/span><\/b><\/p>\n<p class=\"ecxMsoNormal\" style=\"color: #ff0000;\" align=\"center\"><b style=\"font-weight: bold;\"><span style=\"color: red;\">Via Manzoni, 42 \u2013 Milano<\/span><\/b><\/p>\n<p class=\"ecxMsoNormal\" style=\"color: #ff0000;\" align=\"center\"><b style=\"font-weight: bold;\">Domenica 16 novembre, ore 11.00<\/b><\/p>\n<p class=\"ecxMsoNormal\" style=\"color: #ff0000;\"><b style=\"font-weight: bold;\"><span style=\"color: red;\"><span style=\"font-size: medium;\">\u00a0<\/span><\/span><\/b><\/p>\n<p class=\"ecxMsoNormal\" style=\"color: #ff0000;\" align=\"center\"><b style=\"font-weight: bold;\"><span style=\"color: red;\">JASON MORAN \/ ROBERT GLASPER DUO<\/span><\/b><\/p>\n<p class=\"ecxMsoNormal\" style=\"color: #ff0000;\" align=\"center\"><b style=\"font-weight: bold;\"><span style=\"color: red;\">\u00a0<\/span><\/b><\/p>\n<p class=\"ecxMsoNormal\" style=\"color: #ff0000;\" align=\"center\"><b style=\"font-weight: bold;\"><span style=\"text-decoration: underline;\"><span style=\"color: blue;\">PRIMA DATA ITALIANA<\/span><\/span><\/b><\/p>\n<p class=\"ecxMsoNormal\" style=\"color: #ff0000;\" align=\"center\"><b style=\"font-weight: bold;\"><i style=\"font-style: italic;\"><span style=\"text-decoration: underline;\"><span style=\"color: red;\">Due stelle del pianoforte<\/span><\/span><\/i><\/b><\/p>\n<p class=\"ecxMsoNormal\" style=\"color: #ff0000;\" align=\"center\"><b style=\"font-weight: bold;\"><i style=\"font-style: italic;\"><span style=\"text-decoration: underline;\"><span style=\"color: red;\">esplorano la storia del jazz<\/span><\/span><\/i><\/b><\/p>\n<p class=\"ecxMsoNormal\" style=\"color: #ff0000;\"><b style=\"font-weight: bold;\"><span style=\"font-size: medium;\">Domenica 16 novembre, alle ore 11.00, presso il Teatro Manzoni\u00a0<\/span><\/b><span style=\"font-size: medium;\">(via Manzoni, 42 \u2013 Milano), per il terzo appuntamento della XXX Edizione di \u201c<b style=\"font-weight: bold;\"><i style=\"font-style: italic;\">Aperitivo in Concerto<\/i><\/b><\/span><span style=\"font-size: medium;\">\u201d, sono di scena in\u00a0<\/span><span style=\"text-decoration: underline;\"><span style=\"font-size: medium;\">prima italiana<\/span><\/span><span style=\"font-size: medium;\">\u00a0due nuove stelle del pianoforte jazz:\u00a0<\/span><b style=\"font-weight: bold;\"><span style=\"font-size: medium;\">Jason Moran e Robert Glasper<\/span><\/b><span style=\"font-size: medium;\">.\u00a0<\/span><span style=\"font-size: medium;\">\u00a0<\/span><\/p>\n<p class=\"ecxMsoNormal\" style=\"color: #ff0000;\"><span style=\"font-size: medium;\">\u00a0<\/span><\/p>\n<p class=\"ecxMsoNormal\" style=\"color: #ff0000;\"><span style=\"font-size: medium;\">Il loro concerto si preannuncia come un\u2019appassionante esplorazione della grande storia del jazz partendo dall\u2019espressivit\u00e0 contemporanea: sia Jason Moran che Robert Glasper sono, infatti, profondi conoscitori delle vicende stilistiche della musica afro-americana e nel contempo attenti a recepire gli stimoli e gli umori del presente. I<\/span><span style=\"font-size: medium;\">l primo si \u00e8 affermato con un approccio estremamente innovativo e avventuroso, ma in cui il rapporto con la tradizione del\u00a0<i style=\"font-style: italic;\">piano jazz<\/i><\/span><span style=\"font-size: medium;\">, da Fats Waller a James P. Johnson, \u00e8 imprescindibile; il secondo ha raggiunto il successo con uno sperimentale connubio fra\u00a0<\/span><i style=\"font-style: italic;\"><span style=\"font-size: medium;\">hip hop<\/span><\/i><span style=\"font-size: medium;\">, blues, soul e jazz che gli ha permesso di vincere un Grammy Award. Con tali capacit\u00e0, i due artisti si uniscono per dare vita ad un\u2019affascinante rilettura del passato, con risultati che sono certamente spettacolari ma, ancora di pi\u00f9, sanno offrire una visione della propria tradizione interamente rivolta al futuro. Tutto ci\u00f2 attraverso trascinanti brani originali e personali interpretazioni di pagine di Albert Ammons, Andrew Hill, Thelonious Monk, Ornette Coleman, Herbie Hancock, in una sofisticata rivisitazione della tradizione del pianismo\u00a0<\/span><i style=\"font-style: italic;\"><span style=\"font-size: medium;\">stride<\/span><\/i><span style=\"font-size: medium;\">.<\/span><\/p>\n<p class=\"ecxMsoNormal\" style=\"color: #ff0000;\"><b style=\"font-weight: bold;\"><span style=\"font-size: medium;\">\u00a0<\/span><\/b><\/p>\n<p class=\"ecxMsoNormal\" style=\"color: #ff0000;\" align=\"center\"><b style=\"font-weight: bold;\"><span style=\"font-size: medium;\">JASON MORAN<\/span><\/b><\/p>\n<p class=\"ecxMsoNormal\" style=\"color: #ff0000;\"><span style=\"font-size: medium;\">Nato a Houston, Texas, il 21 gennaio 1975, Jason Moran si \u00e8 avvicinato alla musica grazie ai genitori che lo hanno spronato ad appassionarsi anche al mondo dell\u2019arte, interesse che ha poi continuato a coltivare. Agli studi classici ha abbinato l\u2019ascolto dei dischi della Motown, del jazz e dell\u2019hip hop. Scelta quindi la strada del jazz, ha avuto come maestri illustri pianisti quali Jaki Byard, Muhal Richard Abrams e\u00a0\u00a0<\/span><span style=\"font-size: medium;\">Andrew Hill. Nel 1997 Jason Morano \u00e8 entrato a far parte del gruppo del sassofonista Greg Osby: due anni dopo firmer\u00e0 per lo storico marchio Blue Note il suo debutto nelle vesti di leader,<\/span><i style=\"font-style: italic;\"><span style=\"font-size: medium;\">Soundtrack To Human Motion<\/span><\/i><span style=\"font-size: medium;\">, registrato insieme allo stesso Greg Osby, al vibrafonista Stefon Harris, al bassista Lonnie Plaxico e al batterista Eric Harland. Il successivo\u00a0<\/span><i style=\"font-style: italic;\"><span style=\"font-size: medium;\">Facing Left<\/span><\/i><span style=\"font-size: medium;\">\u00a0sancir\u00e0 l\u2019esordio del trio che di l\u00ec a poco prender\u00e0 il nome di Bandwagon, con Tarus Mateen al contrabbasso e Nasheet Waits alla batteria; trio tuttora in attivit\u00e0, a quasi quindici anni dalla sua costituzione. L\u2019inizio del nuovo millennio ha poi regalato a Jason Moran meritata popolarit\u00e0 e nuove collaborazioni: oltre che con Greg Osby, ha l\u2019opportunit\u00e0 di suonare con una delle icone del post-free degli anni Settanta, il polistrumentista Sam Rivers, presente come ospite nel secondo album del trio Bandwagon,\u00a0<\/span><i style=\"font-style: italic;\"><span style=\"font-size: medium;\">Black Stars<\/span><\/i><span style=\"font-size: medium;\">\u00a0(2001). Un\u2019altra partnership di assoluto rilievo sar\u00e0 pi\u00f9 avanti quella con Charles Lloyd, con cui Moran incider\u00e0 diversi album, fra i quali<\/span><i style=\"font-style: italic;\"><span style=\"font-size: medium;\">Hagar\u2019s Song<\/span><\/i><span style=\"font-size: medium;\">\u00a0(2012), nel quale il pianista dialoga con i sassofoni e i flauti dell\u2019illustre compagno di avventura. Tra gli album registrati da Moran a proprio nome<\/span><span style=\"font-size: medium;\">\u00a0\u00a0<\/span><span style=\"font-size: medium;\">ci sono anche il\u00a0<\/span><i style=\"font-style: italic;\"><span style=\"font-size: medium;\">piano solo<\/span><\/i><span style=\"font-size: medium;\">\u00a0<\/span><i style=\"font-style: italic;\"><span style=\"font-size: medium;\">Modernistic<\/span><\/i><span style=\"font-size: medium;\">\u00a0(2002), Ten (2010), nel quale rende omaggio a Jimi Hendrix (\u201cFeedback Pt.2\u201d) e riprende composizioni di Thelonious Monk, Andrew Hill, Leonard Bernstein, Jaki Byard, Conlon Nancarrow e Bert Williams. Nel recente\u00a0<\/span><i style=\"font-style: italic;\"><span style=\"font-size: medium;\">ALL Rise: A Joyful Elegy for Fats Waller<\/span><\/i><span style=\"font-size: medium;\">\u00a0si tuffa invece nel mondo di uno dei pi\u00f9 grandi pianisti e entertainer del jazz avvalendosi di vari contributi, da Steve Lehman a Meshell Ndgeocello.<\/span><\/p>\n<p class=\"ecxMsoNormal\" style=\"color: #ff0000;\"><span style=\"font-size: medium;\">Jason Moran \u00e8 anche molto attivo sul fronte della didattica musicale (New England Conservatory of Music, Manhattan School of Music) e attualmente \u00e8 Direttore Artistico del settore jazz del Kennedy Center.<\/span><\/p>\n<p class=\"ecxMsoNormal\" style=\"color: #ff0000;\"><b style=\"font-weight: bold;\"><span style=\"font-size: medium;\">\u00a0<\/span><\/b><\/p>\n<p class=\"ecxMsoNormal\" style=\"color: #ff0000;\" align=\"center\"><b style=\"font-weight: bold;\"><span style=\"font-size: medium;\">ROBERT GLASPER<\/span><\/b><\/p>\n<p class=\"ecxMsoNormal\" style=\"color: #ff0000;\"><span style=\"font-size: medium;\">Vincitore nel 2013 di un Grammy Award con l\u2019album\u00a0<i style=\"font-style: italic;\">Black Radio<\/i><\/span><span style=\"font-size: medium;\">, votato come miglior disco di R&amp;B, Robert Glasper \u00e8 anch\u2019egli originario di Houston, dove \u00e8 nato il 5 aprile 1978.\u00a0<\/span><span style=\"font-size: medium;\">\u00a0<\/span><span style=\"font-size: medium;\">Le prime influenze musicali sono pervenute dalla madre, cantante professionista di blues e jazz, che ha invitato il figlio a suonare durante cerimonie religiose, aprendolo cos\u00ec anche all\u2019influsso del gospel. Dopo aver studiato in Texas, Robert Glasper si \u00e8 iscritto alla New School for Jazz and Contemporary Music di New York, dove ha fatto conoscenza del cantante soul Brial Oliver, con il quale ha collaborato sia in studio di registrazione che in palcoscenico.<\/span><\/p>\n<p class=\"ecxMsoNormal\" style=\"color: #ff0000;\"><span style=\"font-size: medium;\">Nel 2004 Robert Glasper ha registrato il suo primo album,\u00a0<i style=\"font-style: italic;\">Mood<\/i><\/span><span style=\"font-size: medium;\">, per l\u2019etichetta spagnola Fresh Sound: un biglietto da visita che gli consentir\u00e0 di farsi conoscere nel mondo del jazz che conta e di entrare nella scuderia della Blue Note, etichetta per la quale incider\u00e0\u00a0<\/span><i style=\"font-style: italic;\"><span style=\"font-size: medium;\">Canvas<\/span><\/i><span style=\"font-size: medium;\">, passo decisivo verso l\u2019affermazione internazionale e nel quale suona anche il Fender Rhodes. In\u00a0<\/span><i style=\"font-style: italic;\"><span style=\"font-size: medium;\">Canvas\u00a0<\/span><\/i><span style=\"font-size: medium;\">c\u2019\u00e8 la \u201ccover\u201d di \u201cRiot\u201d di Herbie Hancock, di cui Glasper riprender\u00e0 anche la famosissima \u201cMayden Voyage\u201d (gi\u00e0 incisa in\u00a0<\/span><i style=\"font-style: italic;\"><span style=\"font-size: medium;\">Mood<\/span><\/i><span style=\"font-size: medium;\">) nel successivo in\u00a0<\/span><i style=\"font-style: italic;\"><span style=\"font-size: medium;\">My Element<\/span><\/i><span style=\"font-size: medium;\">\u00a0(2006). In\u00a0<\/span><i style=\"font-style: italic;\"><span style=\"font-size: medium;\">Double-Booked<\/span><\/i><span style=\"font-size: medium;\">\u00a0del 2009 Glasper si produrr\u00e0 in una duplice dimensione: da una parte con un trio acustico, dall\u2019altra in un contesto elettrico, usando anche il vocoder nella versione di un\u2019altra celebre composizione di Hancock, \u201cButterfly\u201d. In\u00a0<\/span><i style=\"font-style: italic;\"><span style=\"font-size: medium;\">Double-Booked<\/span><\/i><span style=\"font-size: medium;\">\u00a0figurano, fra gli altri, Questlove, batterista dei Roots, Brial Oliver e il rapper Mos Def, che per la sua performance in \u201cAll Matter\u201d ricever\u00e0 una nomination ai Grammy del 2010. Fitto di ospiti sar\u00e0 anche\u00a0<\/span><i style=\"font-style: italic;\"><span style=\"font-size: medium;\">Black Radio<\/span><\/i><span style=\"font-size: medium;\">: Erikha Badu, Meshell Ndegeocello, Lalah Hathaway, Yasin Bay e lo stesso Bilal. L\u2019album, che si chiude con una rilettura di \u201cSmells Like Teen Spirit\u201d dei Nirvana, fonde in modo sapiente jazz, soul e hip hop e sar\u00e0 poi pubblicato anche in edizione\u00a0<\/span><i style=\"font-style: italic;\"><span style=\"font-size: medium;\">remix<\/span><\/i><span style=\"font-size: medium;\">.<\/span><\/p>\n<p class=\"ecxMsoNormal\" style=\"color: #ff0000;\"><span style=\"font-size: medium;\">Robert Glasper ha, peraltro, vasta esperienza in tutto il campo della musica nera, avendo all\u2019attivo collaborazioni con altri esponenti dell\u2019hip e dell\u2019R&amp;B come Q Tip, Kanye West, Jay-Z e Common. In ambito pi\u00f9 squisitamente jazzistico ha invece suonato accanto al chitarrista Russell Malone e ai trombettisti Terence Blanchard e Roy Hargrove.<\/span><\/p>\n<p class=\"ecxMsoNormal\"><b style=\"font-weight: bold;\"><span style=\"text-decoration: underline;\"><span style=\"color: red;\">Prevendita<\/span><\/span><\/b><span style=\"color: red;\">\u00a0 \u00a0 \u00a0 \u00a0 \u00a0 \u00a0 \u00a0 \u00a0 \u00a0 \u00a0 \u00a0 \u00a0 \u00a0 \u00a0 \u00a0 \u00a0 \u00a0 \u00a0 \u00a0 \u00a0 \u00a0 \u00a0 \u00a0 \u00a0 \u00a0 \u00a0 \u00a0 \u00a0 \u00a0 \u00a0 \u00a0 \u00a0 \u00a0<\/span><\/p>\n<p class=\"ecxMsoNormal\"><b style=\"font-weight: bold;\">Biglietto intero \u20ac 12 + \u20ac 1 prev. \u00a0 \u00a0 \u00a0 \u00a0 \u00a0 \u00a0 \u00a0 \u00a0 \u00a0 \u00a0 \u00a0 \u00a0 \u00a0 \u00a0 \u00a0 \u00a0 \u00a0\u00a0<\/b><\/p>\n<p class=\"ecxMsoNormal\"><b style=\"font-weight: bold;\">Ridotto giovani \u20ac 8 + \u20ac 1 prev. \u00a0 \u00a0 \u00a0 \u00a0 \u00a0 \u00a0 \u00a0 \u00a0 \u00a0 \u00a0 \u00a0 \u00a0 \u00a0 \u00a0 \u00a0 \u00a0 \u00a0 \u00a0\u00a0<\/b><\/p>\n<p class=\"ecxMsoNormal\"><b style=\"font-weight: bold;\">dal 29 settembre \u00a0 \u00a0 \u00a0 \u00a0 \u00a0 \u00a0 \u00a0 \u00a0 \u00a0 \u00a0 \u00a0 \u00a0 \u00a0 \u00a0 \u00a0 \u00a0 \u00a0 \u00a0 \u00a0 \u00a0 \u00a0 \u00a0 \u00a0 \u00a0 \u00a0 \u00a0 \u00a0 \u00a0 \u00a0 \u00a0<\/b><\/p>\n<p class=\"ecxMsoNormal\">alla cassa del Teatro<\/p>\n<p class=\"ecxMsoNormal\">Numero Verde 800-914350<\/p>\n<p class=\"ecxMsoNormal\">Online<\/p>\n<p class=\"ecxMsoNormal\"><a style=\"font-weight: inherit; color: blue;\" href=\"http:\/\/www.aperitivoinconcerto.com\/\" target=\"_blank\">www.aperitivoinconcerto.com<\/a><\/p>\n<p class=\"ecxMsoNormal\"><a style=\"font-weight: inherit; color: blue;\" href=\"http:\/\/www.teatromanzoni.it\/\" target=\"_blank\">www.teatromanzoni.it<\/a><\/p>\n<p class=\"ecxMsoNormal\">www.Ticketone.it + Call Center 892.101<\/p>\n","protected":false},"excerpt":{"rendered":"<p>APERITIVO IN CONCERTO\u00a02014-2015 Teatro Manzoni\u00a0 Via Manzoni, 42 \u2013 Milano Domenica 16 novembre, ore 11.00 \u00a0 JASON MORAN \/ ROBERT GLASPER DUO \u00a0 PRIMA DATA ITALIANA Due stelle del pianoforte esplorano la storia del jazz Domenica 16 novembre, alle ore 11.00, presso il Teatro Manzoni\u00a0(via Manzoni, 42 \u2013 Milano), per il terzo appuntamento della XXX &hellip; <a href=\"https:\/\/www.gdapress.it\/it\/index.php\/46681\/musica\/aperitivo-in-concerto-2014-2015-concerto-jason-moran-robert-glasper.html\" class=\"more-link\">Read more <span class=\"screen-reader-text\">Aperitivo In Concerto 2014-2015: concerto di Jason Moran e Robert Glasper<\/span><\/a><\/p>\n","protected":false},"author":2,"featured_media":0,"comment_status":"closed","ping_status":"open","sticky":false,"template":"","format":"standard","meta":{"footnotes":""},"categories":[19],"tags":[2450,14061,14060,750],"class_list":["post-46681","post","type-post","status-publish","format-standard","hentry","category-musica","tag-aperitivo-in-concerto","tag-gasper","tag-moran","tag-teatro-manzoni"],"_links":{"self":[{"href":"https:\/\/www.gdapress.it\/it\/index.php\/wp-json\/wp\/v2\/posts\/46681","targetHints":{"allow":["GET"]}}],"collection":[{"href":"https:\/\/www.gdapress.it\/it\/index.php\/wp-json\/wp\/v2\/posts"}],"about":[{"href":"https:\/\/www.gdapress.it\/it\/index.php\/wp-json\/wp\/v2\/types\/post"}],"author":[{"embeddable":true,"href":"https:\/\/www.gdapress.it\/it\/index.php\/wp-json\/wp\/v2\/users\/2"}],"replies":[{"embeddable":true,"href":"https:\/\/www.gdapress.it\/it\/index.php\/wp-json\/wp\/v2\/comments?post=46681"}],"version-history":[{"count":2,"href":"https:\/\/www.gdapress.it\/it\/index.php\/wp-json\/wp\/v2\/posts\/46681\/revisions"}],"predecessor-version":[{"id":46684,"href":"https:\/\/www.gdapress.it\/it\/index.php\/wp-json\/wp\/v2\/posts\/46681\/revisions\/46684"}],"wp:attachment":[{"href":"https:\/\/www.gdapress.it\/it\/index.php\/wp-json\/wp\/v2\/media?parent=46681"}],"wp:term":[{"taxonomy":"category","embeddable":true,"href":"https:\/\/www.gdapress.it\/it\/index.php\/wp-json\/wp\/v2\/categories?post=46681"},{"taxonomy":"post_tag","embeddable":true,"href":"https:\/\/www.gdapress.it\/it\/index.php\/wp-json\/wp\/v2\/tags?post=46681"}],"curies":[{"name":"wp","href":"https:\/\/api.w.org\/{rel}","templated":true}]}}