
{"id":46617,"date":"2014-11-14T12:19:53","date_gmt":"2014-11-14T10:19:53","guid":{"rendered":"http:\/\/www.gdapress.it\/it\/?p=46617"},"modified":"2014-11-14T12:19:54","modified_gmt":"2014-11-14T10:19:54","slug":"show-cura-artistocratic-carrousel-du-louvre-fotofever-paris","status":"publish","type":"post","link":"https:\/\/www.gdapress.it\/it\/index.php\/46617\/arte\/show-cura-artistocratic-carrousel-du-louvre-fotofever-paris.html","title":{"rendered":"Solo show a cura di Artistocratic Carrousel du Louvre &#8211; Fotofever Paris"},"content":{"rendered":"<p style=\"color: #444444;\"><a href=\"http:\/\/www.gdapress.it\/it\/..\/public\/it\/2014\/11\/ImageProxy-16.jpg\"><img loading=\"lazy\" decoding=\"async\" class=\"alignleft size-large wp-image-46618\" src=\"http:\/\/www.gdapress.it\/it\/..\/public\/it\/2014\/11\/ImageProxy-16-500x279.jpg\" alt=\"ImageProxy (16)\" width=\"500\" height=\"279\" srcset=\"https:\/\/www.gdapress.it\/it\/..\/public\/it\/2014\/11\/ImageProxy-16-500x279.jpg 500w, https:\/\/www.gdapress.it\/it\/..\/public\/it\/2014\/11\/ImageProxy-16-300x167.jpg 300w, https:\/\/www.gdapress.it\/it\/..\/public\/it\/2014\/11\/ImageProxy-16.jpg 1575w\" sizes=\"auto, (max-width: 500px) 100vw, 500px\" \/><\/a><\/p>\n<p style=\"color: #444444;\">\n<p style=\"color: #444444;\">\n<p style=\"color: #444444;\">\n<p style=\"color: #444444;\">\n<p style=\"color: #444444;\">\n<p style=\"color: #444444;\">\n<p style=\"color: #444444;\">\n<p style=\"color: #444444;\">\n<p style=\"color: #444444;\">\n<p style=\"color: #444444;\"><strong class=\"ecxtitle2\" style=\"font-weight: bold; color: #2a2a2a;\"><span class=\"ecxtext3\" style=\"font-weight: bold; color: #2a2a2a;\">Solo show a cura di<\/span><br \/>\n<\/strong><span class=\"ecxtitle2\" style=\"font-weight: bold; color: #2a2a2a;\">Artistocratic<\/span><\/p>\n<p style=\"color: #444444;\"><strong class=\"ecxtitle2\" style=\"font-weight: bold; color: #2a2a2a;\">14 &#8211; 16 novembre 2014<br \/>\n<\/strong><span class=\"ecxtitle2\" style=\"font-weight: bold; color: #2a2a2a;\">Carrousel du Louvre &#8211; Fotofever Paris<\/span><\/p>\n<p style=\"color: #444444;\">\n<table style=\"color: #444444;\" border=\"0\">\n<tbody>\n<tr>\n<td>\n<p class=\"ecxtesto_12\">Nella settimana della fotografia di Parigi, con mostre ed eventi nell\u2019ambito della kermesse\u00a0<strong style=\"font-weight: bold;\">Paris Photo<\/strong>,\u00a0<strong style=\"font-weight: bold;\">Artistocratic<\/strong>\u00a0espone in anteprima la nuova serie\u00a0<em style=\"font-style: italic;\"><strong style=\"font-weight: bold;\">Dreams &amp; Nightmares<\/strong>\u00a0<\/em>di\u00a0<strong style=\"font-weight: bold;\">Michele Alassio<\/strong>, insieme a una selezione delle opere pi\u00f9 importanti del suo percorso artistico. Il solo show di\u00a0<strong style=\"font-weight: bold;\">Michele Alassio<\/strong>, curato da Artistocratic, sar\u00e0 presentato al\u00a0<strong style=\"font-weight: bold;\">Carrousel du Louvre di Parigi, dal 14 al 16 novembre<\/strong>, in occasione di<strong style=\"font-weight: bold;\">Fotofever Photography Art Fair<\/strong>.<\/p>\n<p class=\"ecxtesto_12\">L\u2019evento costituisce una tappa fondamentale del cammino espositivo che \u00e8 iniziato con la personale alla Galerie Maurizio Nobile di Parigi e che proseguir\u00e0 con la partecipazione ad Arte Fiera 2015 nello stand di Artistocratic.<\/p>\n<p class=\"ecxtesto_12\">\u00ab<em style=\"font-style: italic;\">Les r\u00eaves sont faits de pierre, jambages, bois, vapeur, \u00e9toiles, eau. Les cauchemars, de serviettes, malles, chaises, lumi\u00e8res \u00e9touff\u00e9es, d\u00f4mes, feuilles. R\u00eaves et cauchemars se disputent la m\u00eame mati\u00e8re. R\u00eaves et cauchemars se disputent ma vie. Ils ont besoin de moi, pour \u00eatre<\/em>\u00bb. Le parole dello scrittore Giovanni Montanaro introducono la serie\u00a0<strong style=\"font-weight: bold;\"><em style=\"font-style: italic;\">Dreams &amp; Nightmares<\/em><\/strong>\u00a0e descrivono l\u2019intensit\u00e0 poetica delle immagini di\u00a0<strong style=\"font-weight: bold;\">Michele Alassio<\/strong>, l\u2019emozione di un luogo che viene scelta di volta in volta per rappresentare un sogno o un incubo intimo o storico, personale o collettivo.\u00c8 un progetto di negazione o esasperazione della luce, un lavoro sull\u2019oscurit\u00e0 che pu\u00f2 essere pi\u00f9 leggera in alcuni frammenti, perch\u00e9 l\u2019esplorazione del contesto, come dell\u2019emozione, richiede di evidenziare quel punto e nessun\u2019altro. Un punto di vista che sa ascoltare e \u201cpiegare\u201d la luce a un volere preciso: illuminare uno sguardo interiore che sa farsi materia o trasformarsi in astrazione.<\/p>\n<p class=\"ecxtesto_12\">Fin dal primo lavoro, presentato nel 1985 all\u2019Ikona Photo Gallery di Venezia, la ricerca di\u00a0<strong style=\"font-weight: bold;\">Michele Alassio\u00a0<\/strong>si \u00e8 concentrata sull\u2019obiettivo di dare un\u2019immagine, attraverso la fotografia, a ci\u00f2 che ne \u00e8 privo, realizzando opere sospese nel tempo e senza riferimenti spaziali. Le fotografie, incapaci di contenere il complesso mondo dei nostri sentimenti, sono flash isolati che devono essere seguiti e preceduti dall\u2019oscurit\u00e0 come in natura o dall\u2019incertezza come nei ricordi. Per l\u2019artista esiste una sola possibilit\u00e0 di catturare l\u2019emozione in un contesto e per ognuno solo un\u2019immagine ha diritto di esistere. Ed \u00e8 per questa visione del rapporto tra fotografia ed emozione, che non ha mai fotografato esseri viventi n\u00e9 creato serie di immagini sullo stesso soggetto o location.<\/p>\n<p class=\"ecxtesto_12\">Con questi principi\u00a0<strong style=\"font-weight: bold;\">Alassio<\/strong>\u00a0ha realizzato\u00a0<strong style=\"font-weight: bold;\"><em style=\"font-style: italic;\">Sacks\u00a0<\/em>(2002)<\/strong>\u00a0dove ha dato forma fotografica a 13 casi neurologici descritti dal famoso neuropsichiatra americano, utilizzando le pi\u00f9 disparate tecniche fotografiche quali sovrapposizioni in ripresa, in stampa e viraggi multipli selettivi.<\/p>\n<p class=\"ecxtesto_12\"><strong style=\"font-weight: bold;\"><em style=\"font-style: italic;\">Next Stop\u00a0<\/em><\/strong><strong style=\"font-weight: bold;\">(2003)<\/strong>\u00a0\u00e8 una sessione di riprese di un unico giorno nei padiglioni della Biennale Internazionale d\u2019Arte di Venezia.<\/p>\n<p class=\"ecxtesto_12\"><strong style=\"font-weight: bold;\"><em style=\"font-style: italic;\">The House of Spiritual Retreat\u00a0<\/em><\/strong><strong style=\"font-weight: bold;\">(2005)<\/strong>\u00a0\u00e8 un lavoro multimediale mirato a cogliere l\u2019esperienza della dimensione spirituale che ha dato origine alla grande esposizione al MoMA di New York.<\/p>\n<p class=\"ecxtesto_12\">In\u00a0<strong style=\"font-weight: bold;\"><em style=\"font-style: italic;\">Venice\u00a0<\/em>(2006)<\/strong>\u00a0lo scopo \u00e8 stato quello di ritrarre l\u2019amatissima Venezia e trasmettere l\u2019infinita stratigrafia temporale della citt\u00e0 con un gioco di relazione tra l\u2019apparato decorativo e statuario della citt\u00e0, decontestualizzando la singola opera o monumento: immagini coinvolgenti, neri profondissimi o bianchi accecanti, che ne svelano i dettagli.<\/p>\n<p class=\"ecxtesto_12\">Nel progetto\u00a0<strong style=\"font-weight: bold;\"><em style=\"font-style: italic;\">J.L.B. &#8211; Jorge Luis Borges\u00a0<\/em>(2011)<\/strong>\u00a0la cui anteprima mondiale si svolse a Paris Photo 2010, nello stand della Barry Friedman Gallery di NYC,\u00a0<strong style=\"font-weight: bold;\">Alassio<\/strong>\u00a0ha svolto una ricerca, in sette anni di lavoro e di viaggi in tutto il mondo, finalizzata a rappresentare poesie e\u00a0 racconti del grande scrittore argentino: un corpus di 21 opere di grande formato che dalla preview di Parigi sono poi state esposte a San Pietroburgo, Venezia, New York, Miami e ora nuovamente a Parigi. Maria Kodama, vedova di Borges, e Paul Leclerc, Presidente Emerito della New York Public Library, hanno dedicato scritti di proprio pugno che si sono aggiunti a quelli di Giovanni Montanaro, Dario Evola e molti altri.<\/p>\n<p>&nbsp;<\/p>\n<p class=\"ecxtesto_12\" align=\"left\"><strong style=\"font-weight: bold;\">Scheda Tecnica<\/strong><\/p>\n<p class=\"ecxtesto_12\" align=\"left\">Location:<\/p>\n<p class=\"ecxtesto_12\" align=\"left\">Galleria Artistocratic | Salle Gabriel et Delorme | Stand E1<\/p>\n<p class=\"ecxtesto_12\" align=\"left\">Carrousel du Louvre | 99 Rue de Rivoli | Paris<\/p>\n<p class=\"ecxtesto_12\" align=\"left\">Apertura al pubblico:<\/p>\n<p class=\"ecxtesto_12\" align=\"left\">Gioved\u00ec 13 Novembre 19.00 &#8211; 22.00 (Preview su invito)<\/p>\n<p class=\"ecxtesto_12\" align=\"left\">Venerd\u00ec 14 e Sabato 15 Novembre 10.00 &#8211; 20.00<\/p>\n<p class=\"ecxtesto_12\" align=\"left\">Domenica 16 Novembre 10.00 &#8211; 19.00<\/p>\n<\/td>\n<\/tr>\n<\/tbody>\n<\/table>\n","protected":false},"excerpt":{"rendered":"<p>Solo show a cura di Artistocratic 14 &#8211; 16 novembre 2014 Carrousel du Louvre &#8211; Fotofever Paris Nella settimana della fotografia di Parigi, con mostre ed eventi nell\u2019ambito della kermesse\u00a0Paris Photo,\u00a0Artistocratic\u00a0espone in anteprima la nuova serie\u00a0Dreams &amp; Nightmares\u00a0di\u00a0Michele Alassio, insieme a una selezione delle opere pi\u00f9 importanti del suo percorso artistico. Il solo show di\u00a0Michele &hellip; <a href=\"https:\/\/www.gdapress.it\/it\/index.php\/46617\/arte\/show-cura-artistocratic-carrousel-du-louvre-fotofever-paris.html\" class=\"more-link\">Read more <span class=\"screen-reader-text\">Solo show a cura di Artistocratic Carrousel du Louvre &#8211; Fotofever Paris<\/span><\/a><\/p>\n","protected":false},"author":2,"featured_media":0,"comment_status":"closed","ping_status":"open","sticky":false,"template":"","format":"standard","meta":{"footnotes":""},"categories":[4],"tags":[14034,14035,14036,14033],"class_list":["post-46617","post","type-post","status-publish","format-standard","hentry","category-arte","tag-artistocratic","tag-carrousel-du-louvre","tag-fotofever-paris","tag-solo-show"],"_links":{"self":[{"href":"https:\/\/www.gdapress.it\/it\/index.php\/wp-json\/wp\/v2\/posts\/46617","targetHints":{"allow":["GET"]}}],"collection":[{"href":"https:\/\/www.gdapress.it\/it\/index.php\/wp-json\/wp\/v2\/posts"}],"about":[{"href":"https:\/\/www.gdapress.it\/it\/index.php\/wp-json\/wp\/v2\/types\/post"}],"author":[{"embeddable":true,"href":"https:\/\/www.gdapress.it\/it\/index.php\/wp-json\/wp\/v2\/users\/2"}],"replies":[{"embeddable":true,"href":"https:\/\/www.gdapress.it\/it\/index.php\/wp-json\/wp\/v2\/comments?post=46617"}],"version-history":[{"count":1,"href":"https:\/\/www.gdapress.it\/it\/index.php\/wp-json\/wp\/v2\/posts\/46617\/revisions"}],"predecessor-version":[{"id":46619,"href":"https:\/\/www.gdapress.it\/it\/index.php\/wp-json\/wp\/v2\/posts\/46617\/revisions\/46619"}],"wp:attachment":[{"href":"https:\/\/www.gdapress.it\/it\/index.php\/wp-json\/wp\/v2\/media?parent=46617"}],"wp:term":[{"taxonomy":"category","embeddable":true,"href":"https:\/\/www.gdapress.it\/it\/index.php\/wp-json\/wp\/v2\/categories?post=46617"},{"taxonomy":"post_tag","embeddable":true,"href":"https:\/\/www.gdapress.it\/it\/index.php\/wp-json\/wp\/v2\/tags?post=46617"}],"curies":[{"name":"wp","href":"https:\/\/api.w.org\/{rel}","templated":true}]}}