
{"id":46575,"date":"2014-11-13T11:33:34","date_gmt":"2014-11-13T09:33:34","guid":{"rendered":"http:\/\/www.gdapress.it\/it\/?p=46575"},"modified":"2014-11-13T11:33:34","modified_gmt":"2014-11-13T09:33:34","slug":"larte-omaggia-calvino-vedere-citta-invisibili-bookcity-milano","status":"publish","type":"post","link":"https:\/\/www.gdapress.it\/it\/index.php\/46575\/arte\/larte-omaggia-calvino-vedere-citta-invisibili-bookcity-milano.html","title":{"rendered":"L&#8217;arte omaggia  Calvino  VEDERE LE CITT\u00c0 INVISIBILI  a Bookcity Milano"},"content":{"rendered":"<p><a href=\"http:\/\/www.gdapress.it\/it\/..\/public\/it\/2014\/11\/Olinda.jpg\"><img loading=\"lazy\" decoding=\"async\" class=\"alignleft size-large wp-image-46576\" src=\"http:\/\/www.gdapress.it\/it\/..\/public\/it\/2014\/11\/Olinda-500x344.jpg\" alt=\"Olinda\" width=\"500\" height=\"344\" srcset=\"https:\/\/www.gdapress.it\/it\/..\/public\/it\/2014\/11\/Olinda-500x344.jpg 500w, https:\/\/www.gdapress.it\/it\/..\/public\/it\/2014\/11\/Olinda-300x206.jpg 300w, https:\/\/www.gdapress.it\/it\/..\/public\/it\/2014\/11\/Olinda.jpg 590w\" sizes=\"auto, (max-width: 500px) 100vw, 500px\" \/><\/a><\/p>\n<p>&nbsp;<\/p>\n<p>&nbsp;<\/p>\n<p>&nbsp;<\/p>\n<p>&nbsp;<\/p>\n<p>&nbsp;<\/p>\n<p>&nbsp;<\/p>\n<p>&nbsp;<\/p>\n<p>&nbsp;<\/p>\n<p>&nbsp;<\/p>\n<p>&nbsp;<\/p>\n<p>&nbsp;<\/p>\n<p>L&#8217;arte omaggia\u00a0 Calvino<\/p>\n<p><strong><em>VEDERE LE CITT\u00c0 INVISIBILI<\/em><\/strong><\/p>\n<p>A Bookcity Milano la personale di Isabella Angelantoni Geiger<\/p>\n<p>In mostra sculture e disegni ispirati all&#8217;opera del grande scrittore<\/p>\n<p><strong>\u00a0<\/strong><strong>Dal 13 al 16 novembre 2014<\/strong><\/p>\n<p>Vernice: gioved\u00ec 13 novembre 2014 |ore 18.30<\/p>\n<p>Spazio Carantru\u00e0Carantrua&#8217; in via Manzoni 43Carantrua&#8217; in via Manzoni 43<\/p>\n<p>Via Manzoni, 43 | 20121 Milano<\/p>\n<p>Il titolo della mostra sembra un gioco di parole di quelli che sarebbero piaciuti a Italo Calvino. E d&#8217;altronde \u00e8 lui l&#8217;ispiratore dell&#8217;opera di Isabella Angelantoni Geiger che, nella nuova edizione di Bookcity\u00a0 in calendario a Milano dal 13 al 16 novembre 2014, presenta la sua personale <em>VEDERE LE CITTA&#8217; INVISIBILI. <\/em><\/p>\n<p><em>\u00a0<\/em><\/p>\n<p>Un omaggio al testo di Calvino e, insieme, l&#8217;avvio di un nuovo percorso di ricerca che l&#8217;artista compie sulla scia dell&#8217;astrattismo di Paul KLee.\u00a0 &#8221; L&#8217;arte non deve rappresentare il visibile, ma rendere visibile l&#8217;invisibile&#8221;, diceva Klee. Isabella Angelantoni Geiger applica questa \u201cformula\u201d al testo che pi\u00f9 ha amato di Calvino, ricavandone una ventina tra disegni e sculture, molte delle quali realizzate con il solo filo di ferro. &#8220;Ho letto <em>Le Citt\u00e0 Invisibili<\/em> quando frequentavo la facolt\u00e0 di architettura &#8211; racconta l&#8217;artista &#8211; ed \u00e8 stata subito una folgorazione. E&#8217; stato allora che \u00e8 nato il mio innamoramento per questo autore: per la sua chiarezza soprattutto. Calvino \u00e8 uno scrittore limpido e lucido, come vorrei fosse sempre l&#8217;arte&#8221;.<\/p>\n<p>&nbsp;<\/p>\n<p>Isabella \u201cha accolto l\u2019artificio letterario dell\u2019opera di Calvino con leggerezza\u00a0 &#8211; afferma lo storico e critico Matteo Guarnaccia &#8211; e ha saputo dargli spazio, applicarlo a un\u2019utopia volenterosa. Le citt\u00e0 in cui la nostra progettista di mondi ci invita a sostare, sono il frutto del lavoro di una donna che, mentre la vita scorreva tutt\u2019intorno, come un ragno silenzioso ha filato la sua tela nell\u2019ombra, in tutti gli angoli del suo cuore\u201d.<\/p>\n<p>&nbsp;<\/p>\n<p>Impegnata in un percorso di ricerca dell&#8217;essenziale e di una sintesi di parole, segni, atti ed energia, l\u2019artista \u00e8 partita dal disegno e da piccoli spazi dalle sottili linee nere per approdare alla terza dimensione, dove i suoi segni graficisono diventati fili di metallo. Il materiale che meglio le permette un alto grado di manipolazione. &#8220;Questo plasmare con le dita mi porta a realizzare delle gabbie &#8211; racconta ancora Isabella Angelantoni Geiger &#8211; sono le gabbie in cui viviamo, gabbie mentali. Un insieme di nodi da sciogliere e fili persi da ritrovare oppure legami da cucire o, in alcuni casi, da ricucire.<\/p>\n<p>&nbsp;<\/p>\n<p>&nbsp;<\/p>\n<p>Durante la mostra sono in programma letture di brani selezionati, tratti da <em>Le Citta\u2019 Invisibili<\/em> di Italo Calvino:<\/p>\n<p>&#8211;\u00a0\u00a0\u00a0\u00a0\u00a0\u00a0\u00a0\u00a0\u00a0 Venerdi 14 novembre 2014 ore 18.30<\/p>\n<p>&#8211;\u00a0\u00a0\u00a0\u00a0\u00a0\u00a0\u00a0\u00a0\u00a0 Sabato\u00a0 15 novembre 2014 ore 18.30<\/p>\n<p>&#8211;\u00a0\u00a0\u00a0\u00a0\u00a0\u00a0\u00a0\u00a0\u00a0 Domenica 16 novembre 201ore 17.00<\/p>\n<p>&nbsp;<br \/>\nBiografia<\/p>\n<p>&nbsp;<\/p>\n<p>Isabella Angelantoni Geiger nasce a Milano dove vive attualmente. Laureata alla Facolta\u2019 di Architettura del Politecnico di Milano, collabora con prestigiosi studi di architettura di Milano. Nel corso degli anni avvia, oltre all&#8217;attivit\u00e0 professionale che la conduce ad approfondire gli aspetti legati alle grandi trasformazioni territoriali e alla riqualificazione urbana, la sua indagine personale sul rapporto tra il segno e lo spazio. Dopo una iniziale esperienza rivolta alla grafica, al disegno e alla realizzazione di opere tessili, l\u2019esplorazione oggi si orienta verso le tematiche legate alle trasformazioni spaziali e alle sue deformazioni. Lavorare il metallo e il filo di ferro le permettono, infatti, di riscoprire la tridimensionalita\u2019 propria del lavoro dell\u2019architetto.<\/p>\n<p><strong>\u00a0<\/strong><\/p>\n<p><strong>BOOKCITY MILANO<\/strong><br \/>\nDal 13 al 16 novembre 2014<\/p>\n<p>Un appuntamento per tutti. Centinaia di eventi, tra incontri con gli autori, presentazioni di libri, dialoghi, letture ad alta voce, mostre, spettacoli, seminari. Alcuni luoghi della cultura e della vita sociale milanese diventano le sedi tematiche per ospitare autori, mostre e dibattiti. In tutta la citt\u00e0 librerie, biblioteche, scuole e istituti culturali propongono eventi dedicati al libro e alla lettura.<\/p>\n<p><strong>Contatti<\/strong><\/p>\n<p><a href=\"http:\/\/www.isabellaangelantonigeiger.it\/\">www.isabellaangelantonigeiger.it<\/a><\/p>\n<p><a href=\"mailto:isabellaangelantonigeiger@gmail.com\">isabellaangelantonigeiger@gmail.com<\/a><\/p>\n","protected":false},"excerpt":{"rendered":"<p>&nbsp; &nbsp; &nbsp; &nbsp; &nbsp; &nbsp; &nbsp; &nbsp; &nbsp; &nbsp; &nbsp; L&#8217;arte omaggia\u00a0 Calvino VEDERE LE CITT\u00c0 INVISIBILI A Bookcity Milano la personale di Isabella Angelantoni Geiger In mostra sculture e disegni ispirati all&#8217;opera del grande scrittore \u00a0Dal 13 al 16 novembre 2014 Vernice: gioved\u00ec 13 novembre 2014 |ore 18.30 Spazio Carantru\u00e0Carantrua&#8217; in via Manzoni &hellip; <a href=\"https:\/\/www.gdapress.it\/it\/index.php\/46575\/arte\/larte-omaggia-calvino-vedere-citta-invisibili-bookcity-milano.html\" class=\"more-link\">Read more <span class=\"screen-reader-text\">L&#8217;arte omaggia  Calvino  VEDERE LE CITT\u00c0 INVISIBILI  a Bookcity Milano<\/span><\/a><\/p>\n","protected":false},"author":2,"featured_media":0,"comment_status":"closed","ping_status":"open","sticky":false,"template":"","format":"standard","meta":{"footnotes":""},"categories":[4],"tags":[10269,3383,14014,17],"class_list":["post-46575","post","type-post","status-publish","format-standard","hentry","category-arte","tag-bookcity","tag-calvino","tag-carantrua","tag-milano"],"_links":{"self":[{"href":"https:\/\/www.gdapress.it\/it\/index.php\/wp-json\/wp\/v2\/posts\/46575","targetHints":{"allow":["GET"]}}],"collection":[{"href":"https:\/\/www.gdapress.it\/it\/index.php\/wp-json\/wp\/v2\/posts"}],"about":[{"href":"https:\/\/www.gdapress.it\/it\/index.php\/wp-json\/wp\/v2\/types\/post"}],"author":[{"embeddable":true,"href":"https:\/\/www.gdapress.it\/it\/index.php\/wp-json\/wp\/v2\/users\/2"}],"replies":[{"embeddable":true,"href":"https:\/\/www.gdapress.it\/it\/index.php\/wp-json\/wp\/v2\/comments?post=46575"}],"version-history":[{"count":1,"href":"https:\/\/www.gdapress.it\/it\/index.php\/wp-json\/wp\/v2\/posts\/46575\/revisions"}],"predecessor-version":[{"id":46577,"href":"https:\/\/www.gdapress.it\/it\/index.php\/wp-json\/wp\/v2\/posts\/46575\/revisions\/46577"}],"wp:attachment":[{"href":"https:\/\/www.gdapress.it\/it\/index.php\/wp-json\/wp\/v2\/media?parent=46575"}],"wp:term":[{"taxonomy":"category","embeddable":true,"href":"https:\/\/www.gdapress.it\/it\/index.php\/wp-json\/wp\/v2\/categories?post=46575"},{"taxonomy":"post_tag","embeddable":true,"href":"https:\/\/www.gdapress.it\/it\/index.php\/wp-json\/wp\/v2\/tags?post=46575"}],"curies":[{"name":"wp","href":"https:\/\/api.w.org\/{rel}","templated":true}]}}