
{"id":46487,"date":"2014-11-10T09:33:58","date_gmt":"2014-11-10T07:33:58","guid":{"rendered":"http:\/\/www.gdapress.it\/it\/?p=46487"},"modified":"2014-11-10T09:45:13","modified_gmt":"2014-11-10T07:45:13","slug":"manzoni-cultura-nicola-porro-incontra-lando-buzzanca","status":"publish","type":"post","link":"https:\/\/www.gdapress.it\/it\/index.php\/46487\/spettacoli\/manzoni-cultura-nicola-porro-incontra-lando-buzzanca.html","title":{"rendered":"MANZONI CULTURA NICOLA PORRO INCONTRA LANDO BUZZANCA"},"content":{"rendered":"<p><a href=\"http:\/\/www.gdapress.it\/it\/..\/public\/it\/2014\/11\/1372748415-porro.jpg\"><img loading=\"lazy\" decoding=\"async\" class=\"alignleft size-medium wp-image-46488\" src=\"http:\/\/www.gdapress.it\/it\/..\/public\/it\/2014\/11\/1372748415-porro-241x300.jpg\" alt=\"RAI: PORRO CONDUCE &quot;VIRUS, IL CONTAGIO DELLE IDEE&quot;\" width=\"241\" height=\"300\" srcset=\"https:\/\/www.gdapress.it\/it\/..\/public\/it\/2014\/11\/1372748415-porro-241x300.jpg 241w, https:\/\/www.gdapress.it\/it\/..\/public\/it\/2014\/11\/1372748415-porro-321x400.jpg 321w\" sizes=\"auto, (max-width: 241px) 100vw, 241px\" \/><\/a><\/p>\n<p><a href=\"http:\/\/www.gdapress.it\/it\/..\/public\/it\/2014\/11\/lando2.jpg\"><img loading=\"lazy\" decoding=\"async\" class=\"alignleft size-thumbnail wp-image-46489\" src=\"http:\/\/www.gdapress.it\/it\/..\/public\/it\/2014\/11\/lando2-150x150.jpg\" alt=\"lando2\" width=\"150\" height=\"150\" \/><\/a>\u00a0mANZONI CULTURA<\/p>\n<p><em>un\u2019idea di Edoardo Sylos Labini<\/em><\/p>\n<p>&nbsp;<\/p>\n<p>conduce<\/p>\n<p><strong>NICOLA PORRO<\/strong><\/p>\n<p>&nbsp;<\/p>\n<p>con<\/p>\n<p>Dj Antonello Aprea<\/p>\n<p>&nbsp;<\/p>\n<p>allestimento\u00a0 Pietro Sperduti<\/p>\n<p>&nbsp;<\/p>\n<p><strong>LUNEDI\u2019 10 NOVEMBRE 2014<\/strong><\/p>\n<p>&nbsp;<\/p>\n<p>ospite della serata<\/p>\n<p><strong>LANDO BUZZANCA<\/strong><\/p>\n<p>&nbsp;<\/p>\n<p>Il 10 novembre il cartellone del Teatro Manzoni di Milano si arricchisce di un nuovo prestigioso appuntamento: Manzoni Cultura. Cinque luned\u00ec dedicati a grandi personaggi dello Spettacolo e della\u00a0 Cultura italiana intervistati dal giornalista Nicola Porro. Il nuovo format ideato e diretto da Edoardo Sylos Labini, in collaborazione con Raiscuola, e sponsorizzato da Sacl\u00e0 e CDI Centro Diagnostico Italiano, \u00e8 un contenitore di intrattenimento culturale, dove il pubblico sar\u00e0 protagonista insieme a Porro di un avvincente faccia a faccia con alcuni dei volti pi\u00f9 noti e amati del nostro Paese.<\/p>\n<p>Si comincia il 10 novembre con un attore di talento, icona degli anni \u201970 e \u201980 che, con ironia, ha raccontato i vizi e le virt\u00f9 dell\u2019uomo medio italiano: Lando Buzzanca.<\/p>\n<p>Divertente e sfrontato, \u00e8 uno degli straordinari protagonisti della commedia all\u2019italiana. Giovanissimo, parte dalla sua citt\u00e0 natale, Palermo, per inseguire il suo sogno: intraprendere la carriera di attore che, dopo un inizio fatto di lavori umili, si riveler\u00e0 lunga e piena di soddisfazioni.<\/p>\n<p>Durante la serata Buzzanca racconter\u00e0 la sua lunga e gloriosa carriera fatta di incredibili aneddoti, straordinari incontri e colpi di scena. Un omaggio ad un importante personaggio della cultura e dello spettacolo\u00a0 del nostro Paese che trasformer\u00e0 il teatro di via Manzoni in quel salotto culturale nel quale tutti i milanesi si riconoscono da sempre.<\/p>\n<p>&nbsp;<\/p>\n<p>&nbsp;<\/p>\n<p>&nbsp;<\/p>\n<p>TEATRO MANZONI\u00a0\u00a0 Luned\u00ec 10 novembre ore 21,00<\/p>\n<p>Biglietto: posto unico \u20ac 10,00<\/p>\n","protected":false},"excerpt":{"rendered":"<p>\u00a0mANZONI CULTURA un\u2019idea di Edoardo Sylos Labini &nbsp; conduce NICOLA PORRO &nbsp; con Dj Antonello Aprea &nbsp; allestimento\u00a0 Pietro Sperduti &nbsp; LUNEDI\u2019 10 NOVEMBRE 2014 &nbsp; ospite della serata LANDO BUZZANCA &nbsp; Il 10 novembre il cartellone del Teatro Manzoni di Milano si arricchisce di un nuovo prestigioso appuntamento: Manzoni Cultura. Cinque luned\u00ec dedicati a &hellip; <a href=\"https:\/\/www.gdapress.it\/it\/index.php\/46487\/spettacoli\/manzoni-cultura-nicola-porro-incontra-lando-buzzanca.html\" class=\"more-link\">Read more <span class=\"screen-reader-text\">MANZONI CULTURA NICOLA PORRO INCONTRA LANDO BUZZANCA<\/span><\/a><\/p>\n","protected":false},"author":2,"featured_media":0,"comment_status":"closed","ping_status":"open","sticky":false,"template":"","format":"standard","meta":{"footnotes":""},"categories":[8],"tags":[13980,13978,17,13979],"class_list":["post-46487","post","type-post","status-publish","format-standard","hentry","category-spettacoli","tag-lando-buzzanca","tag-manzoni-cultura","tag-milano","tag-nicola-porro"],"_links":{"self":[{"href":"https:\/\/www.gdapress.it\/it\/index.php\/wp-json\/wp\/v2\/posts\/46487","targetHints":{"allow":["GET"]}}],"collection":[{"href":"https:\/\/www.gdapress.it\/it\/index.php\/wp-json\/wp\/v2\/posts"}],"about":[{"href":"https:\/\/www.gdapress.it\/it\/index.php\/wp-json\/wp\/v2\/types\/post"}],"author":[{"embeddable":true,"href":"https:\/\/www.gdapress.it\/it\/index.php\/wp-json\/wp\/v2\/users\/2"}],"replies":[{"embeddable":true,"href":"https:\/\/www.gdapress.it\/it\/index.php\/wp-json\/wp\/v2\/comments?post=46487"}],"version-history":[{"count":2,"href":"https:\/\/www.gdapress.it\/it\/index.php\/wp-json\/wp\/v2\/posts\/46487\/revisions"}],"predecessor-version":[{"id":46491,"href":"https:\/\/www.gdapress.it\/it\/index.php\/wp-json\/wp\/v2\/posts\/46487\/revisions\/46491"}],"wp:attachment":[{"href":"https:\/\/www.gdapress.it\/it\/index.php\/wp-json\/wp\/v2\/media?parent=46487"}],"wp:term":[{"taxonomy":"category","embeddable":true,"href":"https:\/\/www.gdapress.it\/it\/index.php\/wp-json\/wp\/v2\/categories?post=46487"},{"taxonomy":"post_tag","embeddable":true,"href":"https:\/\/www.gdapress.it\/it\/index.php\/wp-json\/wp\/v2\/tags?post=46487"}],"curies":[{"name":"wp","href":"https:\/\/api.w.org\/{rel}","templated":true}]}}