
{"id":46455,"date":"2014-09-29T02:23:50","date_gmt":"2014-09-29T00:23:50","guid":{"rendered":"http:\/\/www.gdapress.it\/it\/?p=46455"},"modified":"2014-11-09T22:26:31","modified_gmt":"2014-11-09T20:26:31","slug":"boetto-aste-autunno-2014","status":"publish","type":"post","link":"https:\/\/www.gdapress.it\/it\/index.php\/46455\/appuntamenti\/boetto-aste-autunno-2014.html","title":{"rendered":"BOETTO \u2013 Aste autunno 2014"},"content":{"rendered":"<p><a href=\"http:\/\/www.gdapress.it\/it\/..\/public\/it\/2014\/11\/Assunta.jpg\"><img loading=\"lazy\" decoding=\"async\" class=\"alignleft size-medium wp-image-46456\" src=\"http:\/\/www.gdapress.it\/it\/..\/public\/it\/2014\/11\/Assunta-232x300.jpg\" alt=\"Assunta\" width=\"232\" height=\"300\" srcset=\"https:\/\/www.gdapress.it\/it\/..\/public\/it\/2014\/11\/Assunta-232x300.jpg 232w, https:\/\/www.gdapress.it\/it\/..\/public\/it\/2014\/11\/Assunta.jpg 274w\" sizes=\"auto, (max-width: 232px) 100vw, 232px\" \/><\/a><\/p>\n<p>La Casa d&#8217;Aste Boetto \u00e8 nata vent&#8217;anni fa con lo scopo di aiutare, tramite la vendita di arredi e oggetti provenienti dalle pi\u00f9 importanti famiglie genovesi, la Caritas Diocesana. Con il passare degli anni si \u00e8 trasformata in una S. R. L. continuando a dare comunque un contributo annuo alla Caritas. Boetto si propone sul mercato con aste specializzate di: Arredi, Dipinti e Oggetti dal XV al XX secolo, Pittura del secolo XIX, Arte Contemporanea, Design e Arti Figurative e Fotografia. Ora nel centro di Milano Boetto ha aperto un elegante sede in Foro Bonaparte 48 (fronte Piccolo Teatro Nuovo, ) dove in anteprima espone i suoi pezzi piu prestigiosi. Nell&#8217;anteprima milanese delle prossime aste autunnali abbiamo visto pubblicati sul ciclopico catalogo due piccoli dipinti ottagonali su ardesia con scene della fuga in Egitto in strepitose cornici coeve in legno intagliato e dorato di scuola genovese del XVII\u00b0sec. (N\u00b0245); un bel dipinto fiammingo Dirk De Vries ( 1550-1595): \u201cScena in un interno di cucina\u201d precursore in quell&#8217;epoca delle scene di genere (N\u00b0432); una lussureggiante\u00a0 natura morta del pittore romano Giovanni Paolo Castelli detto \u201cLo Spadino\u201d autenticata dal Prof. Ferdinando Bologna nel 1965 (N\u00b0444); vari vasi di Emile Gall\u00e8 lavorati all&#8217;acido in vari colori (da N\u00b074 al N\u00b082);un bel paesaggio con figure in riva al fiume dato a Carlo Tavella (Milano; due grandi paesaggi con architetture e figure del pittore bolognese settecentesco Carlo Lodi (N\u00b0999); del pittore francese a Roma,Vincenzo Malo un grande dipinto \u201cEducazione della vergine\u201d espertizzato dal Prof.Camillo Manzitti (N\u00b0870); un importante dipinto di scuola toscana: \u201cMadonna con Bambino, S.Giovannino e Angeli\u201d in cornice antica, interessante sarebbe studiare la vecchia ceralacca posteriore di collezione con scudo araldico, personalmente il Bambino mi ricorda un dipinto del Puligo (N\u00b0980). Infine il pezzo piu importante: \u201cL&#8217;Assunta\u201d ( pala di cm\u00a0 124 x 167) di Bernardo Strozzi con esaustiva presentazione (N\u00b01023). Notevolissima la presenza di arte cinese, argenteria, porcellane, tappeti, arazzi, mobili dal XV\u00b0 al XIX\u00b0 secolo.<\/p>\n<p>Asta: Prima sessione (lotti 1-246) \u2013 Lunedi 29 Settembre 2014 ore 16\u00a0\u00a0\u00a0\u00a0\u00a0\u00a0\u00a0\u00a0\u00a0\u00a0\u00a0\u00a0\u00a0\u00a0\u00a0\u00a0\u00a0\u00a0\u00a0\u00a0\u00a0\u00a0\u00a0\u00a0\u00a0\u00a0\u00a0\u00a0\u00a0\u00a0\u00a0\u00a0\u00a0\u00a0\u00a0\u00a0\u00a0\u00a0\u00a0\u00a0\u00a0\u00a0\u00a0\u00a0\u00a0\u00a0\u00a0\u00a0\u00a0\u00a0\u00a0\u00a0 Seconda sessione (lotti 247-444) \u2013 Lunedi 29 Settembre 2014 ore 21\u00a0\u00a0\u00a0\u00a0\u00a0\u00a0\u00a0\u00a0\u00a0\u00a0\u00a0\u00a0\u00a0\u00a0\u00a0\u00a0\u00a0\u00a0\u00a0\u00a0\u00a0\u00a0\u00a0\u00a0\u00a0\u00a0\u00a0\u00a0\u00a0\u00a0\u00a0\u00a0\u00a0\u00a0\u00a0\u00a0\u00a0\u00a0\u00a0\u00a0\u00a0\u00a0\u00a0\u00a0\u00a0\u00a0\u00a0\u00a0\u00a0\u00a0\u00a0 Terza sessione ( lotti 445-823) \u2013 Martedi 30 Settembre 2014 ore 16\u00a0\u00a0\u00a0\u00a0\u00a0\u00a0\u00a0\u00a0\u00a0\u00a0\u00a0\u00a0\u00a0\u00a0\u00a0\u00a0\u00a0\u00a0\u00a0\u00a0\u00a0\u00a0\u00a0\u00a0\u00a0\u00a0\u00a0\u00a0\u00a0\u00a0\u00a0\u00a0\u00a0\u00a0\u00a0\u00a0\u00a0\u00a0\u00a0\u00a0\u00a0\u00a0\u00a0\u00a0\u00a0\u00a0\u00a0\u00a0\u00a0\u00a0\u00a0\u00a0\u00a0\u00a0 Quarta sessione( lotti 824-1024) \u2013 Martedi 30 Settembre 2014 ore 21<\/p>\n<p>Boetto Casa d&#8217;aste \u2013 Mura dello Zerbino 10 rosso, Genova; Tel. +39 010 2541314\u00a0\u00a0\u00a0\u00a0\u00a0\u00a0\u00a0\u00a0\u00a0\u00a0\u00a0\u00a0\u00a0\u00a0\u00a0\u00a0\u00a0\u00a0\u00a0\u00a0\u00a0\u00a0\u00a0\u00a0\u00a0\u00a0\u00a0\u00a0\u00a0\u00a0\u00a0\u00a0 Foro Buonaparte 48, Milano; Tel. +39 02 36768280<\/p>\n<p>Fabio Giuliani<\/p>\n","protected":false},"excerpt":{"rendered":"<p>La Casa d&#8217;Aste Boetto \u00e8 nata vent&#8217;anni fa con lo scopo di aiutare, tramite la vendita di arredi e oggetti provenienti dalle pi\u00f9 importanti famiglie genovesi, la Caritas Diocesana. Con il passare degli anni si \u00e8 trasformata in una S. R. L. continuando a dare comunque un contributo annuo alla Caritas. Boetto si propone sul &hellip; <a href=\"https:\/\/www.gdapress.it\/it\/index.php\/46455\/appuntamenti\/boetto-aste-autunno-2014.html\" class=\"more-link\">Read more <span class=\"screen-reader-text\">BOETTO \u2013 Aste autunno 2014<\/span><\/a><\/p>\n","protected":false},"author":2,"featured_media":0,"comment_status":"closed","ping_status":"open","sticky":false,"template":"","format":"standard","meta":{"footnotes":""},"categories":[2245],"tags":[10278,13970],"class_list":["post-46455","post","type-post","status-publish","format-standard","hentry","category-appuntamenti","tag-aste","tag-boetto"],"_links":{"self":[{"href":"https:\/\/www.gdapress.it\/it\/index.php\/wp-json\/wp\/v2\/posts\/46455","targetHints":{"allow":["GET"]}}],"collection":[{"href":"https:\/\/www.gdapress.it\/it\/index.php\/wp-json\/wp\/v2\/posts"}],"about":[{"href":"https:\/\/www.gdapress.it\/it\/index.php\/wp-json\/wp\/v2\/types\/post"}],"author":[{"embeddable":true,"href":"https:\/\/www.gdapress.it\/it\/index.php\/wp-json\/wp\/v2\/users\/2"}],"replies":[{"embeddable":true,"href":"https:\/\/www.gdapress.it\/it\/index.php\/wp-json\/wp\/v2\/comments?post=46455"}],"version-history":[{"count":1,"href":"https:\/\/www.gdapress.it\/it\/index.php\/wp-json\/wp\/v2\/posts\/46455\/revisions"}],"predecessor-version":[{"id":46457,"href":"https:\/\/www.gdapress.it\/it\/index.php\/wp-json\/wp\/v2\/posts\/46455\/revisions\/46457"}],"wp:attachment":[{"href":"https:\/\/www.gdapress.it\/it\/index.php\/wp-json\/wp\/v2\/media?parent=46455"}],"wp:term":[{"taxonomy":"category","embeddable":true,"href":"https:\/\/www.gdapress.it\/it\/index.php\/wp-json\/wp\/v2\/categories?post=46455"},{"taxonomy":"post_tag","embeddable":true,"href":"https:\/\/www.gdapress.it\/it\/index.php\/wp-json\/wp\/v2\/tags?post=46455"}],"curies":[{"name":"wp","href":"https:\/\/api.w.org\/{rel}","templated":true}]}}