
{"id":46436,"date":"2014-11-09T09:13:42","date_gmt":"2014-11-09T07:13:42","guid":{"rendered":"http:\/\/www.gdapress.it\/it\/?p=46436"},"modified":"2014-11-09T09:13:42","modified_gmt":"2014-11-09T07:13:42","slug":"aperitivo-in-concerto-2014-2015-concerto-charles-lloyd","status":"publish","type":"post","link":"https:\/\/www.gdapress.it\/it\/index.php\/46436\/musica\/aperitivo-in-concerto-2014-2015-concerto-charles-lloyd.html","title":{"rendered":"Aperitivo In Concerto 2014-2015: concerto di Charles Lloyd"},"content":{"rendered":"<p class=\"ecxMsoNormal\" style=\"color: #ff0000;\" align=\"center\"><a href=\"http:\/\/www.gdapress.it\/it\/..\/public\/it\/2014\/11\/Charles-Lloyd-3.jpg\"><img loading=\"lazy\" decoding=\"async\" class=\"alignleft size-large wp-image-46437\" src=\"http:\/\/www.gdapress.it\/it\/..\/public\/it\/2014\/11\/Charles-Lloyd-3-500x332.jpg\" alt=\"Charles Lloyd 3\" width=\"500\" height=\"332\" srcset=\"https:\/\/www.gdapress.it\/it\/..\/public\/it\/2014\/11\/Charles-Lloyd-3-500x332.jpg 500w, https:\/\/www.gdapress.it\/it\/..\/public\/it\/2014\/11\/Charles-Lloyd-3-300x199.jpg 300w\" sizes=\"auto, (max-width: 500px) 100vw, 500px\" \/><\/a><\/p>\n<p class=\"ecxMsoNormal\" style=\"color: #ff0000;\" align=\"center\"><b style=\"font-weight: bold;\"><span style=\"color: #000000;\">Domenica 9 novembre, ore 11.00<\/span><\/b><\/p>\n<p class=\"ecxMsoNormal\" style=\"color: #ff0000;\"><b style=\"font-weight: bold;\"><span style=\"color: red;\"><span style=\"font-size: medium;\">\u00a0<\/span><\/span><\/b><\/p>\n<p class=\"ecxMsoNormal\" style=\"color: #ff0000;\" align=\"center\"><b style=\"font-weight: bold;\"><span lang=\"EN-US\" style=\"color: red;\">CHARLES LLOYD<\/span><\/b><\/p>\n<p class=\"ecxMsoNormal\" style=\"color: #ff0000;\" align=\"center\"><b style=\"font-weight: bold;\"><span lang=\"EN-US\" style=\"color: red;\">featuring<\/span><\/b><\/p>\n<p class=\"ecxMsoNormal\" style=\"color: #ff0000;\" align=\"center\"><b style=\"font-weight: bold;\"><span lang=\"EN-US\" style=\"color: red;\">Gerald Clayton, Socratis Sinopoulos, Eric Harland<\/span><\/b><\/p>\n<p class=\"ecxMsoNormal\" style=\"color: #ff0000;\" align=\"center\"><b style=\"font-weight: bold;\"><span lang=\"EN-US\" style=\"color: red;\">\u00a0<\/span><\/b><\/p>\n<p class=\"ecxMsoNormal\" style=\"color: #ff0000;\" align=\"center\"><b style=\"font-weight: bold;\"><span style=\"color: blue;\">WILD MAN DANCE SUITE<\/span><\/b><\/p>\n<p class=\"ecxMsoNormal\" style=\"color: #ff0000;\" align=\"center\"><b style=\"font-weight: bold;\"><span style=\"color: red;\">\u00a0<\/span><\/b><\/p>\n<p class=\"ecxMsoNormal\" style=\"color: #ff0000;\" align=\"center\"><b style=\"font-weight: bold;\"><span style=\"text-decoration: underline;\"><span style=\"color: blue;\">PRIMA E UNICA DATA ITALIANA<\/span><\/span><\/b><\/p>\n<p class=\"ecxMsoNormal\" style=\"color: #ff0000;\" align=\"center\"><b style=\"font-weight: bold;\"><span style=\"text-decoration: underline;\"><span style=\"color: blue;\">\u00a0<\/span><\/span><\/b><\/p>\n<p class=\"ecxMsoNormal\" style=\"color: #ff0000;\" align=\"center\"><b style=\"font-weight: bold;\"><i style=\"font-style: italic;\"><span style=\"text-decoration: underline;\"><span style=\"color: red;\">Il grande ritorno a Milano<\/span><\/span><\/i><\/b><\/p>\n<p class=\"ecxMsoNormal\" style=\"color: #ff0000;\" align=\"center\"><b style=\"font-weight: bold;\"><i style=\"font-style: italic;\"><span style=\"text-decoration: underline;\"><span style=\"color: red;\">di un guru del jazz e di un genio della musica<\/span><\/span><\/i><\/b><\/p>\n<p class=\"ecxMsoNormal\" style=\"color: #ff0000;\"><b style=\"font-weight: bold;\"><i style=\"font-style: italic;\"><span style=\"text-decoration: underline;\"><span style=\"color: red;\">\u00a0<\/span><\/span><\/i><\/b><\/p>\n<p class=\"ecxMsoNormal\" style=\"color: #ff0000;\" align=\"center\"><span style=\"color: #000000;\">\u00a0<\/span><\/p>\n<p class=\"ecxMsoNormal\" style=\"color: #ff0000;\"><b style=\"font-weight: bold;\"><span style=\"color: #000000; font-size: medium;\">Domenica 9 novembre, alle ore 11.00, presso il Teatro Manzoni\u00a0<\/span><\/b><span style=\"font-size: medium;\"><span style=\"color: #000000;\">(via Manzoni, 42 \u2013 Milano), \u00e8 in programma il secondo appuntamento della XXX Edizione di \u201c<b style=\"font-weight: bold;\"><i style=\"font-style: italic;\">Aperitivo in Concerto<\/i><\/b><\/span><\/span><span style=\"color: #000000; font-size: medium;\">\u201d: ne sar\u00e0 eccezionale protagonista uno degli ultimi grandi uomini del jazz ancora in piena attivit\u00e0, il sassofonista\u00a0<\/span><b style=\"font-weight: bold;\"><span style=\"color: #000000; font-size: medium;\">Charles Lloyd<\/span><\/b><span style=\"color: #000000; font-size: medium;\">. Assente da parecchi anni dai palcoscenici milanesi, Charles Lloyd presenter\u00e0 in\u00a0<\/span><span style=\"text-decoration: underline;\"><span style=\"color: #000000; font-size: medium;\">esclusiva italiana<\/span><\/span><span style=\"color: #000000; font-size: medium;\">\u00a0ad \u201c<\/span><b style=\"font-weight: bold;\"><i style=\"font-style: italic;\"><span style=\"color: #000000; font-size: medium;\">Aperitivo in Concerto<\/span><\/i><\/b><span style=\"color: #000000; font-size: medium;\">\u201d\u00a0<\/span><b style=\"font-weight: bold;\"><i style=\"font-style: italic;\"><span style=\"color: #000000; font-size: medium;\">Wild Man Dance Suite<\/span><\/i><\/b><span style=\"color: #000000; font-size: medium;\">, affascinante affresco sonoro che lo vedr\u00e0 affiancato dal greco\u00a0<\/span><b style=\"font-weight: bold;\"><span style=\"color: #000000; font-size: medium;\">Socratis Sinopoulos<\/span><\/b><span style=\"color: #000000; font-size: medium;\">, specialista della lyra di Costantinopoli e del laouto che con Lloyd ha registrato l\u2019album\u00a0<\/span><i style=\"font-style: italic;\"><span style=\"color: #000000; font-size: medium;\">Athens Concert<\/span><\/i><span style=\"color: #000000; font-size: medium;\">, dal pianista\u00a0<\/span><b style=\"font-weight: bold;\"><span style=\"color: #000000; font-size: medium;\">Gerald Clayton<\/span><\/b><span style=\"color: #000000; font-size: medium;\">, uno dei nuovi talenti della tastiera acustica, dal contrabbassista\u00a0<\/span><b style=\"font-weight: bold;\"><span style=\"color: #000000; font-size: medium;\">Joe Sanders<\/span><\/b><span style=\"color: #000000; font-size: medium;\">, richiestissimo sideman, e da\u00a0<\/span><b style=\"font-weight: bold;\"><span style=\"color: #000000; font-size: medium;\">Eric Harland<\/span><\/b><span style=\"font-size: medium;\"><span style=\"color: #000000;\">, in assoluto uno dei migliori batteristi attualmente in circolazione sulle scene internazionali del jazz. Il leader, oltre all\u2019abituale sax tenore, suoner\u00e0 il flauto e il tarogato.<\/span><\/span><\/p>\n<p class=\"ecxMsoNormal\" style=\"color: #ff0000;\"><span style=\"color: #000000;\">\u00a0<\/span><\/p>\n<p class=\"ecxMsoNormal\" style=\"color: #ff0000;\"><span style=\"font-size: medium;\"><span style=\"color: #000000;\">Poeta del sassofono, pioniere degli incontri fra culture e musiche diverse, personalit\u00e0 geniale e profondamente spirituale, Charles Lloyd \u00e8 considerato oggi il pi\u00f9 legittimo erede della poetica di John Coltrane: la sua presenza nella nuova edizione di \u201c<b style=\"font-weight: bold;\"><i style=\"font-style: italic;\">Aperitivo in Concerto<\/i><\/b><\/span><\/span><span style=\"font-size: medium;\"><span style=\"color: #000000;\">\u201d assume un significato particolarmente rilevante e si inserisce a pieno titolo nell\u2019omaggio che la Stagione musicale ospitata dal Teatro Manzoni rende tradizionalmente al jazz come fondamentale fenomeno culturale del Novecento, in grado di rivoluzionare e coniugare linguaggi, culture e tradizioni diverse, lasciando un\u2019indelebile impronta su tutta la musica contemporanea.<\/span><\/span><\/p>\n<p class=\"ecxMsoNormal\" style=\"color: #ff0000;\"><span style=\"color: #000000;\">\u00a0<\/span><\/p>\n<p class=\"ecxMsoNormal\" style=\"color: #ff0000;\"><span style=\"font-size: medium;\"><span style=\"color: #000000;\">\u201c<b style=\"font-weight: bold;\"><i style=\"font-style: italic;\">Aperitivo in Concerto<\/i><\/b><\/span><\/span><span style=\"font-size: medium;\"><span style=\"color: #000000;\">\u201d dedica questo concerto a un caro amico recentemente scomparso, Vittorio Franchini, attento giornalista, grande uomo di cultura e profondo conoscitore del jazz e di tutta la musica.<\/span><\/span><\/p>\n<p class=\"ecxMsoNormal\" style=\"color: #ff0000;\"><b style=\"font-weight: bold;\"><span style=\"color: #000000; font-size: medium;\">\u00a0<\/span><\/b><\/p>\n<p class=\"ecxMsoNormal\" style=\"color: #ff0000;\" align=\"center\"><b style=\"font-weight: bold;\"><span style=\"font-size: medium;\"><span style=\"color: #000000;\">CHARLES LLOYD<\/span><\/span><\/b><\/p>\n<p class=\"ecxMsoNormal\" style=\"color: #ff0000;\"><span style=\"font-size: medium;\"><span style=\"color: #000000;\">Nato a Memphis, Tennessee, il 15 marzo del 1938, Charles Lloyd ha iniziato a suonare il sassofono all\u2019et\u00e0 di nove anni e sin da ragazzino si \u00e8 immerso nella ricca vita musicale della sua citt\u00e0. Suo mentore \u00e8 stato il pianista Phineas Newborn, con il quale suon\u00f2 prima di unirsi alle band di illustri bluesmen quali B.B. King, Howlin\u2019 Wolf, Johnnie Ace, Bobbie \u201cBlue\u201d Bland. Nel 1956 si \u00e8 trasferito a Los Angeles per studiare alla University of Southern California. In parallelo ha militato nella big band di Gerald Wilson e formato i primi gruppi a suo nome, di cui hanno fatto parte Billy Higgins, Don Cherry e Bobby Hutcherson. Nel 1960 si \u00e8 quindi unito al batterista Chico Hamilton, con il quale suoner\u00e0 per alcuni anni contribuendo alla definizione di una musica dall\u2019impianto cameristico ma altres\u00ec influenzata dalla tradizione boppistica. Di questo periodo \u00e8 anche l\u2019importante incontro con il chitarrista ungherese Gabor Szabo. Lasciato nel 1964 il gruppo di Chico Hamilton, Charles Lloyd suoner\u00e0 per due anni nel sestetto di Julian \u201cCannonball\u201d Adderley e registrer\u00e0 per la CBS i primi suoi album come leader,\u00a0<i style=\"font-style: italic;\">Discovery\u00a0<\/i><\/span><\/span><span style=\"color: #000000; font-size: medium;\">(1964) e\u00a0<\/span><i style=\"font-style: italic;\"><span style=\"color: #000000; font-size: medium;\">Of Course, Of Course<\/span><\/i><span style=\"color: #000000; font-size: medium;\">\u00a0(1965). Conclusa anche l\u2019esperienza con Adderley, ha costituito un proprio quartetto comprendente Keith Jarrett al pianoforte, all\u2019epoca talento in via di inarrestabile affermazione, Cecil McBee al contrabbasso (poi sostituito da Ron McClure) e Jack De Johnette alla batteria. Un quartetto passato alla storia per molti motivi: con questo gruppo Charles Lloyd ha elaborato una musica ricca di suggestioni sonore e dalle molteplici influenze, anche provenienti da Oriente, incontrando i favori del giovane pubblico immerso nel clima del\u00a0<\/span><i style=\"font-style: italic;\"><span style=\"color: #000000; font-size: medium;\">flower power<\/span><\/i><span style=\"color: #000000; font-size: medium;\">. Il quartetto di Lloyd si esibir\u00e0 sovente al Fillmore di San Francisco, dividendo il palcoscenico con icone del rock degli anni Sessanta come i Grateful Dead, Janis Joplin, i Cream e i Jefferson Airplane. Nel 1967 il quartetto di Lloyd \u00e8 stato anche il primo gruppo jazz ad esibirsi in Unione Sovietica, ottenendo anche l\u00ec grande successo. Concluso l\u2019avventura musicale con Jarrett e compagni, Lloyd ha trascorso gli anni Settanta in una sorta di semi-ritiro dalle scene musicali: nel 1981 Michel Petrucciani, che and\u00f2 a trovarlo a casa sua, lo convinse a formare un nuovo gruppo, con lo stesso musicista francese al pianoforte. Il percorso artistico di Charles Lloyd sar\u00e0 poi segnato da un&#8217;altra pausa, questa volta per motivi di salute, sino al pieno ritorno in attivit\u00e0 alla fine degli anni Ottanta. Un ritorno contrassegnato anche dal primo album registrato per ECM,\u00a0<\/span><i style=\"font-style: italic;\"><span style=\"color: #000000; font-size: medium;\">Fish Out of Water<\/span><\/i><span style=\"color: #000000; font-size: medium;\">. Il sodalizio con la casa discografica di Monaco di Baviera si \u00e8 via via consolidato con la pubblicazione di numerosi album, fra i quali\u00a0<\/span><i style=\"font-style: italic;\"><span style=\"color: #000000; font-size: medium;\">Notes From Big Sur<\/span><\/i><span style=\"color: #000000; font-size: medium;\">\u00a0(1991),\u00a0<\/span><i style=\"font-style: italic;\"><span style=\"color: #000000; font-size: medium;\">Canto<\/span><\/i><span style=\"color: #000000; font-size: medium;\">\u00a0(1997),\u00a0<\/span><i style=\"font-style: italic;\"><span style=\"color: #000000; font-size: medium;\">The Water Is Wide<\/span><\/i><span style=\"color: #000000; font-size: medium;\">\u00a0(2000),\u00a0<\/span><i style=\"font-style: italic;\"><span style=\"color: #000000; font-size: medium;\">Lift Every Voice<\/span><\/i><span style=\"color: #000000; font-size: medium;\">\u00a0(2002),\u00a0<\/span><i style=\"font-style: italic;\"><span style=\"color: #000000; font-size: medium;\">Which Way Is East<\/span><\/i><span style=\"color: #000000; font-size: medium;\">\u00a0(2004), inciso in coppia con Billy Higgins,\u00a0<\/span><i style=\"font-style: italic;\"><span style=\"color: #000000; font-size: medium;\">Jumping The Creek<\/span><\/i><span style=\"color: #000000; font-size: medium;\">\u00a0(2005),\u00a0<\/span><i style=\"font-style: italic;\"><span style=\"color: #000000; font-size: medium;\">Athens Concert<\/span><\/i><span style=\"color: #000000; font-size: medium;\">\u00a0(2011) e\u00a0<\/span><i style=\"font-style: italic;\"><span style=\"color: #000000; font-size: medium;\">Hagar\u2019s Song<\/span><\/i><span style=\"color: #000000; font-size: medium;\">\u00a0(2013), quest\u2019ultimo in duo con il pianista Jason Moran. Nell 2014 la ECM ha pubblicato un DVD con il film di Dorothy Darr e Jeffery Morse\u00a0<\/span><i style=\"font-style: italic;\"><span style=\"color: #000000; font-size: medium;\">Arrows Into Infinity<\/span><\/i><span style=\"font-size: medium;\"><span style=\"color: #000000;\">, bel ritratto, attraverso interviste e rare immagini di archivio, di un musicista sensibile e aperto, che ha valicato per indole confini geografici e musicali.<\/span><\/span><\/p>\n<p class=\"ecxMsoNormal\" style=\"color: #ff0000;\"><b style=\"font-weight: bold;\"><span style=\"color: #000000; font-size: medium;\">\u00a0<\/span><\/b><\/p>\n<p class=\"ecxMsoNormal\" style=\"color: #ff0000;\" align=\"center\"><b style=\"font-weight: bold;\"><span style=\"font-size: medium;\"><span style=\"color: #000000;\">SOCRATIS SINOPOULOS<\/span><\/span><\/b><\/p>\n<p class=\"ecxMsoNormal\" style=\"color: #ff0000;\"><span style=\"font-size: medium;\"><span style=\"color: #000000;\">\u00c8 uno dei musicisti tradizionali greci oggi pi\u00f9 noti. Socratis Sinopoulos suona la lyra di Costantinopoli, conosciuta anche come \u201clira cretese\u201d, strumento a corde diffusissimo in tutte le isole del Mar Egeo, e il laouto, altro cordofono ampiamente presente in Grecia e a Cipro. Con Charles Lloyd ha registrato l\u2019album\u00a0<i style=\"font-style: italic;\">Athens Concert<\/i><\/span><\/span><span style=\"color: #000000; font-size: medium;\">, testimonianza di un concerto<\/span><span style=\"color: #000000; font-size: medium;\">\u00a0\u00a0<\/span><span style=\"color: #000000; font-size: medium;\">del 2010 tenuto<\/span><span style=\"color: #000000; font-size: medium;\">\u00a0\u00a0<\/span><span style=\"color: #000000; font-size: medium;\">dal sassofonista americano insieme alla cantante greca Maria Farantouri. Sinopolus \u00e8 anche presente in<\/span><i style=\"font-style: italic;\"><span style=\"color: #000000; font-size: medium;\">Medea<\/span><\/i><span style=\"font-size: medium;\"><span style=\"color: #000000;\">\u00a0della compositrice Eleni Karaindrou.<\/span><\/span><\/p>\n<p class=\"ecxMsoNormal\" style=\"color: #ff0000;\"><span style=\"color: #000000;\">\u00a0<\/span><\/p>\n<p class=\"ecxMsoNormal\" style=\"color: #ff0000;\" align=\"center\"><b style=\"font-weight: bold;\"><span style=\"font-size: medium;\"><span style=\"color: #000000;\">GERALD CLAYTON<\/span><\/span><\/b><\/p>\n<p class=\"ecxMsoNormal\" style=\"color: #ff0000;\"><span style=\"font-size: medium;\"><span style=\"color: #000000;\">Figlio d\u2019arte \u2013 il padre \u00e8 il noto bassista e band leader John Clayton-, Gerald Clayton \u00e8 uno dei pianisti di maggior talento affermatisi sulle scene del jazz negli ultimi anni. Nato nel 1984 in Olanda, \u00e8 cresciuto in California per poi trasferirsi a New York. Ha lungamente collaborato con il trombettista Roy Hargrove e ha inciso con Diana Krall, Roberta Gambarini e Ambrose Akinmusire, oltre che sotto proprio nome. Dal 2013 suona nei gruppi di Charles Lloyd. Nel 2009 e nel 2010 ha ricevuto altrettante nomination ai Grammy Award.<\/span><\/span><\/p>\n<p class=\"ecxMsoNormal\" style=\"color: #ff0000;\">\n<p class=\"ecxMsoNormal\" style=\"color: #ff0000;\" align=\"center\"><b style=\"font-weight: bold;\"><span style=\"font-size: medium;\"><span style=\"color: #000000;\">JOE SANDERS<\/span><\/span><\/b><\/p>\n<p class=\"ecxMsoNoSpacing\" style=\"color: #ff0000;\"><span style=\"font-size: medium;\"><span style=\"color: #000000;\">Nativo di Milwaukee, allievo di Christian McBride, Joe Sanders \u00e8 oggi, grazie alla sua versatilit\u00e0, uno dei contrabbassisti pi\u00f9 corteggiati. Ha suonato con:\u00a0Ravi Coltrane, Herbie Hancock, Jimmy Heath, Wayne Shorter, Dave Brubeck, Mulgrew Miller, Geri Allen, Jeff \u201cTain\u201d Watts, Nicholas Payton, Roy Hargrove, Gerald Clayton, Lionel Loueke, Aaron Parks, Chris Potter, Ambrose Akinmusire e altri ancora.<\/span><\/span><\/p>\n<p class=\"ecxMsoNoSpacing\" style=\"color: #ff0000;\"><span style=\"color: #000000; font-size: medium;\">\u00a0<\/span><\/p>\n<p class=\"ecxMsoNormal\" style=\"color: #ff0000;\" align=\"center\"><b style=\"font-weight: bold;\"><span style=\"font-size: medium;\"><span style=\"color: #000000;\">ERIC HARLAND<\/span><\/span><\/b><\/p>\n<p class=\"ecxMsoNormal\" style=\"color: #ff0000;\"><span style=\"font-size: medium;\"><span style=\"color: #000000;\">Nato nel 1978, \u00e8 considerato uno dei migliori batteristi jazz attualmente in attivit\u00e0. Oltre che con Charles Lloyd, dei cui gruppi fa parte da diversi anni, ha suonato con Dave Holland, McCoy Tyner, Wynton Marsalis, Joshua Redman, Joe Henderson, Mark Turner e molti altri. Con Charles Lloyd ha registrato i seguenti album:\u00a0<i style=\"font-style: italic;\">Jumping The Creek<\/i><\/span><\/span><span style=\"color: #000000; font-size: medium;\">,\u00a0<\/span><i style=\"font-style: italic;\"><span style=\"color: #000000; font-size: medium;\">Sangam<\/span><\/i><span style=\"color: #000000; font-size: medium;\">,<\/span><i style=\"font-style: italic;\"><span style=\"color: #000000; font-size: medium;\">Rabo de Nube<\/span><\/i><span style=\"color: #000000; font-size: medium;\">,\u00a0<\/span><i style=\"font-style: italic;\"><span style=\"color: #000000; font-size: medium;\">Mirror<\/span><\/i><span style=\"color: #000000; font-size: medium;\">,\u00a0<\/span><i style=\"font-style: italic;\"><span style=\"color: #000000; font-size: medium;\">Athens Concert<\/span><\/i><\/p>\n<p class=\"ecxMsoNormal\" style=\"color: #ff0000;\"><span style=\"color: #000000; font-size: medium;\">.<\/span><\/p>\n<p class=\"ecxMsoNormal\"><b style=\"font-weight: bold;\"><span style=\"text-decoration: underline;\"><span style=\"color: red;\">Prevendita<\/span><\/span><\/b><span style=\"color: red;\">\u00a0\u00a0\u00a0\u00a0\u00a0\u00a0\u00a0\u00a0\u00a0\u00a0\u00a0\u00a0\u00a0\u00a0\u00a0\u00a0\u00a0\u00a0\u00a0\u00a0\u00a0\u00a0\u00a0\u00a0\u00a0\u00a0\u00a0\u00a0\u00a0\u00a0\u00a0\u00a0\u00a0\u00a0\u00a0\u00a0\u00a0\u00a0\u00a0\u00a0\u00a0\u00a0\u00a0\u00a0\u00a0\u00a0\u00a0\u00a0\u00a0\u00a0\u00a0\u00a0\u00a0\u00a0\u00a0\u00a0\u00a0\u00a0\u00a0\u00a0\u00a0\u00a0\u00a0\u00a0\u00a0\u00a0<\/span><\/p>\n<p class=\"ecxMsoNormal\" style=\"color: #ff0000;\">\n<p class=\"ecxMsoNormal\"><b style=\"font-weight: bold;\">Biglietto intero \u20ac 12 + \u20ac 1 prev. \u00a0 \u00a0 \u00a0 \u00a0 \u00a0 \u00a0 \u00a0 \u00a0 \u00a0 \u00a0 \u00a0 \u00a0 \u00a0 \u00a0 \u00a0 \u00a0\u00a0<\/b><\/p>\n<p class=\"ecxMsoNormal\" style=\"color: #ff0000;\">\n<p class=\"ecxMsoNormal\"><b style=\"font-weight: bold;\">Ridotto giovani \u20ac 8 + \u20ac 1 prev. \u00a0 \u00a0 \u00a0 \u00a0 \u00a0 \u00a0 \u00a0 \u00a0 \u00a0 \u00a0 \u00a0 \u00a0 \u00a0 \u00a0 \u00a0 \u00a0 \u00a0\u00a0<\/b><\/p>\n<p class=\"ecxMsoNormal\" style=\"color: #ff0000;\">\n<p class=\"ecxMsoNormal\"><b style=\"font-weight: bold;\">dal 29 settembre \u00a0 \u00a0 \u00a0 \u00a0 \u00a0 \u00a0 \u00a0 \u00a0 \u00a0 \u00a0 \u00a0 \u00a0 \u00a0 \u00a0 \u00a0 \u00a0 \u00a0 \u00a0 \u00a0 \u00a0 \u00a0 \u00a0 \u00a0 \u00a0 \u00a0 \u00a0 \u00a0 \u00a0\u00a0<\/b><\/p>\n<p class=\"ecxMsoNormal\" style=\"color: #ff0000;\">\n<p class=\"ecxMsoNormal\">alla cassa del Teatro<\/p>\n<p class=\"ecxMsoNormal\" style=\"color: #ff0000;\">\n<p class=\"ecxMsoNormal\">Numero Verde 800-914350<\/p>\n<p class=\"ecxMsoNormal\" style=\"color: #ff0000;\">\n<p class=\"ecxMsoNormal\">Online<\/p>\n<p class=\"ecxMsoNormal\" style=\"color: #ff0000;\">\n<p class=\"ecxMsoNormal\"><a style=\"font-weight: inherit; color: blue;\" href=\"http:\/\/www.aperitivoinconcerto.com\/\" target=\"_blank\">www.aperitivoinconcerto.com<\/a><\/p>\n<p class=\"ecxMsoNormal\" style=\"color: #ff0000;\">\n<p class=\"ecxMsoNormal\"><a style=\"font-weight: inherit; color: blue;\" href=\"http:\/\/www.teatromanzoni.it\/\" target=\"_blank\">www.teatromanzoni.it<\/a><\/p>\n<p class=\"ecxMsoNormal\" style=\"color: #ff0000;\">\n<p class=\"ecxMsoNormal\">www.Ticketone.it + Call Center 892.101<\/p>\n<p class=\"ecxMsoNormal\" style=\"color: #ff0000;\">\n","protected":false},"excerpt":{"rendered":"<p>Domenica 9 novembre, ore 11.00 \u00a0 CHARLES LLOYD featuring Gerald Clayton, Socratis Sinopoulos, Eric Harland \u00a0 WILD MAN DANCE SUITE \u00a0 PRIMA E UNICA DATA ITALIANA \u00a0 Il grande ritorno a Milano di un guru del jazz e di un genio della musica \u00a0 \u00a0 Domenica 9 novembre, alle ore 11.00, presso il Teatro Manzoni\u00a0(via &hellip; <a href=\"https:\/\/www.gdapress.it\/it\/index.php\/46436\/musica\/aperitivo-in-concerto-2014-2015-concerto-charles-lloyd.html\" class=\"more-link\">Read more <span class=\"screen-reader-text\">Aperitivo In Concerto 2014-2015: concerto di Charles Lloyd<\/span><\/a><\/p>\n","protected":false},"author":2,"featured_media":0,"comment_status":"closed","ping_status":"open","sticky":false,"template":"","format":"standard","meta":{"footnotes":""},"categories":[19],"tags":[2450,13957,17,750],"class_list":["post-46436","post","type-post","status-publish","format-standard","hentry","category-musica","tag-aperitivo-in-concerto","tag-charles-lloyd","tag-milano","tag-teatro-manzoni"],"_links":{"self":[{"href":"https:\/\/www.gdapress.it\/it\/index.php\/wp-json\/wp\/v2\/posts\/46436","targetHints":{"allow":["GET"]}}],"collection":[{"href":"https:\/\/www.gdapress.it\/it\/index.php\/wp-json\/wp\/v2\/posts"}],"about":[{"href":"https:\/\/www.gdapress.it\/it\/index.php\/wp-json\/wp\/v2\/types\/post"}],"author":[{"embeddable":true,"href":"https:\/\/www.gdapress.it\/it\/index.php\/wp-json\/wp\/v2\/users\/2"}],"replies":[{"embeddable":true,"href":"https:\/\/www.gdapress.it\/it\/index.php\/wp-json\/wp\/v2\/comments?post=46436"}],"version-history":[{"count":1,"href":"https:\/\/www.gdapress.it\/it\/index.php\/wp-json\/wp\/v2\/posts\/46436\/revisions"}],"predecessor-version":[{"id":46438,"href":"https:\/\/www.gdapress.it\/it\/index.php\/wp-json\/wp\/v2\/posts\/46436\/revisions\/46438"}],"wp:attachment":[{"href":"https:\/\/www.gdapress.it\/it\/index.php\/wp-json\/wp\/v2\/media?parent=46436"}],"wp:term":[{"taxonomy":"category","embeddable":true,"href":"https:\/\/www.gdapress.it\/it\/index.php\/wp-json\/wp\/v2\/categories?post=46436"},{"taxonomy":"post_tag","embeddable":true,"href":"https:\/\/www.gdapress.it\/it\/index.php\/wp-json\/wp\/v2\/tags?post=46436"}],"curies":[{"name":"wp","href":"https:\/\/api.w.org\/{rel}","templated":true}]}}