
{"id":46397,"date":"2014-11-07T10:42:59","date_gmt":"2014-11-07T08:42:59","guid":{"rendered":"http:\/\/www.gdapress.it\/it\/?p=46397"},"modified":"2014-11-07T10:42:59","modified_gmt":"2014-11-07T08:42:59","slug":"co-br-galleria-accademia-torino","status":"publish","type":"post","link":"https:\/\/www.gdapress.it\/it\/index.php\/46397\/arte\/co-br-galleria-accademia-torino.html","title":{"rendered":"Co.Br.A. Galleria Accademia, TORINO"},"content":{"rendered":"<p><a href=\"http:\/\/www.gdapress.it\/it\/..\/public\/it\/2014\/11\/Corneille-Petite-Musique-du-Printemps-1987-oil-on-canvas-100x100.jpg\"><img loading=\"lazy\" decoding=\"async\" class=\"alignleft size-medium wp-image-46398\" src=\"http:\/\/www.gdapress.it\/it\/..\/public\/it\/2014\/11\/Corneille-Petite-Musique-du-Printemps-1987-oil-on-canvas-100x100-300x296.jpg\" alt=\"Corneille, Petite Musique du Printemps, 1987, oil on canvas, 100x100\" width=\"300\" height=\"296\" srcset=\"https:\/\/www.gdapress.it\/it\/..\/public\/it\/2014\/11\/Corneille-Petite-Musique-du-Printemps-1987-oil-on-canvas-100x100-300x296.jpg 300w, https:\/\/www.gdapress.it\/it\/..\/public\/it\/2014\/11\/Corneille-Petite-Musique-du-Printemps-1987-oil-on-canvas-100x100-404x400.jpg 404w, https:\/\/www.gdapress.it\/it\/..\/public\/it\/2014\/11\/Corneille-Petite-Musique-du-Printemps-1987-oil-on-canvas-100x100.jpg 827w\" sizes=\"auto, (max-width: 300px) 100vw, 300px\" \/><\/a><\/p>\n<p><strong>Co.Br.A.<\/strong><\/p>\n<p><strong>7 novembre \u2013 7 dicembre 2014<\/strong><\/p>\n<p><strong>Galleria Accademia, Torino<\/strong><\/p>\n<p>Per festeggiare il 45\u00b0 anniversario della fondazione della Galleria Accademia di Torino, nata per volere di Pietro Barsi nel novembre del 1969, dal 7 novembre al 7 dicembre 2014 si terr\u00e0 la mostra <strong>Co.Br.A.<\/strong>, curata da Luca e Francesca Barsi. L\u2019esposizione esplora il mondo fantastico del movimento artistico Co.Br.A.<\/p>\n<p>In mostra 25 opere degli esponenti pi\u00f9 rappresentativi di questa corrente artistica d\u2019avanguardia: <strong>Karel Appel, Asger Jorn, Pierre Alechinsky, Corneille, Lucebert, Carl-Henning Pedersen, Siegfried Reich an der Stolpe, Karl Otto G\u00f6tz, Eugene Brands, Jacques Doucet, Bengt Lindstr\u00f6m.<\/strong><\/p>\n<p>Il Gruppo Co.Br.A. nasce nel novembre del 1948 a Parigi. Durante la Conferenza Internazionale del Centro di Documentazione sull&#8217;Arte dell&#8217;Avanguardia, mentre i relatori dibattevano e si dilungavano sull&#8217;Astrazione geometrica e sul Realismo socialista, un gruppo di sei delegati, annoiati della banalit\u00e0 del dibattito, abbandonarono il convegno, e si radunarono in un caff\u00e8 sul Quai St.Michel.<\/p>\n<p>I giovani contestatori firmarono una breve dichiarazione redatta dal belga Christian Dotremont, che in seguito coni\u00f2 il nome del gruppo, facendolo derivare dalle iniziali delle citt\u00e0 dei vari componenti: Copenaghen, Bruxelles, Amsterdam. Il movimento, che svilupp\u00f2 in Olanda, Belgio, Danimarca e nei paesi del nord Europa in singoli gruppi che agivano in semi-indipendenza e contenevano, oltre ai pittori altri artisti, raggiunse circa cinquanta membri in tre anni e si sciolse nel 1951 dopo l\u2019ultima esposizione a Liegi.<\/p>\n<p>&nbsp;<\/p>\n<p>Alla base del movimento c\u2019era il rifiuto di ogni convenzione rigida a favore di un&#8217;arte basata sulla libert\u00e0 della propria creativit\u00e0, emotiva e intellettiva. Tutti gli artisti del gruppo, anche se di formazione culturale e di provenienza geografica differente, aspiravano ad un&#8217;arte naturale e spontanea. Il gruppo mirava, infatti, a promuovere la libera espressione dell&#8217;inconscio, utilizzando pesanti pennellate di colori violenti per conferire forza e vitalit\u00e0 ai dipinti.<\/p>\n<p>Gli artisti Co.Br.A. non nascondono, inoltre, nelle opere la loro origine nordica, mantenendo nelle tematiche un legame molto forte con la tradizione favolistica dei loro paesi: figure deformi, demoni, folletti, casette isolate o animali fiabeschi sono tematiche ricorrenti nelle opere di questi artisti.<\/p>\n<p><strong>\u00a0<\/strong><strong>Inaugurazione<\/strong>: venerd\u00ec 7 novembre ore 17<\/p>\n<p><strong>Sede della mostra<\/strong><\/p>\n<p>Galleria Accademia<\/p>\n<p>Via dell&#8217;Accademia Albertina, 3, 10123 Torino<\/p>\n<p><strong>Per informazioni<\/strong><\/p>\n<p>Tel. 011 885408<\/p>\n<p><a href=\"mailto:info@galleria-accademia.com\">info@galleria-accademia.com<\/a><\/p>\n<p><a href=\"http:\/\/www.galleriaaccademia.it\">www.galleriaaccademia.it<\/a><\/p>\n<p>&nbsp;<\/p>\n<p><strong>Orario<\/strong><\/p>\n<p>Dal marted\u00ec al sabato<\/p>\n<p>10.30-12.30 ; 16.30-19.30<\/p>\n<p>&nbsp;<\/p>\n<p><strong>Ingresso libero<\/strong><\/p>\n","protected":false},"excerpt":{"rendered":"<p>Co.Br.A. 7 novembre \u2013 7 dicembre 2014 Galleria Accademia, Torino Per festeggiare il 45\u00b0 anniversario della fondazione della Galleria Accademia di Torino, nata per volere di Pietro Barsi nel novembre del 1969, dal 7 novembre al 7 dicembre 2014 si terr\u00e0 la mostra Co.Br.A., curata da Luca e Francesca Barsi. L\u2019esposizione esplora il mondo fantastico &hellip; <a href=\"https:\/\/www.gdapress.it\/it\/index.php\/46397\/arte\/co-br-galleria-accademia-torino.html\" class=\"more-link\">Read more <span class=\"screen-reader-text\">Co.Br.A. Galleria Accademia, TORINO<\/span><\/a><\/p>\n","protected":false},"author":2,"featured_media":0,"comment_status":"closed","ping_status":"open","sticky":false,"template":"","format":"standard","meta":{"footnotes":""},"categories":[4],"tags":[13947,10939,29],"class_list":["post-46397","post","type-post","status-publish","format-standard","hentry","category-arte","tag-co-br-a","tag-galleria-accademia","tag-torino"],"_links":{"self":[{"href":"https:\/\/www.gdapress.it\/it\/index.php\/wp-json\/wp\/v2\/posts\/46397","targetHints":{"allow":["GET"]}}],"collection":[{"href":"https:\/\/www.gdapress.it\/it\/index.php\/wp-json\/wp\/v2\/posts"}],"about":[{"href":"https:\/\/www.gdapress.it\/it\/index.php\/wp-json\/wp\/v2\/types\/post"}],"author":[{"embeddable":true,"href":"https:\/\/www.gdapress.it\/it\/index.php\/wp-json\/wp\/v2\/users\/2"}],"replies":[{"embeddable":true,"href":"https:\/\/www.gdapress.it\/it\/index.php\/wp-json\/wp\/v2\/comments?post=46397"}],"version-history":[{"count":1,"href":"https:\/\/www.gdapress.it\/it\/index.php\/wp-json\/wp\/v2\/posts\/46397\/revisions"}],"predecessor-version":[{"id":46399,"href":"https:\/\/www.gdapress.it\/it\/index.php\/wp-json\/wp\/v2\/posts\/46397\/revisions\/46399"}],"wp:attachment":[{"href":"https:\/\/www.gdapress.it\/it\/index.php\/wp-json\/wp\/v2\/media?parent=46397"}],"wp:term":[{"taxonomy":"category","embeddable":true,"href":"https:\/\/www.gdapress.it\/it\/index.php\/wp-json\/wp\/v2\/categories?post=46397"},{"taxonomy":"post_tag","embeddable":true,"href":"https:\/\/www.gdapress.it\/it\/index.php\/wp-json\/wp\/v2\/tags?post=46397"}],"curies":[{"name":"wp","href":"https:\/\/api.w.org\/{rel}","templated":true}]}}