
{"id":46391,"date":"2014-11-07T10:17:50","date_gmt":"2014-11-07T08:17:50","guid":{"rendered":"http:\/\/www.gdapress.it\/it\/?p=46391"},"modified":"2014-11-07T10:17:50","modified_gmt":"2014-11-07T08:17:50","slug":"orchestra-via-padova-area-m-milano","status":"publish","type":"post","link":"https:\/\/www.gdapress.it\/it\/index.php\/46391\/medicina\/orchestra-via-padova-area-m-milano.html","title":{"rendered":"Orchestra di via Padova AREA M Milano"},"content":{"rendered":"<p><a href=\"http:\/\/www.gdapress.it\/it\/..\/public\/it\/2014\/11\/OVP_foto_Acqua_22.jpg\"><img loading=\"lazy\" decoding=\"async\" class=\"alignleft size-medium wp-image-46392\" src=\"http:\/\/www.gdapress.it\/it\/..\/public\/it\/2014\/11\/OVP_foto_Acqua_22-300x110.jpg\" alt=\"OVP_foto_Acqua_2[2]\" width=\"300\" height=\"110\" srcset=\"https:\/\/www.gdapress.it\/it\/..\/public\/it\/2014\/11\/OVP_foto_Acqua_22-300x110.jpg 300w, https:\/\/www.gdapress.it\/it\/..\/public\/it\/2014\/11\/OVP_foto_Acqua_22-500x184.jpg 500w\" sizes=\"auto, (max-width: 300px) 100vw, 300px\" \/><\/a><\/p>\n<p><strong>AREA M<\/strong><\/p>\n<p><strong>il quartiere della musica<\/strong><\/p>\n<p><strong>venerd\u00ec 7 novembre 2014 &#8211; ore 21.00<\/strong><\/p>\n<p><strong>Auditorium di via Valvassori Peroni, 56 &#8211; Milano<\/strong><\/p>\n<p><strong>Orchestra di via Padova<\/strong><\/p>\n<p><strong>Le nuove metropoli (parte II)<\/strong><\/p>\n<p>Prosegue il cammino musicale dell&#8217;Orchestra di via Padova per Area M iniziato il 26 ottobre con \u201cLe nuove metropoli (parte I)\u201d, proponendo nuovi brani tratti dal grande repertorio dell&#8217;Orchestra.<\/p>\n<p>Nata nel 2006 dall&#8217;incontro di musicisti professionisti (diciannove, provenienti da nove paesi differenti) con esperienze e sensibilit\u00e0 artistiche diverse, \u00e8 diventata fin da subito laboratorio di confronto e sperimentazione: ogni componente infatti si \u00e8 messo in gioco per creare un linguaggio comune basato sullo scambio e sulla contaminazione. Il luogo fisico dell&#8217;incontro \u00e8 stato davvero via Padova, la strada pi\u00f9 multietnica di Milano, dove molti musicisti abitano o lavorano tuttora.<\/p>\n<p>Otto anni di vita, due album prodotti, un terzo album <em>Acqua<\/em>, interamente composto da brani originali, in prossima uscita, centinaia di concerti nelle piazze e nei teatri italiani, decine di apparizioni in Tv e radio italiane ed estere.<\/p>\n<p>Questi sono solo alcuni dei numeri dell&#8217;Orchestra di via Padova, una delle realt\u00e0 pi\u00f9 interessanti e innovative nel panorama musicale italiano.<\/p>\n<p>Dal 2013 l&#8217;Orchestra di via Padova sta lavorando alla preparazione del suo terzo album, <em>Acqua<\/em><strong>, <\/strong>un concept album ispirato ai temi pi\u00f9 significativi dell&#8217;EXPO 2015, trattati attraverso undici racconti che parlano del rapporto dell\u2019uomo con la terra, con la propria cultura, con i propri riti.<\/p>\n<p>Brani originali ricchi di sonorit\u00e0 evocative e coinvolgenti che spazieranno con naturalezza dal funky al jazz, dai ritmi africani alle ballate est europee, fino alla musica d&#8217;autore italiana.<\/p>\n<p>&nbsp;<\/p>\n<p>Lo spettacolo live mette in evidenza il filo conduttore che forma i legami tra i membri del gruppo dando vigore a un sound maturo, culturalmente interessante, musicalmente trascinante, pieno di colpi di scena e di cambiamenti di ambiente, esprimendo appieno la natura culturale dell&#8217;iniziativa e rappresentando un ideologico giro del mondo, fruibile anche dal pubblico meno preparato.<\/p>\n<p>L&#8217;Orchestra, diretta da <strong>Massimo Latronico,<\/strong> \u00e8 composta da <strong>Aziz Riahi<\/strong>, voce, oud e violino <strong>Abdullay Traor\u00e8 <\/strong>balafon, djamb\u00e8 e voce <strong>Yamil Castillo Otero<\/strong>bat\u00e0 e congas e<strong> Alfredo<\/strong> <strong>Munoz, <\/strong>ai\u00a0 timbales, <strong>Juan Carlos Vega, <\/strong>voce e chitarra, <strong>Andon Manushi<\/strong>, alla viola, <strong>Dario Walid Yassa <\/strong>al pianoforte, <strong>Massimo Latronico, <\/strong>chitarre e bouzouky, <strong>Andrea Quaglia <\/strong>al basso elettrico, <strong>Andrea Migliarini <\/strong>alla batteria, <strong>Walter Parisi <\/strong>al violoncello, <strong>Massimo Marcer <\/strong>alla tromba e al flicorno, <strong>Franco Lopolito<\/strong> al sax tenore e soprano, <strong>Luciano Macchia <\/strong>al trombone, <strong>Domenico Mamone <\/strong>al sax contralto e <strong>Marta Pistocchi, <\/strong>al violino e la vocalist <strong>Francesca Sabatino.<\/strong><\/p>\n<p>&nbsp;<\/p>\n<p>biglietto intero \u20ac 10,00<\/p>\n<p>biglietto con Area M Card \u20ac 5,00<\/p>\n<p><strong><em>informazioni:<\/em><\/strong><\/p>\n<p>02.95409482<\/p>\n<p>www.area-m.it<\/p>\n","protected":false},"excerpt":{"rendered":"<p>AREA M il quartiere della musica venerd\u00ec 7 novembre 2014 &#8211; ore 21.00 Auditorium di via Valvassori Peroni, 56 &#8211; Milano Orchestra di via Padova Le nuove metropoli (parte II) Prosegue il cammino musicale dell&#8217;Orchestra di via Padova per Area M iniziato il 26 ottobre con \u201cLe nuove metropoli (parte I)\u201d, proponendo nuovi brani tratti &hellip; <a href=\"https:\/\/www.gdapress.it\/it\/index.php\/46391\/medicina\/orchestra-via-padova-area-m-milano.html\" class=\"more-link\">Read more <span class=\"screen-reader-text\">Orchestra di via Padova AREA M Milano<\/span><\/a><\/p>\n","protected":false},"author":2,"featured_media":0,"comment_status":"closed","ping_status":"open","sticky":false,"template":"","format":"standard","meta":{"footnotes":""},"categories":[10],"tags":[13946,17,1568,8609],"class_list":["post-46391","post","type-post","status-publish","format-standard","hentry","category-medicina","tag-area-m","tag-milano","tag-orchestra","tag-via-padova"],"_links":{"self":[{"href":"https:\/\/www.gdapress.it\/it\/index.php\/wp-json\/wp\/v2\/posts\/46391","targetHints":{"allow":["GET"]}}],"collection":[{"href":"https:\/\/www.gdapress.it\/it\/index.php\/wp-json\/wp\/v2\/posts"}],"about":[{"href":"https:\/\/www.gdapress.it\/it\/index.php\/wp-json\/wp\/v2\/types\/post"}],"author":[{"embeddable":true,"href":"https:\/\/www.gdapress.it\/it\/index.php\/wp-json\/wp\/v2\/users\/2"}],"replies":[{"embeddable":true,"href":"https:\/\/www.gdapress.it\/it\/index.php\/wp-json\/wp\/v2\/comments?post=46391"}],"version-history":[{"count":1,"href":"https:\/\/www.gdapress.it\/it\/index.php\/wp-json\/wp\/v2\/posts\/46391\/revisions"}],"predecessor-version":[{"id":46393,"href":"https:\/\/www.gdapress.it\/it\/index.php\/wp-json\/wp\/v2\/posts\/46391\/revisions\/46393"}],"wp:attachment":[{"href":"https:\/\/www.gdapress.it\/it\/index.php\/wp-json\/wp\/v2\/media?parent=46391"}],"wp:term":[{"taxonomy":"category","embeddable":true,"href":"https:\/\/www.gdapress.it\/it\/index.php\/wp-json\/wp\/v2\/categories?post=46391"},{"taxonomy":"post_tag","embeddable":true,"href":"https:\/\/www.gdapress.it\/it\/index.php\/wp-json\/wp\/v2\/tags?post=46391"}],"curies":[{"name":"wp","href":"https:\/\/api.w.org\/{rel}","templated":true}]}}