
{"id":46359,"date":"2014-09-17T00:28:04","date_gmt":"2014-09-16T22:28:04","guid":{"rendered":"http:\/\/www.gdapress.it\/it\/?p=46359"},"modified":"2015-01-15T10:47:54","modified_gmt":"2015-01-15T08:47:54","slug":"a-palazzo-reale-il-ritorno-di-segantini-a-milano","status":"publish","type":"post","link":"https:\/\/www.gdapress.it\/it\/index.php\/46359\/arte\/a-palazzo-reale-il-ritorno-di-segantini-a-milano.html","title":{"rendered":"A Palazzo Reale \u201cIl ritorno di Segantini\u201d a Milano"},"content":{"rendered":"<p><a href=\"http:\/\/www.gdapress.it\/it\/..\/public\/it\/2014\/10\/21.-Segantini-Le-due-madri.jpg\"><img loading=\"lazy\" decoding=\"async\" class=\"alignnone size-large wp-image-47872\" src=\"http:\/\/www.gdapress.it\/it\/..\/public\/it\/2014\/10\/21.-Segantini-Le-due-madri-500x266.jpg\" alt=\"21. Segantini Le due madri\" width=\"500\" height=\"266\" srcset=\"https:\/\/www.gdapress.it\/it\/..\/public\/it\/2014\/10\/21.-Segantini-Le-due-madri-500x266.jpg 500w, https:\/\/www.gdapress.it\/it\/..\/public\/it\/2014\/10\/21.-Segantini-Le-due-madri-300x160.jpg 300w, https:\/\/www.gdapress.it\/it\/..\/public\/it\/2014\/10\/21.-Segantini-Le-due-madri-900x479.jpg 900w\" sizes=\"auto, (max-width: 500px) 100vw, 500px\" \/><\/a><\/p>\n<p>&nbsp;<\/p>\n<p>&nbsp;<\/p>\n<p>&nbsp;<\/p>\n<p>&nbsp;<\/p>\n<p>&nbsp;<\/p>\n<p>&nbsp;<\/p>\n<p><span style=\"font-family: 'Book Antiqua'; font-size: large;\">E\u2019 stata presentata oggi a Palazzo Reale la mostra \u201cSegantini\u201d, in programma nelle sue sale dal 18 settembre 2014 al 18 gennaio 2015. <\/span><br \/>\n<span style=\"font-family: 'Book Antiqua'; font-size: large;\">In mostra oltre 120 opere del grande artista protagonista dell\u2019arte di fine Ottocento per la rassegna pi\u00f9 completa mai realizzata in Italia. Artista di straordinaria notoriet\u00e0 in vita, dimenticato e poi riscoperto dalla critica italiana e internazionale in varie fasi del Novecento, <b>Giovanni Segantini<\/b> \u00e8 il protagonista della grande mostra antologica prodotta per il prossimo autunno da <b>Comune di Milano \u2013 Cultura, Palazzo Reale e Skira editore<\/b> in collaborazione con<b> Fondazione Antonio Mazzotta<\/b>.<\/span><\/p>\n<p><span style=\"font-family: 'Book Antiqua'; font-size: large;\">La mostra partecipa a <b>Milano Cuore d\u2019Europa<\/b>, il palinsesto culturale multidisciplinare dell\u2019Assessorato alla Cultura del Comune di Milano dedicato all&#8217;identit\u00e0 europea della nostra citt\u00e0 anche attraverso le figure e i movimenti che, con la propria storia e la propria produzione artistica, hanno contribuito a costruirne la cittadinanza europea e la dimensione culturale.<\/span><\/p>\n<p><span style=\"font-family: 'Book Antiqua'; font-size: large;\">\u201cIl cuore dell\u2019attivit\u00e0 di Giovanni Segantini si \u00e8 sviluppata a Milano \u2013 afferma <b>l\u2019Assessore alla Cultura Filippo Del Corno<\/b> &#8211; \u00a0dove il suo status di \u2018cittadino di frontiera\u2019 gli ha permesso di spaziare con libert\u00e0 intellettuale e artistica attraverso le diverse tendenze pittoriche e culturali dell\u2019epoca. Per questo motivo siamo molto felici di ospitare le sue opere a Palazzo Reale nella pi\u00f9 grande mostra a lui dedicata in Italia, nella quale non solo ritroveremo i suoi quadri pi\u00f9 noti, come le sue straordinarie nature morte oppure i navigli milanesi dei suoi esordi, ma anche molti dipinti che non sono mai stati esposti nella nostra citt\u00e0\u201d.<\/span><\/p>\n<p><span style=\"font-family: 'Book Antiqua'; font-size: large;\">Dato il numero limitato di opere prodotte, disperse in tutto il mondo e rese molto fragili dalla tecnica utilizzata, il percorso dell\u2019artista \u00e8 stato ricostruito solo poche volte nella sua interezza, con i capolavori simbolisti visionari accanto a quelli naturalisti, ai ritratti e alle nature morte degli esordi; per i pi\u00f9 recenti episodi si deve infatti risalire alla mostra di San Gallo in Svizzera del 1956 e alla retrospettiva del centenario ad Arco nel 1958.<\/span><\/p>\n<p><span style=\"font-family: 'Book Antiqua'; font-size: large;\">La rassegna di Milano a Palazzo Reale intende cos\u00ec rendere compiuto omaggio a uno dei maggiori artisti europei del secondo Ottocento che \u201cin meno di vent\u2019anni di attivit\u00e0 ha espresso \u2013 conclude Quinsac \u2013 tutte le angosce e i fermenti della sua epoca in un linguaggio che, teso tra innovazione e tradizione, risulta di una forza senza ulteriori esempi\u201d.<\/span><\/p>\n<p><span style=\"font-family: 'Book Antiqua'; font-size: large;\">\u201cGi\u00e0 con la mostra di grande rilievo internazionale alla Fondation Beyeler \u2013 afferma Diana Segantini<b> <\/b>&#8211; si era dato a Giovanni Segantini, affiancato dai celebri pittori europei dell\u2019epoca, il posto che merita nella storia dell\u2019arte. Dati la sua biografia e il suo percorso artistico strettamente legati alla capitale lombarda, questa mostra dar\u00e0 a Segantini la giusta risonanza a tutti livelli e soprattutto sar\u00e0 salutata come il suo ritorno a Milano\u201d. <\/span><\/p>\n<p><span style=\"font-family: 'Book Antiqua'; font-size: large;\">Curata da <b>Annie-Paule Quinsac<\/b>, autrice del catalogo ragionato e maggior esperta di Segantini, e da <b>Diana Segantini<\/b>, pronipote dell\u2019artista e gi\u00e0 curatrice della esposizione tenutasi alla Fondazione Beyeler nel 2011, la mostra presenta <b>per la prima volta a Milano<\/b> <b>oltre 120 opere da importanti musei e collezioni private europee e statunitensi, divise in otto sezioni<\/b>, ciascuna delle quali dedicata a un aspetto dell\u2019arte di Segantini e rappresentata da alcuni dei maggiori capolavori del grande artista, di cui molti mai esposti in Italia o esposti oltre un secolo fa. Scopo della rassegna \u00e8 offrire al grande pubblico e agli studiosi la panoramica pi\u00f9 completa dell\u2019opera di Segantini e farlo cos\u00ec scoprire, o riscoprire, nella sua straordinaria arte.<\/span><\/p>\n<p><span style=\"font-family: 'Book Antiqua'; font-size: large;\">Milano \u00e8 centrale nella breve e intensa vicenda dell\u2019artista che, nato ad Arco di Trento nel 1858, allora \u201cterra irredenta\u201d posta sotto il dominio dell\u2019Impero Asburgico, muore quarantunenne nel 1899 in Engadina. Segantini ritenne sempre sua patria l\u2019Italia, anche se, persa la cittadinanza austriaca, non riuscir\u00e0 per questioni burocratiche legate al mancato servizio di leva prestato per l\u2019Austria, ad ottenere cittadinanza e passaporto italiani. Si trover\u00e0 cos\u00ec in una situazione quasi da \u201capolide\u201d, che non gli permetter\u00e0 una libera circolazione all\u2019estero, e quindi di intraprendere quei viaggi tanto necessari alla formazione di ogni artista.<\/span><\/p>\n<p><span style=\"font-family: 'Book Antiqua'; font-size: large;\">A Milano arriva nel 1865 a sette anni e se ne andr\u00e0 nel 1881 per trasferirsi prima in Brianza e poi in Svizzera, a Savognino e poi in Engadina. Resta dunque nel capoluogo lombardo diciassette anni, fondamentali per lo sviluppo della sua carriera artistica e per la sua fortuna di artista. Milano rimarr\u00e0 il fulcro della parabola segantiniana, la perenne finestra sul mondo dell\u2019arte.<\/span><\/p>\n<p><span style=\"font-family: 'Book Antiqua'; font-size: large;\">Il percorso della mostra si apre con <b>una sezione introduttiva<\/b> di documenti, fotografie, lettere, libri, il busto di Segantini eseguito da Paolo Troubetzkoy e quello giovanile di Emilio Quadrelli, il ritratto di Segantini sul letto di morte, acquarello di Giovanni Giacometti, suo amico fraterno e padre del celebre scultore Alberto.<\/span><\/p>\n<p><span style=\"font-family: 'Book Antiqua'; font-size: large;\">Segue <b>una sezione preliminare<\/b> con <b>quasi tutti gli autoritratti di Segantini<\/b>, che permettono di percepire l\u2019evoluzione dall\u2019immagine \u201crealistica\u201d che il pittore d\u00e0 di se stesso nell\u2019<i>Autoritratto all\u2019et\u00e0 di vent\u2019anni<\/i>(1879-1880), alla progressiva trasformazione simbolista in icona bizantina, nel carboncino su tela del 1895.<\/span><\/p>\n<p><span style=\"font-family: 'Book Antiqua'; font-size: large;\">Milano \u00e8 centrale nella vita e nell\u2019opera del maestro, \u00e8 il luogo dove Segantini preferisce esporre, dove ha sede la galleria Grubicy che, tramite Vittore prima e Alberto poi, lo sostiene e lo introduce alla borghesia illuminata lombarda, facendogli conoscere, attraverso pubblicazioni e riproduzioni, la maggiore arte contemporanea europea: da Millet, cui sar\u00e0 spesso accostato, alla Scuola di Barbizon sino alla scuola olandese che ne deriva. A Milano assimila le nuove tendenze artistiche, dapprima la Scapigliatura, poi il Divisionismo, di cui sar\u00e0 considerato il corifeo, sino al Simbolismo, che rielaborer\u00e0 in modo personalissimo e visionario. Tuttavia, alla citt\u00e0 stessa Segantini dedica pochi lavori, tutti presenti in mostra nella <b>I<\/b> <b>sezione<i> Gli esordi<\/i><\/b> come <i>Il coro di Sant\u2019Antonio<\/i> (1879) o gli scorci cittadini quali <i>Il Naviglio sotto la neve <\/i>(1879-1880), <i>Ritratto di donna in Via San Marco<\/i> (1880), <i>Nevicata sul Naviglio<\/i> (1880 circa), <i>Il Naviglio a Ponte San Marco<\/i> (1880), rimanendo estraneo alla rinascita di quella poetica urbana che genera una vera e propria iconografia della citt\u00e0 in trasformazione. In questa sezione introduttiva della mostra viene presentato il dittico <i>I pittori di una volta<\/i>, <i>I pittori di oggi<\/i>, la cui prima parte, disgiunta da Vittore Grubicy dopo la mostra del 1883 e non pi\u00f9 esposta, \u00e8 stata ritrovata di recente. Segantini resta comunque dal 1886 un <i>outsider<\/i> rispetto alla cultura milanese, comunque determinante nelle sue scelte di artista e di uomo e della quale influenza gli sviluppi: \u201cUna posizione in bilico \u2013 spiega Quinsac nel suo saggio in catalogo \u2013 la cui peculiarit\u00e0 ha originato gli equivoci del Novecento, spiazzando la fortuna critica, comunque <i>spezzettata<\/i>tra tre paesi, Italia, Austria e Svizzera, che tuttora se lo contendono\u201d.<\/span><\/p>\n<p><span style=\"font-family: 'Book Antiqua'; font-size: large;\">La <b>II<\/b> <b>sezione<\/b> <b>della mostra<\/b> <b><i>Il ritratto. Dallo specchio al simbolo, <\/i><\/b>presenta una selezione di magnifici dipinti, <b>alcuni mai visti a Milano<\/b>, come ad esempio il <i>Ritratto della Signora Torelli<\/i> (1885-1886), nel quale \u00e8 raffigurata la moglie del fondatore del \u201cCorriere della Sera\u201d, Eugenio Torelli Viollier, scrittrice femminista affermata, nota come marchesa Colombi. Quest\u2019opera appartiene a una famiglia che ne \u00e8 proprietaria sin dal 1898. E poi <i>L\u2019ebanista Mentasti<\/i> (1880), il <i>Ritratto di<\/i> <i>Carlo Rotta<\/i> (1897), pretesto per una meditazione sulla morte, o <i>Petalo di rosa<\/i> (1890), dipinto sopra il precedente <i>Tisi galoppante<\/i> del 1883, nel quale il volto della compagna Bice al risveglio \u00e8 simbolo di sensualit\u00e0: la scelta di opere effettuata intende illustrare l\u2019evoluzione simbolista che l\u2019artista impartisce al genere del ritratto.<\/span><\/p>\n<p><span style=\"font-family: 'Book Antiqua'; font-size: large;\">La <b>III sezione<\/b> <b><i>Il vero ripensato: la natura morta<\/i><\/b> presenta una serie di <b>straordinarie nature morte<\/b>, genere obbligato alla fine dell\u2019Ottocento, cui Segantini si dedica con eccellente maestria sia in pannelli decorativi, di cui sono esposti due bellissimi esempi con frutta e fiori, sia nella sua personalissima maniera di costruire il reale in quadri che paiono astratti come <i>Funghi <\/i>(1886), <i>Pesci <\/i>(1886), <i>Anatra appesa<\/i> (1886). La <b>IV sezione<\/b> <b><i>Natura e vita dei campi<\/i><\/b> raccoglie <b>i capolavori sulla vita agreste<\/b> caratterizzati dalla presenza femminile, come <i>La raccolta dei bozzoli<\/i> (1882-1883), <i>Dopo il temporale<\/i> (1883-1884), <i>L\u2019ultima fatica del giorno<\/i>(1884) sia nella versione a olio che in quella a pastello che nell\u2019ultima del 1891 a carboncino, <i>Vacca bagnata<\/i>(1890), mai esposto in Italia, <i>Ritorno all\u2019ovile<\/i> (1888), <i>Allo sciogliersi delle nevi<\/i> (1891), <i>Riposo all\u2019ombra<\/i> (1892),<i>La raccolta delle patate<\/i> (1886), <i>La raccolta delle zucche<\/i> (1884 circa), sino al primo paesaggio monumentale <i>Alla stanga<\/i> (1886). All\u2019interno di questa sezione troviamo una sottosezione <b><i>Il disegno dal dipinto<\/i><\/b>, a testimonianza del continuo rifacimento di Segantini dei propri lavori, che venivano modificati per arrivare a soluzioni diverse: sono qui esposti mirabili disegni tratti dal dipinto gi\u00e0 realizzato, opere compiute e di altissima qualit\u00e0 stilistica.<\/span><\/p>\n<p><span style=\"font-family: 'Book Antiqua'; font-size: large;\">Segantini si riallaccia alla tradizione della pittura contadina derivata da Millet e dai pittori francesi della met\u00e0 dell\u2019Ottocento, la supera e arriva poi al simbolismo di una natura incentrata sul paesaggio, dove il contadino \u00e8 incidentale nella natura. Raffigura inoltre <b>la religiosit\u00e0 degli umili<\/b>, cui da voce <b>in opere fondamentali <\/b>presenti nella<b> V sezione <i>Natura e simbolo<\/i> <\/b>come<b> <\/b><i>Effetto di luna<\/i> (1882),<b> <\/b>il celeberrimo <i>Ave Maria a trasbordo (<\/i>II versione 1886) presentato con i vari disegni precedenti e successivi alla tela, <i>Ritorno dal bosco<\/i> (1890), opere \u201cdove Segantini gi\u00e0 tocca, in embrione \u2013 afferma Quinsac \u2013 le tematiche chiave cardine del suo simbolismo: solitudine al cospetto della natura, armonia tra natura e destino, calore e tenerezza delle greggi, implicito parallelo tra maternit\u00e0 umana e animale\u201d. Anche in questa sezione sono presenti<b>importanti disegni tratti da dipinti<\/b> come <i>La raccolta del fieno<\/i> (1889-1890), <i>All\u2019arcolaio<\/i> (1892), <i>Ave Maria sui monti<\/i> (1890).<\/span><\/p>\n<p><span style=\"font-family: 'Book Antiqua'; font-size: large;\">Con il trasferimento in Svizzera nel 1886, Segantini approda al suo personale divisionismo, spezzando la materia in lunghi filamenti di colore. Protagoniste saranno le Alpi, prese sempre di scorcio. Oltre \u00a0alle \u00a0donne \u00a0compaiono gli uomini, anche se dopo il 1890 \u00a0la natura \u00a0dominer\u00e0 \u00a0sempre di pi\u00f9 la scena in composizioni molto vaste dove la presenza umana sar\u00e0 solo simbolica. Ai capolavori indiscussi del periodo di Savognino, <i>Mezzogiorno sulle alpi<\/i> (1891), <i>Ritorno dal bosco<\/i> (1890), fanno seguito <b>le monumentali opere in formato orizzontale<\/b>, in <b>un divisionismo atto a rendere la luce rarefatta delle Alpi<\/b>, in cui il paesaggio \u00e8 maggiormente protagonista e assurge a simbolo come <i>L\u2019ora mesta<\/i> (1892), <i>Donna alla fonte<\/i>(1893), <i>Primavera sulle Alpi<\/i> (1897).<\/span><\/p>\n<p><span style=\"font-family: 'Book Antiqua'; font-size: large;\">La <b>VI<\/b> <b>sezione <i>Fonti letterarie e illustrazioni<\/i><\/b> mostra l\u2019evoluzione del <i>modus operandi <\/i>di Segantini attraverso importanti disegni ispirati a opere letterarie e religiose, la Bibbia e <i>Cos\u00ec parl\u00f2 Zarathustra <\/i>di<i><\/i>Nietzsche.<\/span><\/p>\n<p><span style=\"font-family: 'Book Antiqua'; font-size: large;\"><b>Nella VII sezione<\/b>,<b> <\/b>dedicata al<b><i> Trittico dell\u2019Engadina<\/i><\/b>, viene ricostruita attraverso disegni, studi preparatori e filmati la genesi di questa monumentale opera concepita tra il 1896 e il 1899 e considerata <b>il testamento spirituale dell\u2019artista<\/b>.<\/span><\/p>\n<p><span style=\"font-family: 'Book Antiqua'; font-size: large;\"><b>Nella sezione conclusiva<i> La maternit\u00e0<\/i><\/b> sono presenti <b>altri capolavori<\/b> come lo splendido olio <i>Le due madri<\/i>(1889) della GAM di Milano, considerato manifesto del divisionismo italiano alla prima Triennale di Brera che vide la nascita ufficiale del movimento, e <b>le opere simboliste<\/b> in cui l\u2019uso dell\u2019oro e argento in polvere si abbina a una tecnica mista di derivazione divisionista, come le due versioni de <i>L\u2019Angelo della Vita<\/i> (1894), quella della GAM e quella di Budapest, riprese anche in due disegni, e <i>L\u2019amore alla fonte della Vita<\/i> (1896). A ulteriore approfondimento, i visitatori saranno qui accompagnati anche da un breve filmato che li aiuter\u00e0 a comprendere nella sua totalit\u00e0 la riflessione segantiniana sul tema della maternit\u00e0 che, anche per via della sua vicenda familiare, si era trasformato per lui in un\u2019ossessione e nel quale il suo simbolismo raggiunge gli esiti pi\u00f9 alti.<\/span><\/p>\n<p><span style=\"font-family: 'Book Antiqua'; font-size: large;\"><b>Per tutte le informazioni: <\/b><\/span><br \/>\n<span style=\"font-family: 'Book Antiqua'; font-size: large;\">wwwmostrasegantini.it <\/span><br \/>\n<a href=\"https:\/\/www.comune.milano.it\/palazzoreale\" target=\"_blank\"><span style=\"font-family: 'Book Antiqua'; font-size: large;\">www.comune.milano.it\/palazzoreale<\/span><\/a><\/p>\n","protected":false},"excerpt":{"rendered":"<p>&nbsp; &nbsp; &nbsp; &nbsp; &nbsp; &nbsp; E\u2019 stata presentata oggi a Palazzo Reale la mostra \u201cSegantini\u201d, in programma nelle sue sale dal 18 settembre 2014 al 18 gennaio 2015. In mostra oltre 120 opere del grande artista protagonista dell\u2019arte di fine Ottocento per la rassegna pi\u00f9 completa mai realizzata in Italia. Artista di straordinaria notoriet\u00e0 &hellip; <a href=\"https:\/\/www.gdapress.it\/it\/index.php\/46359\/arte\/a-palazzo-reale-il-ritorno-di-segantini-a-milano.html\" class=\"more-link\">Read more <span class=\"screen-reader-text\">A Palazzo Reale \u201cIl ritorno di Segantini\u201d a Milano<\/span><\/a><\/p>\n","protected":false},"author":2,"featured_media":0,"comment_status":"closed","ping_status":"open","sticky":false,"template":"","format":"standard","meta":{"footnotes":""},"categories":[4],"tags":[17,140,4669],"class_list":["post-46359","post","type-post","status-publish","format-standard","hentry","category-arte","tag-milano","tag-palazzo-reale","tag-segantini"],"_links":{"self":[{"href":"https:\/\/www.gdapress.it\/it\/index.php\/wp-json\/wp\/v2\/posts\/46359","targetHints":{"allow":["GET"]}}],"collection":[{"href":"https:\/\/www.gdapress.it\/it\/index.php\/wp-json\/wp\/v2\/posts"}],"about":[{"href":"https:\/\/www.gdapress.it\/it\/index.php\/wp-json\/wp\/v2\/types\/post"}],"author":[{"embeddable":true,"href":"https:\/\/www.gdapress.it\/it\/index.php\/wp-json\/wp\/v2\/users\/2"}],"replies":[{"embeddable":true,"href":"https:\/\/www.gdapress.it\/it\/index.php\/wp-json\/wp\/v2\/comments?post=46359"}],"version-history":[{"count":4,"href":"https:\/\/www.gdapress.it\/it\/index.php\/wp-json\/wp\/v2\/posts\/46359\/revisions"}],"predecessor-version":[{"id":47874,"href":"https:\/\/www.gdapress.it\/it\/index.php\/wp-json\/wp\/v2\/posts\/46359\/revisions\/47874"}],"wp:attachment":[{"href":"https:\/\/www.gdapress.it\/it\/index.php\/wp-json\/wp\/v2\/media?parent=46359"}],"wp:term":[{"taxonomy":"category","embeddable":true,"href":"https:\/\/www.gdapress.it\/it\/index.php\/wp-json\/wp\/v2\/categories?post=46359"},{"taxonomy":"post_tag","embeddable":true,"href":"https:\/\/www.gdapress.it\/it\/index.php\/wp-json\/wp\/v2\/tags?post=46359"}],"curies":[{"name":"wp","href":"https:\/\/api.w.org\/{rel}","templated":true}]}}