
{"id":46320,"date":"2014-11-05T11:44:22","date_gmt":"2014-11-05T09:44:22","guid":{"rendered":"http:\/\/www.gdapress.it\/it\/?p=46320"},"modified":"2014-11-05T11:44:22","modified_gmt":"2014-11-05T09:44:22","slug":"simposio-filosofia-cicogna-inaugura-segni-dinfanzia-mantova","status":"publish","type":"post","link":"https:\/\/www.gdapress.it\/it\/index.php\/46320\/appuntamenti\/simposio-filosofia-cicogna-inaugura-segni-dinfanzia-mantova.html","title":{"rendered":"Un simposio sulla filosofia della Cicogna inaugura Segni d\u2019infanzia a Mantova"},"content":{"rendered":"<h2 style=\"color: #444444;\"><a href=\"http:\/\/www.gdapress.it\/it\/..\/public\/it\/2014\/11\/image001-3.jpg\"><img loading=\"lazy\" decoding=\"async\" class=\"alignleft size-large wp-image-46321\" src=\"http:\/\/www.gdapress.it\/it\/..\/public\/it\/2014\/11\/image001-3-363x400.jpg\" alt=\"image001 (3)\" width=\"363\" height=\"400\" srcset=\"https:\/\/www.gdapress.it\/it\/..\/public\/it\/2014\/11\/image001-3-363x400.jpg 363w, https:\/\/www.gdapress.it\/it\/..\/public\/it\/2014\/11\/image001-3-272x300.jpg 272w, https:\/\/www.gdapress.it\/it\/..\/public\/it\/2014\/11\/image001-3.jpg 600w\" sizes=\"auto, (max-width: 363px) 100vw, 363px\" \/><\/a><\/h2>\n<h2 style=\"color: #444444;\"><b style=\"font-weight: bold;\"><span style=\"color: gray;\">Il 5 novembre 2014 si apre la nona edizione del festival internazionale d\u2019arte e teatro per le nuove generazioni di Mantova con Armando Massarenti. Alle 16.30 il convegno sull\u2019Insegnante multitasking.<\/span><\/b><\/h2>\n<h2 style=\"color: #444444;\"><span style=\"color: gray;\">\u00a0<\/span><\/h2>\n<p class=\"ecxMsoNormal\" style=\"color: #444444;\">Con un\u00a0<b style=\"font-weight: bold;\">simposio creativo dedicato alla filosofia della cicogna inaugura mercoled\u00ec 5 novembre, alle 9.00, la nona edizione di Segni d\u2019infanzia<\/b>, festival internazionale d\u2019arte e teatro per le nuove generazioni (<b style=\"font-weight: bold;\">a Mantova, fino al 9 novembre 2014<\/b>). A condurlo nel settecentesco\u00a0<b style=\"font-weight: bold;\">Teatro\u00a0<span class=\"ecxSpellE\">Bibiena<\/span><\/b>,\u00a0<b style=\"font-weight: bold;\">Armando Massarenti<\/b>, filosofo e responsabile del supplemento culturale \u201cDomenica\u201d de Il Sole 24Ore. L\u2019elegante animale che sembra sospeso sui trampoli, uccello migratore che fa pensare all\u2019incontro con gli altri e al fascino del viaggio, \u00e8 il\u00a0<b style=\"font-weight: bold;\">simbolo del festival di quest\u2019anno.<\/b>\u00a0Ed \u00e8 proprio a partire\u00a0<b style=\"font-weight: bold;\">dalla simbologia della cicogna<\/b>, che \u00e8 emblema di nascita e maternit\u00e0, ma anche della capacit\u00e0 di accudire \u2013 nell\u2019antica Roma la legge cicogna obbligava i figli a prendersi cura degli anziani\u00a0\u00a0&#8211; che prende vita una riflessione attiva. La cicogna diventa input per il pensiero filosofico, che fa da stimolo per il pubblico dei bambini di un percorso tra formazione e teatro. Armando Massarenti sar\u00e0 poi alle\u00a0<b style=\"font-weight: bold;\">16.30 tra gli ospiti del Teatro delle Cappuccine del convegno sull\u2019\u201dInsegnante multitasking\u201d<\/b>, che riflette sulla figura del maestro contemporaneo.<\/p>\n<p class=\"ecxMsoNormal\" style=\"color: #444444;\">\n<p class=\"ecxMsoNormal\" style=\"color: #444444;\"><b style=\"font-weight: bold;\">Segni d\u2019infanzia<\/b>\u00a0\u2013 festival internazionale d\u2019arte e teatro per le nuove generazioni, dal 5 al 9 novembre 2014 a Mantova \u2013 \u00e8\u00a0<b style=\"font-weight: bold;\">un percorso creativo, emotivo ed artistico dedicato ai bambini dai 18 mesi ai 18 anni, con pi\u00f9 di 200 eventi in 25 luoghi<\/b>\u00a0del centro storico mantovano e la partecipazione di tanti\u00a0<b style=\"font-weight: bold;\">intellettuali e compagnie italiane ed internazionali selezionate per l\u2019alta qualit\u00e0 della proposta artistica<\/b>. Laboratori didattici, incontri, personaggi, performance multidisciplinari, coinvolgono grandi e piccoli in un viaggio tra immaginazione, formazione e tanto divertimento.<b style=\"font-weight: bold;\"><\/b><\/p>\n<p class=\"ecxMsoNormal\" style=\"color: #444444;\">\n<p class=\"ecxMsoNormal\" style=\"color: #444444;\"><b style=\"font-weight: bold;\">Informazioni e prenotazioni:<\/b><b style=\"font-weight: bold;\"><\/b><\/p>\n<p class=\"ecxMsoNormal\" style=\"color: #444444;\">Il programma dettagliato \u00e8 consultabile sul sito\u00a0<a style=\"font-weight: inherit; color: #f86d01;\" href=\"http:\/\/www.segnidinfanzia.org\/\" target=\"_blank\"><span style=\"color: windowtext;\">www.segnidinfanzia.org<\/span><\/a><\/p>\n<p class=\"ecxMsoNormal\" style=\"color: #444444;\">Prezzi: \u20ac 6,00 &#8211; \u20ac 7,00 per bambini, \u20ac 7,00 &#8211; \u20ac 10,00 per adulti, con possibilit\u00e0 di sconto famiglia<b style=\"font-weight: bold;\">. La biglietteria del festival \u00e8 aperta dal luned\u00ec al venerd\u00ec dalle 9:00 alle 19:00, e sabato dalle 12.00 alle 19.00;\u00a0<\/b>dal 4 novembre la sede della biglietteria si sposta al presso il BP\u00a0<span class=\"ecxSpellE\">Factory<\/span>, primo piano (Piazza Concordia, 13);\u00a0<b style=\"font-weight: bold;\">sar\u00e0 anche possibile acquistare on line i biglietti sul sito\u00a0<a style=\"font-weight: inherit; color: #f86d01;\" href=\"http:\/\/www.vivaticket.it\/\" target=\"_blank\"><span style=\"color: windowtext;\">www.vivaticket.it<\/span><\/a><\/b>\u00a0\u00a0\u00a0\u00a0\u00a0<b style=\"font-weight: bold;\">Tel. Biglietteria festival 0376.1514016 &#8211;\u00a0<a style=\"font-weight: inherit; color: #f86d01;\" href=\"mailto:segreteria@segnidinfanzia.org\"><span style=\"color: windowtext;\">segreteria@segnidinfanzia.org<\/span><\/a>\u00a0\u00a0<a style=\"font-weight: inherit; color: #f86d01;\" href=\"http:\/\/www.segnidinfanzia.org\/\" target=\"\">www.segnidinfanzia.org<\/a>\u00a0<\/b><\/p>\n","protected":false},"excerpt":{"rendered":"<p>Il 5 novembre 2014 si apre la nona edizione del festival internazionale d\u2019arte e teatro per le nuove generazioni di Mantova con Armando Massarenti. Alle 16.30 il convegno sull\u2019Insegnante multitasking. \u00a0 Con un\u00a0simposio creativo dedicato alla filosofia della cicogna inaugura mercoled\u00ec 5 novembre, alle 9.00, la nona edizione di Segni d\u2019infanzia, festival internazionale d\u2019arte e &hellip; <a href=\"https:\/\/www.gdapress.it\/it\/index.php\/46320\/appuntamenti\/simposio-filosofia-cicogna-inaugura-segni-dinfanzia-mantova.html\" class=\"more-link\">Read more <span class=\"screen-reader-text\">Un simposio sulla filosofia della Cicogna inaugura Segni d\u2019infanzia a Mantova<\/span><\/a><\/p>\n","protected":false},"author":2,"featured_media":0,"comment_status":"closed","ping_status":"open","sticky":false,"template":"","format":"standard","meta":{"footnotes":""},"categories":[2245],"tags":[1216,6502,13920],"class_list":["post-46320","post","type-post","status-publish","format-standard","hentry","category-appuntamenti","tag-mantova","tag-massarenti","tag-segni-dinfanzia"],"_links":{"self":[{"href":"https:\/\/www.gdapress.it\/it\/index.php\/wp-json\/wp\/v2\/posts\/46320","targetHints":{"allow":["GET"]}}],"collection":[{"href":"https:\/\/www.gdapress.it\/it\/index.php\/wp-json\/wp\/v2\/posts"}],"about":[{"href":"https:\/\/www.gdapress.it\/it\/index.php\/wp-json\/wp\/v2\/types\/post"}],"author":[{"embeddable":true,"href":"https:\/\/www.gdapress.it\/it\/index.php\/wp-json\/wp\/v2\/users\/2"}],"replies":[{"embeddable":true,"href":"https:\/\/www.gdapress.it\/it\/index.php\/wp-json\/wp\/v2\/comments?post=46320"}],"version-history":[{"count":1,"href":"https:\/\/www.gdapress.it\/it\/index.php\/wp-json\/wp\/v2\/posts\/46320\/revisions"}],"predecessor-version":[{"id":46322,"href":"https:\/\/www.gdapress.it\/it\/index.php\/wp-json\/wp\/v2\/posts\/46320\/revisions\/46322"}],"wp:attachment":[{"href":"https:\/\/www.gdapress.it\/it\/index.php\/wp-json\/wp\/v2\/media?parent=46320"}],"wp:term":[{"taxonomy":"category","embeddable":true,"href":"https:\/\/www.gdapress.it\/it\/index.php\/wp-json\/wp\/v2\/categories?post=46320"},{"taxonomy":"post_tag","embeddable":true,"href":"https:\/\/www.gdapress.it\/it\/index.php\/wp-json\/wp\/v2\/tags?post=46320"}],"curies":[{"name":"wp","href":"https:\/\/api.w.org\/{rel}","templated":true}]}}