
{"id":46229,"date":"2014-11-03T13:47:38","date_gmt":"2014-11-03T11:47:38","guid":{"rendered":"http:\/\/www.gdapress.it\/it\/?p=46229"},"modified":"2014-11-03T13:47:38","modified_gmt":"2014-11-03T11:47:38","slug":"eicma-centenario-guarda-futuro","status":"publish","type":"post","link":"https:\/\/www.gdapress.it\/it\/index.php\/46229\/appuntamenti\/eicma-centenario-guarda-futuro.html","title":{"rendered":"EICMA &#8211; IL CENTENARIO CHE GUARDA AL FUTURO"},"content":{"rendered":"<p><a href=\"http:\/\/www.gdapress.it\/it\/..\/public\/it\/2014\/11\/10574441_527092167390234_4809577108118329041_n.png\"><img loading=\"lazy\" decoding=\"async\" class=\"alignleft size-large wp-image-46230\" src=\"http:\/\/www.gdapress.it\/it\/..\/public\/it\/2014\/11\/10574441_527092167390234_4809577108118329041_n-500x185.png\" alt=\"10574441_527092167390234_4809577108118329041_n\" width=\"500\" height=\"185\" srcset=\"https:\/\/www.gdapress.it\/it\/..\/public\/it\/2014\/11\/10574441_527092167390234_4809577108118329041_n-500x185.png 500w, https:\/\/www.gdapress.it\/it\/..\/public\/it\/2014\/11\/10574441_527092167390234_4809577108118329041_n-300x111.png 300w, https:\/\/www.gdapress.it\/it\/..\/public\/it\/2014\/11\/10574441_527092167390234_4809577108118329041_n.png 851w\" sizes=\"auto, (max-width: 500px) 100vw, 500px\" \/><\/a><\/p>\n<p>&nbsp;<\/p>\n<p>&nbsp;<\/p>\n<p>&nbsp;<\/p>\n<p>&nbsp;<\/p>\n<p>&nbsp;<\/p>\n<p>&nbsp;<\/p>\n<p>Novit\u00e0, sorprese, tendenze dentro e fuori il padiglione fieristico. L\u2019evento dedicato<br \/>\nalle due ruote pi\u00f9 importante del mondo \u00e8 pronto per soddisfare appassionati e<br \/>\nnon e per supportare l\u2019intera filiera del settore.<br \/>\nNell\u2019edizione del centenario EICMA, l\u2019Esposizione Mondiale del<br \/>\nMotociclismo, \u00e8 all\u2019avanguardia e orientata al futuro, grazie alla presentazione delle pi\u00f9 importanti<br \/>\nesclusive di prodotto e al fitto calendario di appuntamenti. Sono previste circa 20 world premiere.<br \/>\nIn programma in Fiera Milano a Rho, dal 4 al 9 novembre 2014 (4 e 5 giornate riservate a stampa e<br \/>\noperatori), l\u2019evento garantisce standard di eccellenza a partire dalla presenza di tutti i top brand, delle<br \/>\naree speciali (EICMA Custom, The Green Planet, Area Sicurezza) dell\u2019arena esterna MotoLive, di<br \/>\nimportanti sorprese come il progetto \u201c100 anni di storia verso il futuro\u201d e il Temporary Bikers<br \/>\nShop. Si conferma anche il calendario degli eventi fuori salone, che animer\u00e0 tutta la settimana.<br \/>\nAd oggi, con una lista di richieste ancora aperta e realt\u00e0 in attesa di risposta, sono stati superati i<br \/>\n1.000 espositori, dei quali il 36% proviene dall\u2019estero e il 30% rappresenta new entry e ritorni (marchi<br \/>\nassenti lo scorso anno).<br \/>\nQuest\u2019anno si conferma il servizio dedicato al B2B: la piattaforma Match Making, a disposizione<br \/>\ndi tutti gli espositori a titolo gratuito, offre la possibilit\u00e0 di mettere in contatto i professionisti del<br \/>\nsettore e organizzare incontri mirati, per valorizzare la propria presenza all\u2019Esposizione.<br \/>\nIl costo del biglietto, dal 2007, \u00e8 invariato ed \u00e8 di 18 euro. Il venerd\u00ec l\u2019ingresso in Fiera, aperta fino alle<br \/>\n22.00, per le donne \u00e8 gratuito.<br \/>\n\u201cUna celebrazione ha radici profonde e diventa un ponte con il futuro solo quando \u00e8 ricca di contenuto.<br \/>\nPer questo abbiamo voluto che i 100 anni dell\u2019Esposizione rappresentino il patrimonio industriale e<br \/>\nculturale del settore delle due ruote\u201d- dichiara Antonello Montante, Presidente di EICMA \u2013<br \/>\n\u201cIntensificare il nostro lavoro con tutti i protagonisti e offrire al pubblico il meglio significa anche<br \/>\nsottolineare il ruolo dell\u2019Italia a livello internazionale. Nonostante l&#8217;Europa, negli ultimi 5 anni, abbia<br \/>\nsofferto un calo nella produzione del 54%, il nostro Paese mantiene ancora la leadership, essendo il<br \/>\nprimo produttore nel vecchio continente. Il nostro impegno, come sempre e a maggior ragione da<br \/>\nquesta edizione, si conferma orientato sia a sostenere e promuovere l\u2019intera filiera sia a gestire tutte le<br \/>\npossibilit\u00e0 di crescita collettiva e individuale, a consolidare i rapporti esistenti e a incontrare un ampio<br \/>\npubblico che guarda ai veicoli esposti sia come soluzione concreta per la mobilit\u00e0 sostenibile, sia<br \/>\ncome icone di grande passione. In altri termini, vogliamo confermare, ancora una volta, con i fatti, che<br \/>\nEICMA \u00e8 l\u2019evento dedicato alle due ruote pi\u00f9 importante del mondo\u201d.<br \/>\nMotoLive<br \/>\nAnche per MotoLive \u00e8 tempo di celebrazioni. L\u2019area esterna festeggia, infatti, la decima edizione e<br \/>\ncontinua a sorprendere il pubblico di EICMA con un contenuto di altissima qualit\u00e0 e che nessun altro<br \/>\nevento fieristico \u00e8 in grado di proporre.<br \/>\nCome consuetudine sar\u00e0 decretato il vincitore assoluto dell\u2019SX European Championship, titolo che si<br \/>\nassegna in gara unica. Tra le altre discipline: Quad Race, Internazionali d\u2019Italia SuperMoto Series,<br \/>\nInternazionali d\u2019Italia Supercross.<br \/>\nPer la prima volta, dar\u00e0 spettacolo il pluricampione del mondo di trial Toni Bou.<br \/>\nEICMA FOR Associazione PROMETEO onlus sar\u00e0 l\u2019evento racing con finalit\u00e0 benefica e vedr\u00e0<br \/>\nsfidarsi 10 squadre in una staffetta di quad, supermoto e minicross.<br \/>\nNon mancheranno le aree destinate a test ride e riding school. Radio Deejay si conferma la radio<br \/>\nufficiale.<br \/>\nEICMA Custom<br \/>\nVere e proprie opere d\u2019arte, gioielli di altissimo artigianato, pezzi unici, aziende leader del settore,<br \/>\npersonaggi di calibro internazionale e atmosfera di ispirazione Rock\u2019nRoll per quella che ormai \u00e8 una<br \/>\ntendenza di lifestyle: questi sono, in sintesi, gli elementi che siglano il successo dell\u2019area dedicata alla<br \/>\npersonalizzazione, che continua ad affermarsi nel panorama della Kustome Kulture. Anche nel 2014<br \/>\nsar\u00e0 imperdibile l\u2019appuntamento con l\u2019International Custom Bike Show, sviluppato in collaborazione<br \/>\ncon la rivista Low Ride e in grado di attirare l\u2019attenzione dei pi\u00f9 importanti magazine mondiali. Giunto<br \/>\nalla seconda edizione, il Lady Custom Bike Contest, che si svolto in diverse tappe italiane durante<br \/>\nl\u2019anno, incoroner\u00e0 la vincitrice durante l\u2019Esposizione. L\u2019Artist Contest promette ancora grandi<br \/>\nemozioni grazie al lavoro live per realizzare prodotti sul tema dei 100 Anni di EICMA e 100 Anni di due<br \/>\nruote. Indian Larry Motorcycles, David Uhl, Kevin Bean&#8217;re, Charlie Gnocchi, Charly Castro solo alcuni<br \/>\nnomi degli ospiti presenti. Virgin Radio \u00e8 l\u2019emittente ufficiale dell\u2019area.<br \/>\nThe Green Planet<br \/>\nPer la prima volta The Green Planet, realizzato in collaborazione con il mensile InSella, sar\u00e0<br \/>\nun\u2019area \u201cdiffusa\u201d: tutte le aziende che propongono prodotti elettrici, qualunque sia il padiglione e lo<br \/>\nstand assegnato, saranno riconoscibili attraverso l\u2019esposizione di un bollo con il logo ormai<br \/>\nconsolidato che identifica il tema della mobilit\u00e0 sostenibile. Tale scelta offre l\u2019opportunit\u00e0 di avere la<br \/>\ndefinizione green anche se non si presentano esclusivamente veicoli verdi. Il pubblico potr\u00e0 seguire<br \/>\nun vero e proprio percorso per visitare tutte le realt\u00e0 \u201cverdi\u201d, grazie alla mappa sulla APP ufficiale di<br \/>\nEICMA.<br \/>\nI vantaggi della trazione elettrica comportano emissioni zero, costi di manutenzione ridotti, alta<br \/>\neconomia energetica e possibilit\u00e0 di integrare i consumi con soluzioni tipo freni rigenerativi, motore<br \/>\nibrido, fuel-cell, pannelli solari. Area Sicurezza<br \/>\nConfindustria ANCMA racconta lo stato dell\u2019arte delle infrastrutture italiane e l\u2019avanguardia dei<br \/>\nprodotti che le aziende propongono sul mercato per viaggiare su due ruote: questa l\u2019essenza dello<br \/>\nspazio istituzionale che vuole rappresentare il lavoro quotidiano dell\u2019associazione in materia di<br \/>\nsicurezza stradale. Una vera e propria vetrina completa sull\u2019argomento, tanto nei contenuti quanto<br \/>\nnella scenografia che li ospiter\u00e0.<br \/>\nL\u2019Associazione \u00e8 impegnata nel supporto di The safe ride to the future (\u201cGuidare in tutta sicurezza<br \/>\nverso il futuro\u201d), la nuova strategia per la sicurezza stradale finalizzata ad incrementare ulteriormente il<br \/>\nlivello di sicurezza per i motociclisti in Europa, presentata da ACEM, l\u2019Associazione dei Costruttori<br \/>\nEuropei di Motocicli. Il piano lungimirante dell&#8217;industria motociclistica segue un approccio integrato che<br \/>\nabbraccia la tecnologia dei veicoli, la formazione degli utilizzatori e la sicurezza delle infrastrutture.<br \/>\nTemporary Bikers Shop<br \/>\nUna delle tante novit\u00e0 presenti nell\u2019edizione del centenario dell\u2019Esposizione sar\u00e0 il Temporary Bikers<br \/>\nShop. Si tratta di un\u2019iniziativa speciale, realizzata in collaborazione con Subito.it, il servizio n.1 in<br \/>\nItalia per la compravendita dell&#8217;usato, e dedicata al pubblico. Nell\u2019area sar\u00e0 possibile trovare grandi<br \/>\nmarchi proposti a prezzi d\u2019occasione grazie alla presenza dei pi\u00f9 importanti dealer del mercato<br \/>\nnazionale. Dall\u2019abbigliamento alle borse, dai caschi agli pneumatici fino ad arrivare ai ricambi e ai<br \/>\ncomponenti. La novit\u00e0 sta proprio nel fatto che per la prima volta verr\u00e0 creato un vero e proprio<br \/>\noutlet per il motociclista, dove sar\u00e0 possibile toccare con mano i prodotti delle passate stagioni ed<br \/>\nessere assistito da venditori competenti.<br \/>\nL\u2019idea del temporary store ha una duplice valenza. Da un lato mira a sostenere le aziende e i<br \/>\ndealer dando loro la possibilit\u00e0 di alleggerire i propri magazzini dalla merce delle stagioni precedenti,<br \/>\ndall\u2019altro, vuole offrire al pubblico un\u2019opportunit\u00e0 esclusiva.<br \/>\n100 anni di storia verso il futuro<br \/>\nIn occasione del Centenario, EICMA realizza un\u2019area espositiva all\u2019interno della quale si pu\u00f2 fare un<br \/>\nsalto nel passato, ammirando i mezzi che sono diventare leggendari e sono stati in grado di<br \/>\ncoinvolgere intere generazioni, presenti grazie alla collaborazione con ASI (Automotoclub Storico<br \/>\nItaliano). La sfida \u00e8 raccontare l\u2019industria migliore e capace di innovazione in ogni momento storico. In<br \/>\nciascun padiglione, inoltre, diverse aziende metteranno in evidenza il percorso compiuto fino ad oggi.<br \/>\nUna strada fatta di eccellenza, esclusivit\u00e0, riconoscimenti e passione illustrati al pubblico che potr\u00e0<br \/>\nscoprire origini, identit\u00e0 ed evoluzione sviluppata negli anni. Media partner dell\u2019iniziativa \u00e8 il mensile<br \/>\nInMoto.<br \/>\nPer dare un&#8217;idea dei numeri di EICMA, 100 anni vogliono dire:<br \/>\nSuperficie occupata &gt; 2.000.000 mq<br \/>\nEspositori presenti 28.722<br \/>\nPaesi di provenienza 40<br \/>\nAnteprime Mondiali &gt; 5.000<br \/>\nPiloti che si sono esibiti in MotoLive 3.200<br \/>\nGare disputate 86<br \/>\nVisitatori &gt; 25.000.000<br \/>\nIl numero dei visitatori \u00e8 l&#8217;equivalente della popolazione complessiva di Austria, Svizzera e Portogallo<br \/>\nmesse insieme.<br \/>\nIL SETTORE<br \/>\nNegli ultimi 5 anni la produzione mondiale di due ruote a motore (2RM) \u00e8 cresciuta del +39% in<br \/>\ntermini di unit\u00e0. I Paesi Occidentali hanno sofferto invece un calo del -59% della produzione (l\u2019Europa<br \/>\ndel -54%).<br \/>\nL\u2019Italia, nonostante un calo del -52%, rimane il primo produttore europeo di 2RM.<br \/>\nAnche la produzione europea di biciclette \u00e8 calata dal 2007. Fa eccezione l\u2019Italia, dove nel 2013 la<br \/>\nproduzione di bici \u00e8 cresciuta del +22% rispetto al 2012.<br \/>\nNonostante la crescita dell\u2019export, la bilancia commerciale europea di due ruote (2R) \u00e8 rimasta<br \/>\nnegativa per -4,7 mld \u20ac. In Italia invece il saldo della bilancia commerciale nel 2013 \u00e8 stato<br \/>\npositivo per +1 mld\u20ac. Questo dato pone l\u2019Italia al terzo posto al mondo (dietro alla Cina e al<br \/>\nGiappone) per saldo attivo della bilancia commerciale a valore. Si sottolinea che, negli ultimi 20<br \/>\nanni, ha contribuito alla bilancia italiana per 16,3 mld \u20ac in totale.<br \/>\nIn Europa circolano circa 32 mln di ciclomotori e motocicli, di cui 8,6 mln solo in Italia.<br \/>\nIl giro d\u2019affari dei costruttori che hanno propri impianti di produzione in Italia \u00e8 quantificabile in 3<br \/>\nmiliardi e<br \/>\n700.000 euro (il 53% del fatturato europeo); le aziende che hanno sede in Italia impiegano circa<br \/>\n15.000<br \/>\naddetti (il 56% della manodopera europea).<br \/>\nAncora pi\u00f9 rilevante il turnover dei costruttori di parti e componenti per il mercato delle 2 ruote: 1<br \/>\nmiliardo e<br \/>\n600.000 euro (66% del giro d\u2019affari europeo) e 14.600 addetti (71% del personale impiegato in tutta<br \/>\nEuropa).<br \/>\nLa somma totale del mercato delle 2 ruote (scooter e moto immatricolate + 50cc) da gennaio a<br \/>\nsettembre 2014 raggiunge quota 157.011 veicoli, pari al -1,4% rispetto allo stesso periodo<br \/>\ndell\u2019anno scorso.<br \/>\nANCMA \u00e8 impegnata direttamente nella rimozione di tutti gli ostacoli all\u2019acquisto. In primo<br \/>\nluogo, sul fronte assicurativo, l\u2019Associazione presenter\u00e0 entro l\u2019anno un progetto, rivolto agli<br \/>\nutenti finali, per dimezzare i costi delle tariffe. Inoltre, ANCMA ha partecipato attivamente allo<br \/>\nsviluppo della proposta, presentata dall\u2019onorevole Daniele Capezzone, che prevede l\u2019abolizione<br \/>\nper il bollo moto e approvata in Commissione Finanze, che prossimamente sar\u00e0 discussa in<br \/>\nAula.<\/p>\n","protected":false},"excerpt":{"rendered":"<p>&nbsp; &nbsp; &nbsp; &nbsp; &nbsp; &nbsp; Novit\u00e0, sorprese, tendenze dentro e fuori il padiglione fieristico. L\u2019evento dedicato alle due ruote pi\u00f9 importante del mondo \u00e8 pronto per soddisfare appassionati e non e per supportare l\u2019intera filiera del settore. Nell\u2019edizione del centenario EICMA, l\u2019Esposizione Mondiale del Motociclismo, \u00e8 all\u2019avanguardia e orientata al futuro, grazie alla presentazione &hellip; <a href=\"https:\/\/www.gdapress.it\/it\/index.php\/46229\/appuntamenti\/eicma-centenario-guarda-futuro.html\" class=\"more-link\">Read more <span class=\"screen-reader-text\">EICMA &#8211; IL CENTENARIO CHE GUARDA AL FUTURO<\/span><\/a><\/p>\n","protected":false},"author":2,"featured_media":0,"comment_status":"closed","ping_status":"open","sticky":false,"template":"","format":"standard","meta":{"footnotes":""},"categories":[2245],"tags":[4577,38,748,17,13889],"class_list":["post-46229","post","type-post","status-publish","format-standard","hentry","category-appuntamenti","tag-bicicletta","tag-eicma","tag-fiera","tag-milano","tag-rho-motociclo"],"_links":{"self":[{"href":"https:\/\/www.gdapress.it\/it\/index.php\/wp-json\/wp\/v2\/posts\/46229","targetHints":{"allow":["GET"]}}],"collection":[{"href":"https:\/\/www.gdapress.it\/it\/index.php\/wp-json\/wp\/v2\/posts"}],"about":[{"href":"https:\/\/www.gdapress.it\/it\/index.php\/wp-json\/wp\/v2\/types\/post"}],"author":[{"embeddable":true,"href":"https:\/\/www.gdapress.it\/it\/index.php\/wp-json\/wp\/v2\/users\/2"}],"replies":[{"embeddable":true,"href":"https:\/\/www.gdapress.it\/it\/index.php\/wp-json\/wp\/v2\/comments?post=46229"}],"version-history":[{"count":1,"href":"https:\/\/www.gdapress.it\/it\/index.php\/wp-json\/wp\/v2\/posts\/46229\/revisions"}],"predecessor-version":[{"id":46231,"href":"https:\/\/www.gdapress.it\/it\/index.php\/wp-json\/wp\/v2\/posts\/46229\/revisions\/46231"}],"wp:attachment":[{"href":"https:\/\/www.gdapress.it\/it\/index.php\/wp-json\/wp\/v2\/media?parent=46229"}],"wp:term":[{"taxonomy":"category","embeddable":true,"href":"https:\/\/www.gdapress.it\/it\/index.php\/wp-json\/wp\/v2\/categories?post=46229"},{"taxonomy":"post_tag","embeddable":true,"href":"https:\/\/www.gdapress.it\/it\/index.php\/wp-json\/wp\/v2\/tags?post=46229"}],"curies":[{"name":"wp","href":"https:\/\/api.w.org\/{rel}","templated":true}]}}