
{"id":46212,"date":"2014-11-01T10:41:48","date_gmt":"2014-11-01T08:41:48","guid":{"rendered":"http:\/\/www.gdapress.it\/it\/?p=46212"},"modified":"2014-11-02T10:42:13","modified_gmt":"2014-11-02T08:42:13","slug":"l1-2-novembre-via-frantoi-aperti-lumbria-celebra-lolio","status":"publish","type":"post","link":"https:\/\/www.gdapress.it\/it\/index.php\/46212\/enogastronomia\/l1-2-novembre-via-frantoi-aperti-lumbria-celebra-lolio.html","title":{"rendered":"L&#8217;1 E IL 2 NOVEMBRE AL VIA FRANTOI APERTI E L&#8217;UMBRIA CELEBRA L&#8217;OLIO NUOVO"},"content":{"rendered":"<p><span style=\"color: #1a1a1a; font-family: Arial; font-size: small;\">L&#8217;1 e 2 novembre si apre in Umbria\u00a0<b style=\"font-weight: bold;\">Frantoi Aperti<\/b>, la manifestazione di respiro regionale che quest&#8217;anno compie 17 anni e che coinvolge quindici borghi e ventisette frantoi dell&#8217;Umbria.<\/span><\/p>\n<p><span style=\"color: #444444; font-family: Arial; font-size: small;\">Cuore pulsante dell&#8217; evento, per cinque fine settimana consecutivi, saranno i\u00a0<\/span><span style=\"color: #003ec4; font-family: Arial; font-size: small;\">Frantoi<\/span><span style=\"color: #1a1a1a; font-family: Arial; font-size: small;\">, dove poter incontrare<\/span><span style=\"color: #444444; font-family: Arial; font-size: small;\">\u00a0i produttori, vere e proprie sentinelle del territorio, incaricate di preservarne l&#8217;integrit\u00e0 dal punto di vista ambientale e paesaggistico, le Piazze dei borghi aderenti dove sono previste feste che animeranno i piccoli e autentici centri storici e 15 luoghi romiti, dispersi nel paesaggio olivato come pievi, abbazie, antiche torri.<br \/>\n<\/span><span style=\"color: #1a1a1a; font-family: Arial; font-size: small;\"><br \/>\nUn evento che si propone di far conoscere e assaporare uno stile di vita legato al mondo rurale, alle tradizioni, alla civilt\u00e0 contadina a partire dalla raccolta delle olive e dalla produzione dell&#8217;olio d&#8217;oliva dop dell&#8217;Umbria, che si rivitalizza e che trae nuova linfa dai pi\u00f9 moderni strumenti della tecnologia di comunicazione.<br \/>\nI borghi al debutto sono Assisi con UNTO (Unesco, Natura, Territorio, Olio), Giano dell&#8217;Umbria con la Mangiaunta , Piegaro con il TerritOlio di Piegaro, Spoleto con la Giornata Nazionale del trekking urbano e la mostra convegno di micologia:funghi ed erbe spontanee l&#8217;orto di casa mia e Trevi con Festivol, tra Olio Arte Musica e Papille.<\/span><\/p>\n<p>Ad Assisi UNTO:<br \/>\nnella piazza principale mostra mercato olio e prodotti tipici, nei tre giorni della manifestazione, nella Piazza del Comune si assagger\u00e0 pane caldo, offerto e fatto con farine selezionate dal Molino sul Clitunno di Trevi, con olio appena franto, nella sala delle volte #artigianiinnovatori, giovani artigiani\u00a0<span style=\"color: #141414; font-family: Arial; font-size: small;\">umbri che hanno avuto il coraggio di continuare a fare ci\u00f2 che sapevano fare, affacciandosi con la propria piccola realt\u00e0 ad un mondo globale, mantenendo la propria identit\u00e0; attrazione per appassionati di qualit\u00e0, di nuove idee, di piccolo, di buono, anche &#8220;imperfetto&#8221;, di raro, di cultura ed identit\u00e0, tutte caratteristiche che sono proprie anche del nostro territorio e di chi ci lavora.<\/span><span style=\"color: #1a1a1a; font-family: Arial; font-size: small;\">in mostra scuola di cucina, visite guidate.<\/span><\/p>\n<p>A Trevi Festivol, tra olio arte musica e papille : a Villa Fabri mostra mercato dell&#8217; olio nuovo, degustazioni; in piazza del comune, si assagger\u00e0 pane caldo, offerto e fatto con farine selezionate dal Molino sul Clitunno di Trevi, con olio appena franto, c&#8217;\u00e8 il mercato del contadino, mercato dei presidi slow food, Visite nei palazzi storici della citt\u00e0 dove poter fare assaggi di presidi slowfood, laboratori di cucina, Sensational Umbria di Steve Mc Curry sui paesaggi Umbri, passeggiate.<\/p>\n<p>A Giano dell&#8217; Umbria : La mangiaunta passeggiata gastronomica nei frantoi, dove sono previsti abbinamenti di olio con prodotti tipici umbri, giro nei castelli gianesi, degustazioni di olio e vino, sedano nero e rocciata.<\/p>\n<p>A Piegaro TerritOlio di Piegaro: visite guidate della citt\u00e0 e del museo del vetro. Visite ai Frantoi, con navette dove \u00e8 prevista la sosta all&#8217;abbazia dei Sette frati, con assaggio di olio e prodotti tipici nel frantoio adiacente.<\/p>\n<p>Questi gli altri ingredienti di Frantoi Aperti:<br \/>\n<b style=\"font-weight: bold;\">La musica e il teatro\u00a0<\/b>saranno un ingrediente fondamentale per questo fine settimana: nella giornata di sabato 1 novembre concerti di musica tradizionale e popolare ed esibizioni teatrali animeranno le piazze con &#8220;Cogli la prima mela&#8221; ad Assisi, la pizzica dei Takatatum a Trevi e la Takaband street band del Trasimeno a Piegaro, mentre domenica 2 novembre ad Assisi l&#8217;Athanasius Duo e i FourB per finire con lo spettacolo del Calendimaggio della nobilissima parte de Sopra; a Giano dell&#8217;Umbria in scena, presso la Chiesa di s. Francesco l&#8217;orchestra da Camera di Perugia con il Concerto alla Rustica e a Trevi Stefano Cipiciani in &#8220;Ricordi con guerra&#8221;.<\/p>\n<p><b style=\"font-weight: bold;\">Mostra di Arte Contemporanea #CHIAVEUMBRA\u00a0<\/b>nei comuni di Giano, Trevi, Piegaro, e Assisi, prendendo le navette dirette ai frantoi, i visitatori sosteranno in luoghi romiti immersi in uliveti, come antiche pievi, vecchi opifici, dove all&#8217; interno si trover\u00e0 una mostra di arte contemporanea, denominata #Chiave Umbra, una delle novit\u00e0 di questa edizione di Frantoi Aperti.<\/p>\n<p><b style=\"font-weight: bold;\">Passeggiate e visite Guidate<br \/>\n<\/b>a Trevi sabato 1 novembre alle ore 10.30 con partenza da piazza Mazzini trekking fino a Manciano tra oliveti e castagneti e alle ore 11 da Piazza Mazzini visita guidata della citt\u00e0 e delle chiese barocche con&#8221; Dino il primo cittadino&#8221;, alle ore 15.30 visita guidata del Museo della Civilt\u00e0 dell&#8217;Olivo, domenica 2 novembre alle ore 9 da Piazza Garibaldi navetta per le Canapine con approfondimenti sul Sedano Nero e a seguire laboratorio di cucina mentre alle 9.00 da Piazza Mazzini trekking tra vigne e oliveti con caccia al tartufo e degustazione (prenotazione obbligatoria (3281421980)<\/p>\n<p>Ad Assisi sabato 1 novembre ore 9.45 con partenza da Piazza del Comune passeggiata naturalistica con visita guidata al Giardin dei Semplici ,al Bosco di S.Francesco e al Terzo Paradiso. Domenica 2 novembre alle ore 9.30 con partenza da Piazza del Comune passeggiata al Parco del monte Subasio con soste all&#8217; Eremo delle Carceri, all&#8217; abbazia benedettina e pranzo in agriturismo, (tel\u00a0<span style=\"color: #003ec4; font-family: Arial; font-size: small;\"><span style=\"text-decoration: underline;\">+39 0758019032<\/span><\/span><span style=\"color: #1a1a1a; font-family: Arial; font-size: small;\">)<\/span><\/p>\n<p>A Giano sabato 1 novembre alle ore 14.30 da Piazza S.Francesco &#8220;Passeggiando tra gli ulivi&#8221; e domenica 2 novembre dalle ore 15.00 &#8220;Oleovagando per castelli gianesi tra storia e leggenda&#8221;; alle ore 16 &#8220;ItineranTangOil&#8221; . al termine degli itinerari ai partecipanti verr\u00e0 donata una bottiglietta di olio d&#8217;oliva.<\/p>\n<p>a Piegaro sabato 1 novembre alle ore 15.00 partenza dal Museo del Vetro &#8220;Il TerritOlio di Piegaro e domenica 2 novembre dalle 10 alle 18.30 visita ai frantoi e alla Badia dei Sette Frati, dove nell&#8217;adiacente frantoio saranno tenuti corsi di pittura, massaggi e creazione di saponi il tutto rigorosamente a base di olio d&#8217;oliva.<\/p>\n<p><b style=\"font-weight: bold;\">Tavole rotonde e convegni<\/b>\u00a0Ad Assisi sabato 1 novembre alle ore 18 nella Sala della Conciliazione Tavola rotonda #Artigianiinnovatori: Idee, startup e manualit\u00e0 creative in collaborazione con\u00a0<span style=\"color: #003ec4; font-family: Arial; font-size: small;\"><span style=\"text-decoration: underline;\">www.wwworkers.it<\/span><\/span><span style=\"color: #1a1a1a; font-family: Arial; font-size: small;\">\u00a0con Giampaolo Colletti digital story teller, e giornalista per Gruppo24Ore (community degli artigiani in rete). Sar\u00e0 una occasione per ascoltare le storie degli artigiani dove gli artigiani racconteranno le proprie storie.<br \/>\nDomenica 2 novembre alle ore 10 alla Sala della Conciliazione &#8220;Olivo e olio un patrimonio dell&#8217;Umbria francescana&#8221; con l&#8217;assessore regionale all&#8217;Agricoltura Fernanda Cecchini.<\/span><\/p>\n<p>A Trevi Domenica 2 alle ore 10 al Teatro Clitunno si terr\u00e0 la proclamazione del vincitore del<span style=\"color: #444444; font-family: Arial; font-size: small;\"><b style=\"font-weight: bold;\"><i style=\"font-style: italic;\">\u00a0Premio giornalistico nazionale Reporter\u00a0<\/i>Gourmet<\/b>presieduto<i style=\"font-style: italic;\">\u00a0da<b style=\"font-weight: bold;\">\u00a0<\/b><\/i>Giuseppe Cerasa &#8211; di Repubblica, in occasione del ventennale dell&#8217;Associazione Nazionale Citt\u00e0 dell&#8217;Olio<br \/>\n<\/span><span style=\"color: #444444; font-family: Arial;\"><br \/>\n<\/span><span style=\"color: #1a1a1a; font-family: Arial;\"><br \/>\n<\/span><\/p>\n","protected":false},"excerpt":{"rendered":"<p>L&#8217;1 e 2 novembre si apre in Umbria\u00a0Frantoi Aperti, la manifestazione di respiro regionale che quest&#8217;anno compie 17 anni e che coinvolge quindici borghi e ventisette frantoi dell&#8217;Umbria. Cuore pulsante dell&#8217; evento, per cinque fine settimana consecutivi, saranno i\u00a0Frantoi, dove poter incontrare\u00a0i produttori, vere e proprie sentinelle del territorio, incaricate di preservarne l&#8217;integrit\u00e0 dal punto &hellip; <a href=\"https:\/\/www.gdapress.it\/it\/index.php\/46212\/enogastronomia\/l1-2-novembre-via-frantoi-aperti-lumbria-celebra-lolio.html\" class=\"more-link\">Read more <span class=\"screen-reader-text\">L&#8217;1 E IL 2 NOVEMBRE AL VIA FRANTOI APERTI E L&#8217;UMBRIA CELEBRA L&#8217;OLIO NUOVO<\/span><\/a><\/p>\n","protected":false},"author":2,"featured_media":0,"comment_status":"closed","ping_status":"open","sticky":false,"template":"","format":"standard","meta":{"footnotes":""},"categories":[20],"tags":[2626,60],"class_list":["post-46212","post","type-post","status-publish","format-standard","hentry","category-enogastronomia","tag-frantoi-aperti","tag-umbria"],"_links":{"self":[{"href":"https:\/\/www.gdapress.it\/it\/index.php\/wp-json\/wp\/v2\/posts\/46212","targetHints":{"allow":["GET"]}}],"collection":[{"href":"https:\/\/www.gdapress.it\/it\/index.php\/wp-json\/wp\/v2\/posts"}],"about":[{"href":"https:\/\/www.gdapress.it\/it\/index.php\/wp-json\/wp\/v2\/types\/post"}],"author":[{"embeddable":true,"href":"https:\/\/www.gdapress.it\/it\/index.php\/wp-json\/wp\/v2\/users\/2"}],"replies":[{"embeddable":true,"href":"https:\/\/www.gdapress.it\/it\/index.php\/wp-json\/wp\/v2\/comments?post=46212"}],"version-history":[{"count":2,"href":"https:\/\/www.gdapress.it\/it\/index.php\/wp-json\/wp\/v2\/posts\/46212\/revisions"}],"predecessor-version":[{"id":46214,"href":"https:\/\/www.gdapress.it\/it\/index.php\/wp-json\/wp\/v2\/posts\/46212\/revisions\/46214"}],"wp:attachment":[{"href":"https:\/\/www.gdapress.it\/it\/index.php\/wp-json\/wp\/v2\/media?parent=46212"}],"wp:term":[{"taxonomy":"category","embeddable":true,"href":"https:\/\/www.gdapress.it\/it\/index.php\/wp-json\/wp\/v2\/categories?post=46212"},{"taxonomy":"post_tag","embeddable":true,"href":"https:\/\/www.gdapress.it\/it\/index.php\/wp-json\/wp\/v2\/tags?post=46212"}],"curies":[{"name":"wp","href":"https:\/\/api.w.org\/{rel}","templated":true}]}}