
{"id":46020,"date":"2014-10-27T18:05:23","date_gmt":"2014-10-27T16:05:23","guid":{"rendered":"http:\/\/www.gdapress.it\/it\/?p=46020"},"modified":"2014-10-27T18:05:23","modified_gmt":"2014-10-27T16:05:23","slug":"vince-matera-esulta-milano-franco-presicci","status":"publish","type":"post","link":"https:\/\/www.gdapress.it\/it\/index.php\/46020\/cultura\/vince-matera-esulta-milano-franco-presicci.html","title":{"rendered":"Vince Matera.  Esulta anche Milano  di Franco Presicci"},"content":{"rendered":"<p><a href=\"http:\/\/www.gdapress.it\/it\/..\/public\/it\/2014\/10\/578495_10151574190728385_866324609_n.jpg\"><img loading=\"lazy\" decoding=\"async\" class=\"alignleft size-medium wp-image-46021\" src=\"http:\/\/www.gdapress.it\/it\/..\/public\/it\/2014\/10\/578495_10151574190728385_866324609_n-300x247.jpg\" alt=\"578495_10151574190728385_866324609_n\" width=\"300\" height=\"247\" srcset=\"https:\/\/www.gdapress.it\/it\/..\/public\/it\/2014\/10\/578495_10151574190728385_866324609_n-300x247.jpg 300w, https:\/\/www.gdapress.it\/it\/..\/public\/it\/2014\/10\/578495_10151574190728385_866324609_n-485x400.jpg 485w, https:\/\/www.gdapress.it\/it\/..\/public\/it\/2014\/10\/578495_10151574190728385_866324609_n.jpg 752w\" sizes=\"auto, (max-width: 300px) 100vw, 300px\" \/><\/a><\/p>\n<p>Sar\u00e0 contento Raffaele Nigro, nato a Melfi (domicilio estivo di Federico II), autore di tanti libri, tra cui \u201cI fuochi del Basento\u201d, Premio Campiello nel 1987. E contenti sarebbero Giustino Fortunato, grande meridionalista di Rionero in Vulture; e Carlo Levi, che in Lucania scont\u00f2 il confino negli anni \u201935\u201336, cominciando ad innamorarsene \u201cdopo aver intuita l\u2019oscura virt\u00f9 di questa terra spoglia. . . .\u201d; e Rocco Scotellaro (\u201cL\u2019uva puttanella\u201d. . . .), che era di Tricarico.<\/p>\n<p>&nbsp;<\/p>\n<p>E Giovanni Russo, che nel \u201950 pubblic\u00f2 \u201cBaroni e contadini\u201d, con due capitoli, fra gli altri, dedicati ai \u201cSegreti di Potenza\u201d e a \u201cLe bandiere di San Severo\u201d (le insegne delle cantine, dove il paese custodisce la sua ricchezza, quel vino che vengono a caricare sulle grosse autobotti le ditte piemontesi. . . .\u201d). Russo, nato a Salerno, giornalista prima a \u201cIl Mondo\u201d di Pannunzio, quindi al \u201cCorriere della Sera\u201d, ha sempre considerato la Lucania la propria terra, avendovi respirato l\u2019aria da bambino. \u00c8 l\u00ec \u201cche ho appreso dai miei maestri il valore del rispetto, della libert\u00e0, della democrazia\u201d.<\/p>\n<p><a href=\"http:\/\/www.gdapress.it\/it\/..\/public\/it\/2014\/10\/543359_419238931423463_117805711_n.jpg\"><img loading=\"lazy\" decoding=\"async\" class=\"alignleft size-medium wp-image-46022\" src=\"http:\/\/www.gdapress.it\/it\/..\/public\/it\/2014\/10\/543359_419238931423463_117805711_n-300x225.jpg\" alt=\"543359_419238931423463_117805711_n\" width=\"300\" height=\"225\" srcset=\"https:\/\/www.gdapress.it\/it\/..\/public\/it\/2014\/10\/543359_419238931423463_117805711_n-300x225.jpg 300w, https:\/\/www.gdapress.it\/it\/..\/public\/it\/2014\/10\/543359_419238931423463_117805711_n-500x375.jpg 500w, https:\/\/www.gdapress.it\/it\/..\/public\/it\/2014\/10\/543359_419238931423463_117805711_n.jpg 960w\" sizes=\"auto, (max-width: 300px) 100vw, 300px\" \/><\/a><\/p>\n<p>&nbsp;<\/p>\n<p>La Lucania, che generosamente offre all\u2019ospite la sua bellezza naturale, straordinaria, pu\u00f2 essere fiera: Matera, citt\u00e0 dallo scenario spettacolare, incomparabile, \u00e8 stata eletta a capitale europea per la cultura 2019. La prima citt\u00e0 del Sud a ricevere questo alto, sospirato riconoscimento, preceduto da quello riservato, nel \u201993, dall\u2019Unesco ai suoi Sassi come patrimonio dell\u2019umanit\u00e0.<\/p>\n<p>&nbsp;<\/p>\n<p>Grande soddisfazione, anche per noi pugliesi, visto che Matera, come diceva anche Piovene, \u201c\u00e8 quasi parte della nostra regione\u201d. Vero, Francesco Lenoci? Lo chiedo al professore, docente all\u2019Universit\u00e0 Cattolica del Sacro Cuore di Milano e vicepresidente dell\u2019Associazione Regionale Pugliesi di Milano, mentre facciamo <em>quater pass<\/em> in Galleria Vittorio Emanuele, a Milano, dalla Libreria Rizzoli al Savini per uscire alla fine in piazza Duomo, che formicola di gente sotto lo sguardo vigile di Vittorio Emanuele II a cavallo.<\/p>\n<p>&nbsp;<\/p>\n<p>Il mio interlocutore \u00e8 felice come una Pasqua, da quando gli \u00e8 apparsa sul telefonino la notizia della promozione di Matera. \u201cUna citt\u00e0 che affascina \u2013 commenta \u2013; una citt\u00e0 sprovvista di monumenti rilevanti, ma essa stessa opera d\u2019arte eccezionale, per la sua architettura rupestre, e non solo\u201d.<\/p>\n<p><a href=\"http:\/\/www.gdapress.it\/it\/..\/public\/it\/2014\/10\/10659205_10203603717626742_1522985547151844372_n.jpg\"><img loading=\"lazy\" decoding=\"async\" class=\"alignleft size-medium wp-image-46023\" src=\"http:\/\/www.gdapress.it\/it\/..\/public\/it\/2014\/10\/10659205_10203603717626742_1522985547151844372_n-300x168.jpg\" alt=\"10659205_10203603717626742_1522985547151844372_n\" width=\"300\" height=\"168\" srcset=\"https:\/\/www.gdapress.it\/it\/..\/public\/it\/2014\/10\/10659205_10203603717626742_1522985547151844372_n-300x168.jpg 300w, https:\/\/www.gdapress.it\/it\/..\/public\/it\/2014\/10\/10659205_10203603717626742_1522985547151844372_n-500x281.jpg 500w, https:\/\/www.gdapress.it\/it\/..\/public\/it\/2014\/10\/10659205_10203603717626742_1522985547151844372_n.jpg 960w\" sizes=\"auto, (max-width: 300px) 100vw, 300px\" \/><\/a><\/p>\n<p>Il professor Lenoci ha tenuto una conferenza a Matera, <em>metropolis eximia<\/em>, <em>origine peruetusta<\/em>, il 22 marzo 2013, presso lo stupefacente Salone degli Stemmi dell\u2019Episcopio.<\/p>\n<p>&nbsp;<\/p>\n<p>Quella sera, avviandosi alla conclusione della sua relazione \u201cFare Impresa per Organizzare la Speranza\u201d, fece un regalo al progetto di Matera Capitale Europea della Cultura per il 2019: la meravigliosa definizione di Cultura di don Tonino Bello.<\/p>\n<p>&nbsp;<\/p>\n<p>\u201cCultura \u00e8 impegno, servizio agli altri, promozione umana come il riconoscimento della persona libera, dignitosa e responsabile. Cultura \u00e8 cemento della convivenza, orizzonte complessivo, strumento di orientamento, alimento di vita. L\u2019elaborazione culturale \u00e8 una via obbligata per individuare stili di vita, modalit\u00e0 di presenza e di comunicazione, attenzione alle attese delle persone e della societ\u00e0, per esprimere le ragioni della speranza e accettare responsabilit\u00e0 in spirito di servizio\u201d.<\/p>\n<p>&nbsp;<\/p>\n<p>Concluse, affermando che \u201ccon una simile definizione di Cultura niente \u00e8 precluso, tutto \u00e8 possibile: anche che i Sassi, i pi\u00f9 famosi sassi del mondo, un patrimonio dell\u2019umanit\u00e0. . . . finalmente. . . . inizino a danzare\u201d.<\/p>\n<p>&nbsp;<\/p>\n<p>L\u2019hanno definita in vari modi, Matera: \u201ccitt\u00e0 di pietra\u201d, \u201ccitt\u00e0 dei Sassi\u201d, \u201ccitt\u00e0 sotterranea\u201d. Comunque la si voglia indicare, ha origini antichissime, risalenti alla preistoria e sub\u00ec il dominio di Roma e l\u2019occupazione di bizantini, longobardi, e via dicendo. Da allora ne ha riversato di acqua, il Basento, che scorre in fondo al precipizio, nel Golfo di Taranto.<\/p>\n<p>&nbsp;<\/p>\n<p>\u201cSono cinque anni che lavoriamo a progetti straordinari \u2013 ha riferito con orgoglio il sindaco Salvatore Adduce \u2013 noi siamo il malleolo dello Stivale, generalmente ritenuto una zona poco ospitale\u201d. Questa chiacchiera \u00e8 stata vanificata e Matera \u2013 ha aggiunto il primo cittadino \u2013 pu\u00f2 essere un esempio non solo per il Sud.<\/p>\n<p>&nbsp;<\/p>\n<p>Al tempo in cui Guido Piovene, tra il \u201953 e il \u201956, comp\u00ec per la Rai un viaggio attraverso il nostro Paese, la popolazione dei Sassi era fatta prevalentemente di contadini, che vivevano in condizioni igieniche disastrose e che, per andare nei campi a curare la terra, macinavano una ventina di chilometri al giorno. In piedi gi\u00e0 alle due del mattino, e via con zappe e altri attrezzi seguiti da somari e muli. Dalle pareti dei Sassi bucherellate usciva appena la luce fioca di un lume a petrolio o di una candela. Nelle case qualcuno rimaneva per fare da mangiare.<\/p>\n<p>&nbsp;<\/p>\n<p>Nel dopoguerra si cominci\u00f2 a pensare che occorreva sgombrare i Sassi, il Caveoso e il Barisano, per collocare gli abitanti in luoghi pi\u00f9 decenti. E si eressero costruzioni pi\u00f9 vicine alla citt\u00e0, interi quartieri, come la Martella. Attorno ai cantieri si svilupparono polemiche vivaci, alimentate da chi considerava una violenza il proposito di devitalizzare lo strapiombo, una meraviglia invidiabile, un colpo di genio della natura. \u00c8 sempre difficile trovare l\u2019armonia. Gli stessi abitanti delle grotte erano indecisi se lasciarle o opporsi, legati com\u2019erano non solo all\u2019ambiente, ma anche al vicinato. Alcuni erano propensi a trasferirsi, a patto che nel nuovo contesto vi ritrovassero gli stessi fiati di sempre: gli stessi coinquilini.<\/p>\n<p>&nbsp;<\/p>\n<p>\u201cMatera \u2013 scriveva Piovene \u2013 \u00e8, come tutta la Lucania, terreno adatto agli esperimenti sociali; ed \u00e8 stata scelta perci\u00f2 come provincia pilota per l\u2019istruzione, con Foggia, Catanzaro, Sassari. . . .\u201d. E ancora: \u201cLe bonifiche e la riforma agraria sono di gran lunga gli avvenimenti pi\u00f9 importanti della zona. . . . che sub\u00ec l\u2019isolamento, la lunghissima decadenza, la terra ingrata. . . .\u201d.<\/p>\n<p>&nbsp;<\/p>\n<p>I fermenti culturali a Matera non si contano. Non da oggi. E neppure le testimonianze artistiche: la cattedrale romanico-pugliese edificata nel XIII secolo nel punto pi\u00f9 alto della Civita, che separa i due Sassi; il Castello Tramontano in stile aragonese. . . . . E poi l\u2019abilit\u00e0 degli artigiani nella lavorazione del ferro battuto; e dei figuli che dall\u2019argilla ricavano oggetti di ottima fattura, come il fischietto, detto cuc\u00f9, con la sagoma del gallo, simbolo di prosperit\u00e0.<\/p>\n<p>&nbsp;<\/p>\n<p>Lenoci, melomane e appassionato di cinema, ricorda i film in Lucania: \u201cLa passione di Cristo\u201d di Mel Gibson nel 2004. S\u00ec, ma anche \u201cIl Vangelo secondo Matteo\u201d di Pier Pasolini, nel \u201964; \u201cLa lupa\u201d di Alberto Lattuada nel \u201953; \u201cCristo si \u00e8 fermato ad Eboli\u201d di Francesco Rosi, nel \u201979, con Gian Maria Volont\u00e8, Irene Papas, Lea Massari, tratto dal libro, uno dei pi\u00f9 letti in tutto il mondo, di Carlo Levi, medico e scrittore antifascista torinese, che fu colpito dalla bellezza di Matera, ed ebbe un attimo di malinconia mentre stava per tornare al Nord. I contadini avrebbero voluto bucare le gomme della vettura che lo avrebbe prelevato. Lo amavano e stimavano. Promise che sarebbe tornato. Certo che oggi sarebbe contento anche lui.<\/p>\n","protected":false},"excerpt":{"rendered":"<p>Sar\u00e0 contento Raffaele Nigro, nato a Melfi (domicilio estivo di Federico II), autore di tanti libri, tra cui \u201cI fuochi del Basento\u201d, Premio Campiello nel 1987. E contenti sarebbero Giustino Fortunato, grande meridionalista di Rionero in Vulture; e Carlo Levi, che in Lucania scont\u00f2 il confino negli anni \u201935\u201336, cominciando ad innamorarsene \u201cdopo aver intuita &hellip; <a href=\"https:\/\/www.gdapress.it\/it\/index.php\/46020\/cultura\/vince-matera-esulta-milano-franco-presicci.html\" class=\"more-link\">Read more <span class=\"screen-reader-text\">Vince Matera.  Esulta anche Milano  di Franco Presicci<\/span><\/a><\/p>\n","protected":false},"author":2,"featured_media":0,"comment_status":"closed","ping_status":"open","sticky":false,"template":"","format":"standard","meta":{"footnotes":""},"categories":[5],"tags":[13828,17447,7775,1949],"class_list":["post-46020","post","type-post","status-publish","format-standard","hentry","category-cultura","tag-13828","tag-cultura","tag-lenoci","tag-matera"],"_links":{"self":[{"href":"https:\/\/www.gdapress.it\/it\/index.php\/wp-json\/wp\/v2\/posts\/46020","targetHints":{"allow":["GET"]}}],"collection":[{"href":"https:\/\/www.gdapress.it\/it\/index.php\/wp-json\/wp\/v2\/posts"}],"about":[{"href":"https:\/\/www.gdapress.it\/it\/index.php\/wp-json\/wp\/v2\/types\/post"}],"author":[{"embeddable":true,"href":"https:\/\/www.gdapress.it\/it\/index.php\/wp-json\/wp\/v2\/users\/2"}],"replies":[{"embeddable":true,"href":"https:\/\/www.gdapress.it\/it\/index.php\/wp-json\/wp\/v2\/comments?post=46020"}],"version-history":[{"count":1,"href":"https:\/\/www.gdapress.it\/it\/index.php\/wp-json\/wp\/v2\/posts\/46020\/revisions"}],"predecessor-version":[{"id":46024,"href":"https:\/\/www.gdapress.it\/it\/index.php\/wp-json\/wp\/v2\/posts\/46020\/revisions\/46024"}],"wp:attachment":[{"href":"https:\/\/www.gdapress.it\/it\/index.php\/wp-json\/wp\/v2\/media?parent=46020"}],"wp:term":[{"taxonomy":"category","embeddable":true,"href":"https:\/\/www.gdapress.it\/it\/index.php\/wp-json\/wp\/v2\/categories?post=46020"},{"taxonomy":"post_tag","embeddable":true,"href":"https:\/\/www.gdapress.it\/it\/index.php\/wp-json\/wp\/v2\/tags?post=46020"}],"curies":[{"name":"wp","href":"https:\/\/api.w.org\/{rel}","templated":true}]}}