
{"id":45978,"date":"2014-10-27T09:43:35","date_gmt":"2014-10-27T07:43:35","guid":{"rendered":"http:\/\/www.gdapress.it\/it\/?p=45978"},"modified":"2014-10-27T09:45:42","modified_gmt":"2014-10-27T07:45:42","slug":"arte-solidarieta-per-nuova-casa-pediatrica-fatebenefratelli-milano","status":"publish","type":"post","link":"https:\/\/www.gdapress.it\/it\/index.php\/45978\/medicina\/arte-solidarieta-per-nuova-casa-pediatrica-fatebenefratelli-milano.html","title":{"rendered":"ARTE e SOLIDARIETA&#8217; per la nuova CASA PEDIATRICA A.O. Fatebenefratelli- Milano"},"content":{"rendered":"<div style=\"color: #444444;\">\n<div align=\"center\"><span style=\"color: #800000;\">La nuova\u00a0<i style=\"font-style: italic;\">Casa Pediatrica<\/i>\u00a0dell\u2019Azienda Ospedaliera Fatebenefratelli<\/span><\/div>\n<div align=\"center\"><span style=\"color: #800000;\">riapre i battenti con un grande progetto di arte e solidariet\u00e0.<\/span><\/div>\n<div align=\"center\">Via Fatebenesorelle, 14 &#8211; Milano<\/div>\n<div align=\"center\"><\/div>\n<div align=\"center\"><\/div>\n<div><\/div>\n<div><\/div>\n<p><img loading=\"lazy\" decoding=\"async\" src=\"https:\/\/dub127.mail.live.com\/Handlers\/ImageProxy.mvc?bicild=&amp;canary=T4BvdHst8sGILi3Uz7Bd8b5WSEstcxAujmmmLHjOcyg%3d0&amp;url=http%3a%2f%2fimg2.ymlp215.net%2ftubm_MendiniAlessandro_1.jpg\" alt=\"\" width=\"627\" height=\"364\" \/><\/p>\n<p>Il bozzetto per la Nuova Casa Pediatrica di Alessandro Mendini<\/p>\n<div><\/div>\n<div><\/div>\n<div>E&#8217; stata presentata \u00a0la nuova\u00a0<b style=\"font-weight: bold;\"><i style=\"font-style: italic;\">Casa Pediatrica<\/i><\/b>\u00a0dell\u2019Azienda Ospedaliera Fatebenefratelli di Milano. Diretta dal<b style=\"font-weight: bold;\">Professor Luca Bernardo<\/b>, la struttura riapre i battenti<b style=\"font-weight: bold;\">\u00a0<\/b>dopo un importante intervento di restauro, durato un anno e mezzo, che ha visto il nuovo Reparto prendere nuova forma e vita.<\/div>\n<div><\/div>\n<div>Il Reparto, il Pronto Soccorso, l\u2019area dedicata al Disagio Adolescenziale e i tanti Ambulatori che compongono la Casa Pediatrica hanno beneficiato del contributo di tanti privati e aziende.<\/div>\n<div>La grande novit\u00e0 della nuova Casa Pediatrica \u00e8 il progetto\u00a0<b style=\"font-weight: bold;\"><i style=\"font-style: italic;\">Arte come Terapia<\/i><\/b>, da un\u2019idea di\u00a0<b style=\"font-weight: bold;\">Donata Berger<\/b>, per coniugare arte e solidariet\u00e0 in una avventura comune: ventuno artisti e designer, coordinati da\u00a0<b style=\"font-weight: bold;\">Margherita Sigill\u00f2<\/b>\u00a0per C-Zone, sono stati invitati a partecipare all\u2019iniziativa e hanno prestato gratuitamente la loro creativit\u00e0, realizzando un\u2019opera ciascuno, secondo il proprio stile e linguaggio espressivo, intervenendo sulle pareti di 16 delle 18 stanze di degenza e in alcune aree comuni del reparto.<\/div>\n<div><\/div>\n<div>Gli artisti selezionati \u00a0&#8211; e che hanno partecipato con entusiasmo al progetto &#8211; sono:\u00a0<i style=\"font-style: italic;\">Irene\u00a0<\/i><i style=\"font-style: italic;\">Balia, Atelier Biagetti,\u00a0<\/i><i style=\"font-style: italic;\">Lia Bosch, Marianna Bussola, Paolo dell\u2019Elce, Maurizio De Lotto, Fanbo, Marco Ferreri, Elio Fiorucci, Matteo Guarnaccia, Alessandro Guerriero, Daniele Innamorato, Anastasia Kucherova per Stefano Boeri Architetti, Angelo Lang\u00e8, Alessandro Mendini, Fulvia Mendini, Samuele Menin, Neon, Federica Perazzoli, Sees, ShineRoyal, Simona Uberto, Uncut studio, Gianni Veneziano, Maurizio Zorat<\/i>.<\/div>\n<div><\/div>\n<div><b style=\"font-weight: bold;\">Arte come Terapia<\/b>\u00a0\u00e8 un\u2019iniziativa che mette insieme le migliori energie della citt\u00e0 di Milano, grazie alla quale il reparto \u00e8 divenuto un luogo pi\u00f9 colorato e allegro per i giovani degenti e, allo stesso tempo ha dato vita a una nuova collezione d\u2019arte, una vera e propria \u201cgalleria permanente\u201d all\u2019interno dell\u2019Ospedale Fatebenefratelli.<\/div>\n<div><\/div>\n<div>Il progetto ha ottenuto il Patrocinio del Comune di Milano e di EXPO Milano 2015. Alla presentazione ufficiale della nuova\u00a0<b style=\"font-weight: bold;\"><i style=\"font-style: italic;\">Casa Pediatrica<\/i><\/b>\u00a0dell\u2019Azienda Ospedaliera Fatebenefratelli di Milano,sono intervenute le madrine\u00a0<b style=\"font-weight: bold;\">Donata Berger<\/b>\u00a0e\u00a0<b style=\"font-weight: bold;\">Michelle Hunziker\u00a0<\/b>e l\u2019ambasciatrice\u00a0<b style=\"font-weight: bold;\">Gabriella Magnoni Domp\u00e9<\/b>.<\/div>\n<div><\/div>\n<\/div>\n<div style=\"color: #444444;\">\n<div><\/div>\n<div><b style=\"font-weight: bold;\">UN RINGRAZIAMENTO PARTICOLARE<br \/>\n<\/b><i style=\"font-style: italic;\">per il coinvolgimento degli artisti a<br \/>\n<\/i>Donata Berger, Luciana Di Virgilio, Paola C. Manfredi, Margherita Sigill\u00f2, Erika Suzuki<\/div>\n<div><i style=\"font-style: italic;\">per il grande sostegno a<br \/>\n<\/i>Tomaso Trussardiper il supporto nell\u2019attivit\u00e0 di Comunicazione a<br \/>\nFrancesca Sironi&nbsp;<\/p>\n<p><i style=\"font-style: italic;\">per il prezioso contributo<\/i><b style=\"font-weight: bold;\">\u00a0<\/b><i style=\"font-style: italic;\">a<\/i><b style=\"font-weight: bold;\"><br \/>\n<\/b>Valia Barriello, Simonetta Lang\u00e8, Silvia Mei, David Moscato, Giovanna Salvioni, Claudia Sesana<\/div>\n<div><\/div>\n<div><b style=\"font-weight: bold;\">GRAZIE A TUTTE LE SOCIETA\u2019 GENEROSAMENTE INTERVENUTE<\/b><\/div>\n<div align=\"center\"><\/div>\n<\/div>\n","protected":false},"excerpt":{"rendered":"<p>La nuova\u00a0Casa Pediatrica\u00a0dell\u2019Azienda Ospedaliera Fatebenefratelli riapre i battenti con un grande progetto di arte e solidariet\u00e0. Via Fatebenesorelle, 14 &#8211; Milano Il bozzetto per la Nuova Casa Pediatrica di Alessandro Mendini E&#8217; stata presentata \u00a0la nuova\u00a0Casa Pediatrica\u00a0dell\u2019Azienda Ospedaliera Fatebenefratelli di Milano. Diretta dalProfessor Luca Bernardo, la struttura riapre i battenti\u00a0dopo un importante intervento di restauro, &hellip; <a href=\"https:\/\/www.gdapress.it\/it\/index.php\/45978\/medicina\/arte-solidarieta-per-nuova-casa-pediatrica-fatebenefratelli-milano.html\" class=\"more-link\">Read more <span class=\"screen-reader-text\">ARTE e SOLIDARIETA&#8217; per la nuova CASA PEDIATRICA A.O. Fatebenefratelli- Milano<\/span><\/a><\/p>\n","protected":false},"author":2,"featured_media":0,"comment_status":"closed","ping_status":"open","sticky":false,"template":"","format":"standard","meta":{"footnotes":""},"categories":[10],"tags":[13817,2884,17],"class_list":["post-45978","post","type-post","status-publish","format-standard","hentry","category-medicina","tag-casa-pediatrica","tag-fatebenefratelli","tag-milano"],"_links":{"self":[{"href":"https:\/\/www.gdapress.it\/it\/index.php\/wp-json\/wp\/v2\/posts\/45978","targetHints":{"allow":["GET"]}}],"collection":[{"href":"https:\/\/www.gdapress.it\/it\/index.php\/wp-json\/wp\/v2\/posts"}],"about":[{"href":"https:\/\/www.gdapress.it\/it\/index.php\/wp-json\/wp\/v2\/types\/post"}],"author":[{"embeddable":true,"href":"https:\/\/www.gdapress.it\/it\/index.php\/wp-json\/wp\/v2\/users\/2"}],"replies":[{"embeddable":true,"href":"https:\/\/www.gdapress.it\/it\/index.php\/wp-json\/wp\/v2\/comments?post=45978"}],"version-history":[{"count":3,"href":"https:\/\/www.gdapress.it\/it\/index.php\/wp-json\/wp\/v2\/posts\/45978\/revisions"}],"predecessor-version":[{"id":45982,"href":"https:\/\/www.gdapress.it\/it\/index.php\/wp-json\/wp\/v2\/posts\/45978\/revisions\/45982"}],"wp:attachment":[{"href":"https:\/\/www.gdapress.it\/it\/index.php\/wp-json\/wp\/v2\/media?parent=45978"}],"wp:term":[{"taxonomy":"category","embeddable":true,"href":"https:\/\/www.gdapress.it\/it\/index.php\/wp-json\/wp\/v2\/categories?post=45978"},{"taxonomy":"post_tag","embeddable":true,"href":"https:\/\/www.gdapress.it\/it\/index.php\/wp-json\/wp\/v2\/tags?post=45978"}],"curies":[{"name":"wp","href":"https:\/\/api.w.org\/{rel}","templated":true}]}}