
{"id":45898,"date":"2014-10-23T23:05:36","date_gmt":"2014-10-23T21:05:36","guid":{"rendered":"http:\/\/www.gdapress.it\/it\/?p=45898"},"modified":"2014-10-26T23:09:19","modified_gmt":"2014-10-26T21:09:19","slug":"alce-nero-centro-salone-gusto-terra-madre-2014","status":"publish","type":"post","link":"https:\/\/www.gdapress.it\/it\/index.php\/45898\/enogastronomia\/alce-nero-centro-salone-gusto-terra-madre-2014.html","title":{"rendered":"Alce Nero al centro del Salone del Gusto e Terra Madre 2014"},"content":{"rendered":"<table class=\"ecxMsoNormalTable\" style=\"color: #444444;\" border=\"0\" width=\"648\" cellspacing=\"0\" cellpadding=\"0\">\n<tbody>\n<tr>\n<td valign=\"top\" width=\"648\">\n<p class=\"ecxMsoNormal\"><a href=\"http:\/\/www.gdapress.it\/it\/..\/public\/it\/2014\/10\/AlceNeroBaby.jpg\"><img loading=\"lazy\" decoding=\"async\" class=\"alignleft size-medium wp-image-45899\" src=\"http:\/\/www.gdapress.it\/it\/..\/public\/it\/2014\/10\/AlceNeroBaby-300x247.jpg\" alt=\"AlceNeroBaby\" width=\"300\" height=\"247\" srcset=\"https:\/\/www.gdapress.it\/it\/..\/public\/it\/2014\/10\/AlceNeroBaby-300x247.jpg 300w, https:\/\/www.gdapress.it\/it\/..\/public\/it\/2014\/10\/AlceNeroBaby-484x400.jpg 484w, https:\/\/www.gdapress.it\/it\/..\/public\/it\/2014\/10\/AlceNeroBaby.jpg 1181w\" sizes=\"auto, (max-width: 300px) 100vw, 300px\" \/><\/a><\/p>\n<p class=\"ecxMsoNormal\"><i style=\"font-style: italic;\">Due spazi espositivi dedicati alla Generazione Bio Baby &amp; Kids e ai prodotti Fairtrade: per raccontare il percorso del biologico attraverso le etichette narranti realizzate con Slow Food, che fanno del Cibo Vero un punto di relazione tra chi lo produce e chi lo fruisce.<\/i><\/p>\n<p class=\"ecxMsoNormal\">\n<p class=\"ecxMsoNormal\">Sull\u2019Arca del Gusto simbolo dell\u2019edizione 2014 della biennale di Slow Food non poteva mancare il sapore naturale delle bio artigianalit\u00e0 Alce Nero. Lo storico marchio di oltre mille soci agricoltori biologici in Italia e nel Mondo sar\u00e0 presente a questa edizione dedicata alla tutela della biodiversit\u00e0 e all\u2019agricoltura familiare con una doppia presenza.<\/p>\n<p class=\"ecxMsoNormal\">\n<p class=\"ecxMsoNormal\"><b style=\"font-weight: bold;\">Generazione bio, la linea di Baby food<\/b>\u00a0realizzata per nutrire in maniera gustosa e corretta i bambini da zero a 3 anni e i\u00a0<b style=\"font-weight: bold;\">prodotti kids Alce Nero<\/b>\u00a0saranno al centro dell\u2019area educational nel padiglione 5 del Lingotto, interamente rivolto alla didattica e all\u2019educazione del gusto.<\/p>\n<p class=\"ecxMsoNormal\">\n<p class=\"ecxMsoNormal\">Mentre tra gli appuntamenti nell\u2019area Slow Food Educa, al\u00a0<span style=\"color: black;\">pad. 5,\u00a0<\/span>da non perdere\u00a0<b style=\"font-weight: bold;\">domenica 26 ottobre alle ore 11,<\/b>\u00a0l\u2019intervento\u00a0<b style=\"font-weight: bold;\">\u201cPiccoli buongustai crescono\u201d<\/b>\u00a0a cura della dott.ssa<b style=\"font-weight: bold;\">Renata Alleva<\/b>\u00a0PhD in Biochimica, Specialista in Scienza dell\u2019Alimentazione e ricercatore presso IRCCS Rizzoli. L\u2019incontro punta a dare ai genitori suggerimenti utili per trovare degli ingredienti salutari e buoni da proporre ai bambini nella delicata fase dello svezzamento e della crescita. Sempre\u00a0<b style=\"font-weight: bold;\">domenica 26 alle ore 15\u00a0in Sala Blu<\/b>\u00a0<b style=\"font-weight: bold;\">Alida Sangiorgi<\/b>, Product marketing manager di Alce Nero, illustrer\u00e0 l\u2019importanza dell\u2019alimentazione durante la dolce attesa nell\u2019intervento:<b style=\"font-weight: bold;\">\u00a0\u201cGusto e salute iniziano in pancia!\u201d<\/b>, cui seguir\u00e0 un assaggio di diversi tipi di omogeneizzati.<i style=\"font-style: italic;\"><\/i><\/p>\n<p class=\"ecxMsoNormal\"><span style=\"color: #1f497d;\">\u00a0<\/span><\/p>\n<p class=\"ecxMsoNormal\">Nello spazio\u00a0<b style=\"font-weight: bold;\">Oval\u00a0<\/b>che racchiude le diversit\u00e0 del mondo, Alce Nero\u00a0<b style=\"font-weight: bold;\">presenta i prodotti che sono protagonisti del progetto \u201cEtichette Narranti\u201d studiato insieme a Slow Food<\/b>\u00a0e i prodotti della\u00a0<b style=\"font-weight: bold;\">linea Fairtrade:<\/b>\u00a0caff\u00e8, zucchero di canna, riso basmati, cioccolato, frollini con fave di cacao, t\u00e8 dei soci produttori dell\u2019America Latina, riuniti in cooperative per promuove lo sviluppo, l\u2019integrazione e una\u00a0relazione pi\u00f9 conveniente e giusta per i\u00a0piccoli agricoltori locali.<\/p>\n<p class=\"ecxMsoNormal\">\n<p class=\"ecxMsoNormal\"><i style=\"font-style: italic;\">\u201cQuest\u2019anno il Salone del Gusto ha tra i focus presentare come i \u201ccibi veri\u201d si possano raccontare. In linea con questo percorso, il nostro progetto delle etichette narranti realizzate insieme a Slow food, partito dai prodotti pi\u00f9 tipici come pomodoro, riso, miele e le nuove uova; per proseguire con la linea Alce Nero baby e presto anche con i prodotti Fairtrade. Riteniamo fondamentale informare il fruitore sul cibo che sceglie, descrivendo nel dettaglio l\u2019intero percorso dalla semina al confezionamento, dando valore agli agricoltori impegnati in coltivazioni nel rispetto della terra, dell\u2019ambiente e del lavoro delle persone\u201d,\u00a0<\/i>ha commentato Chiara Marzaduri, Responsabile comunicazione Alce Nero.<\/p>\n<p class=\"ecxMsoNormal\">\n<\/td>\n<\/tr>\n<tr>\n<td valign=\"top\" width=\"648\"><img loading=\"lazy\" decoding=\"async\" src=\"https:\/\/dub127.afx.ms\/att\/GetInline.aspx?messageid=afcd2bcd-5845-11e4-baa0-002481888dd4&amp;attindex=2&amp;cp=-1&amp;attdepth=2&amp;imgsrc=cid%3aimage004.png%4001CFEC63.31880930&amp;cid=5e10b77119522db0&amp;hm__login=giulianadeantonellis&amp;hm__domain=hotmail.com&amp;ip=10.148.136.8&amp;d=d1457&amp;mf=0&amp;hm__ts=Sun%2c%2026%20Oct%202014%2021%3a05%3a19%20GMT&amp;st=giulianadeantonellis&amp;hm__ha=01_138ee1caecdd91a85718527735a6e776446f02e1eee91a8ca00faab66583f1d3&amp;oneredir=1\" alt=\"Codice_QR_short\" width=\"103\" height=\"103\" align=\"left\" hspace=\"12\" \/><b style=\"font-weight: bold;\"><i style=\"font-style: italic;\"><\/i><\/b><\/p>\n<p><b style=\"font-weight: bold;\"><i style=\"font-style: italic;\">ALCE NERO<\/i><\/b><\/p>\n<p><i style=\"font-style: italic;\">Alce Nero \u00e8 il marchio che caratterizza i prodotti di oltre mille agricoltori\u00a0<\/i><i style=\"font-style: italic;\">biologici\u00a0e apicoltori, impegnati dagli anni &#8217;70, in Italia e nel mondo, nel produrre cibi buoni, sani, nutrienti. Gli alimenti Alce Nero nascono da un\u2019agricoltura che rispetta la terra e non utilizza sostanze chimiche di sintesi come pesticidi ed erbicidi.<\/i><\/p>\n<p><i style=\"font-style: italic;\">Passione, esperienza,\u00a0<\/i><i style=\"font-style: italic;\">valorizzazione delle colture del\u00a0proprio territorio e della sua storia sono al<br \/>\ncentro dell\u2019attivit\u00e0 di tutti i soci produttori, cui si aggiunge il massimo rispetto per la natura, l\u2019ambiente, le persone e per il loro lavoro.<\/i><\/p>\n<p><i style=\"font-style: italic;\">Un impegno che parte dall&#8217;Italia per essere condiviso dai soci internazionali in Costa Rica, Brasile, Nicaragua, Per\u00f9 e India dove nascono i prodotti biologici Fairtrade Alce Nero tipici di questi paesi.<\/i><\/p>\n<p><i style=\"font-style: italic;\">Una selezione delle migliori referenze Alce Nero si possono acquistare nel nuovo negozio online:<\/i><a style=\"font-weight: inherit; color: #0563c1;\" href=\"http:\/\/www.alceneroshop.com\/\" target=\"_blank\"><i style=\"font-style: italic;\">www.alceneroshop.com<\/i><\/a><i style=\"font-style: italic;\">.<\/i><\/p>\n<p><a style=\"font-weight: inherit; color: #0563c1;\" href=\"http:\/\/www.alcenero.com\/\" target=\"_blank\">www.alcenero.com<\/a><\/p>\n<p class=\"ecxMsoNormal\"><i style=\"font-style: italic;\">\u00a0<\/i><\/p>\n<\/td>\n<\/tr>\n<\/tbody>\n<\/table>\n","protected":false},"excerpt":{"rendered":"<p>Due spazi espositivi dedicati alla Generazione Bio Baby &amp; Kids e ai prodotti Fairtrade: per raccontare il percorso del biologico attraverso le etichette narranti realizzate con Slow Food, che fanno del Cibo Vero un punto di relazione tra chi lo produce e chi lo fruisce. Sull\u2019Arca del Gusto simbolo dell\u2019edizione 2014 della biennale di Slow &hellip; <a href=\"https:\/\/www.gdapress.it\/it\/index.php\/45898\/enogastronomia\/alce-nero-centro-salone-gusto-terra-madre-2014.html\" class=\"more-link\">Read more <span class=\"screen-reader-text\">Alce Nero al centro del Salone del Gusto e Terra Madre 2014<\/span><\/a><\/p>\n","protected":false},"author":2,"featured_media":0,"comment_status":"closed","ping_status":"open","sticky":false,"template":"","format":"standard","meta":{"footnotes":""},"categories":[20],"tags":[11982,10069,29],"class_list":["post-45898","post","type-post","status-publish","format-standard","hentry","category-enogastronomia","tag-alce-nero","tag-salone-del-gusto","tag-torino"],"_links":{"self":[{"href":"https:\/\/www.gdapress.it\/it\/index.php\/wp-json\/wp\/v2\/posts\/45898","targetHints":{"allow":["GET"]}}],"collection":[{"href":"https:\/\/www.gdapress.it\/it\/index.php\/wp-json\/wp\/v2\/posts"}],"about":[{"href":"https:\/\/www.gdapress.it\/it\/index.php\/wp-json\/wp\/v2\/types\/post"}],"author":[{"embeddable":true,"href":"https:\/\/www.gdapress.it\/it\/index.php\/wp-json\/wp\/v2\/users\/2"}],"replies":[{"embeddable":true,"href":"https:\/\/www.gdapress.it\/it\/index.php\/wp-json\/wp\/v2\/comments?post=45898"}],"version-history":[{"count":1,"href":"https:\/\/www.gdapress.it\/it\/index.php\/wp-json\/wp\/v2\/posts\/45898\/revisions"}],"predecessor-version":[{"id":45900,"href":"https:\/\/www.gdapress.it\/it\/index.php\/wp-json\/wp\/v2\/posts\/45898\/revisions\/45900"}],"wp:attachment":[{"href":"https:\/\/www.gdapress.it\/it\/index.php\/wp-json\/wp\/v2\/media?parent=45898"}],"wp:term":[{"taxonomy":"category","embeddable":true,"href":"https:\/\/www.gdapress.it\/it\/index.php\/wp-json\/wp\/v2\/categories?post=45898"},{"taxonomy":"post_tag","embeddable":true,"href":"https:\/\/www.gdapress.it\/it\/index.php\/wp-json\/wp\/v2\/tags?post=45898"}],"curies":[{"name":"wp","href":"https:\/\/api.w.org\/{rel}","templated":true}]}}