
{"id":45802,"date":"2014-10-23T14:11:56","date_gmt":"2014-10-23T12:11:56","guid":{"rendered":"http:\/\/www.gdapress.it\/it\/?p=45802"},"modified":"2014-10-23T14:14:48","modified_gmt":"2014-10-23T12:14:48","slug":"boldini-parisien-ditalie-milano-gammanzoni","status":"publish","type":"post","link":"https:\/\/www.gdapress.it\/it\/index.php\/45802\/arte\/boldini-parisien-ditalie-milano-gammanzoni.html","title":{"rendered":"BOLDINI Parisien d\u2019Italie Milano GAMManzoni"},"content":{"rendered":"<p><a href=\"http:\/\/www.gdapress.it\/it\/..\/public\/it\/2014\/10\/Boldini-Lina-Cavalieri.jpg\"><img loading=\"lazy\" decoding=\"async\" class=\"alignleft size-medium wp-image-45805\" src=\"http:\/\/www.gdapress.it\/it\/..\/public\/it\/2014\/10\/Boldini-Lina-Cavalieri-300x235.jpg\" alt=\"Boldini - Lina Cavalieri\" width=\"300\" height=\"235\" srcset=\"https:\/\/www.gdapress.it\/it\/..\/public\/it\/2014\/10\/Boldini-Lina-Cavalieri-300x235.jpg 300w, https:\/\/www.gdapress.it\/it\/..\/public\/it\/2014\/10\/Boldini-Lina-Cavalieri-500x393.jpg 500w, https:\/\/www.gdapress.it\/it\/..\/public\/it\/2014\/10\/Boldini-Lina-Cavalieri.jpg 2000w\" sizes=\"auto, (max-width: 300px) 100vw, 300px\" \/><\/a><\/p>\n<p>BOLDINI<br \/>\nParisien d\u2019Italie<br \/>\nMilano, GAMManzoni<\/p>\n<p>via Manzoni 45<\/p>\n<p>24 ottobre 2014 \u2013 18 gennaio 2015<\/p>\n<p>A 25 anni dalla storica rassegna alla Societ\u00e0 per le Belle Arti ed Esposizione Permanente, Milano rende omaggio a uno tra gli indiscussi protagonisti della pittura italiana dell\u2019Ottocento, con quaranta capolavori, alcuni dei quali mai esposti in pubblico, provenienti da prestigiose collezioni private.<\/p>\n<p>Dal 24 ottobre 2014 al 18 gennaio 2015, GAMManzoni. Centro Studi per l\u2019Arte Moderna e Contemporanea di Milano (via Manzoni 45) ospita una mostra dedicata a Giovanni Boldini (Ferrara 1842 \u2013 Parigi 1931) tra i maggiori esponenti della pittura italiana e internazionale, colui che seppe interpretare i sogni di un mondo in bilico fra Otto e Novecento.<\/p>\n<p>Curata da Enzo Savoia e da Francesco Luigi Maspes, l\u2019esposizione ripercorrer\u00e0 le tappe fondamentali della carriera del pittore ferrarese attraverso la selezione di quaranta capolavori \u2013 alcuni dei quali mai esposti in pubblico \u2013 provenienti da prestigiose collezioni private italiane, privilegiando opere eseguite a Parigi tra il 1871 e il 1920 circa, il periodo della sua piena maturit\u00e0 creativa e stilistica.<\/p>\n<p>Il percorso presenter\u00e0 opere di grande importanza, come il nucleo di quadri eseguiti per il mercante Adolphe Goupil dove a prevalere sono soggetti garbati o allusivi, ambientati fra un Settecento galante, esotismi orientaleggianti e una eccitante contemporaneit\u00e0. Da questa miscela prende vita una serie di lavori, densi di materia e di colore, dove protagoniste sono dame abbigliate alla moda del tempo, dall\u2019ingenuit\u00e0 maliziosa e carica di sottintesi, moderne interpreti di una femminilit\u00e0 vivace, spesso ritratte sullo sfondo di paesaggi rigogliosi. Di tale produzione la mostra accoglier\u00e0 capolavori come La lettera (1873), Giovane seduta al pianoforte (1873), Berthe esce per la passeggiata (1874), L\u2019attesa (1878), La visita (1874) e gli acquarelli Al parco (1872) e Interno con figura elegante (1875), tutti eseguiti tra il 1872 e il 1878. A posare qui \u00e8 Berthe, la graziosa modella e amante di Boldini per quasi un decennio, la cui fisionomia aggraziata torna con frequenza nei quadri del periodo.<br \/>\nDi altrettanto interesse sono le \u201cimpressioni\u201d paesistiche della campagna francese e le affascinanti vedute della Ville lumi\u00e8re, caratterizzate da un \u201crealismo\u201d singolare in cui l\u2019artista ferrarese dimostra di padroneggiare sia il piccolo che il grande formato, basando ogni sua creazione sullo studio attento del vero. Esemplare \u00e8 l\u2019Omnibus in Place Pigalle (1882) dove la vita pulsante della citt\u00e0 in continuo fermento abbaglia lo sguardo del pubblico e lo trascina lontano alla scoperta di un palpitare intenso e suggestivo.<br \/>\nLa mostra approfondir\u00e0, inoltre, l\u2019evoluzione dello stile di Boldini nel genere del ritratto, dalle effigi ufficiali, a quelle che raffigurano amici e colleghi. \u00c8 la produzione dove meglio risalta la sintonia di sguardo e di cuore fra Boldini e artisti a lui contemporanei, come Degas, Manet, Helleu e Sargent. A partire dagli anni Novanta dell\u2019Ottocento, sulle sue tele prende vita una galleria di personaggi illustri, di donne soprattutto, interpreti di una femminilit\u00e0 sempre pi\u00f9 indipendente, che egli studia per ottenere i migliori effetti di colore. Ritratti come quelli dell\u2019attrice Jeanne Renouardt, di Enrichetta Allegri, di Marie-Louise Herrouet, della Principessa d\u2019Isemburg-Birstein, di M.me Lacroix o di M.lle Gillespie imprigionano il fascino del bel mondo parigino: un mondo interpretato e colto nella sua verit\u00e0 da quelle pennellate veloci, scattanti, decise, che hanno fatto di Boldini uno dei ritrattisti pi\u00f9 ricercati e amati dalle dame di fin de si\u00e8cle, che fecero scrivere al critico Thi\u00e9bault-Sisson nel 1896: \u201cnell\u2019arte scabrosa di accentuare, per l\u2019imprevisto di una movenza, per la posa inaspettata, talvolta azzardata, la grazia e la nota seducente delle sue modelle Boldini non conosce rivali\u201d.<\/p>\n<p>Accompagna la mostra un catalogo GAMManzoni edizioni<\/p>\n<p>Milano, giugno 2014<\/p>\n<p>BOLDINI. Parisien d\u2019Italie<\/p>\n<p>Milano, GAMManzoni (via A. Manzoni, 45 &#8211; 20121 Milano)<br \/>\n24 ottobre 2014 \u2013 18 gennaio 2015<\/p>\n<p>Orari: da marted\u00ec alla domenica 10-13 e 15-19 (ultimo accesso 18.30)<\/p>\n<p>Ingresso: 6 euro<\/p>\n<p>Catalogo: GAMManzoni edizioni<\/p>\n<p>Info: Tel. e Fax 02.62695107;\u00a0<a href=\"mailto:info@gammanzoni.com\">info@gammanzoni.com<\/a>;\u00a0<a href=\"http:\/\/www.gammanzoni.com\/\">www.gammanzoni.com<\/a><\/p>\n<p>&nbsp;<\/p>\n","protected":false},"excerpt":{"rendered":"<p>BOLDINI Parisien d\u2019Italie Milano, GAMManzoni via Manzoni 45 24 ottobre 2014 \u2013 18 gennaio 2015 A 25 anni dalla storica rassegna alla Societ\u00e0 per le Belle Arti ed Esposizione Permanente, Milano rende omaggio a uno tra gli indiscussi protagonisti della pittura italiana dell\u2019Ottocento, con quaranta capolavori, alcuni dei quali mai esposti in pubblico, provenienti da &hellip; <a href=\"https:\/\/www.gdapress.it\/it\/index.php\/45802\/arte\/boldini-parisien-ditalie-milano-gammanzoni.html\" class=\"more-link\">Read more <span class=\"screen-reader-text\">BOLDINI Parisien d\u2019Italie Milano GAMManzoni<\/span><\/a><\/p>\n","protected":false},"author":2,"featured_media":0,"comment_status":"closed","ping_status":"open","sticky":false,"template":"","format":"standard","meta":{"footnotes":""},"categories":[4],"tags":[3984,11988,17],"class_list":["post-45802","post","type-post","status-publish","format-standard","hentry","category-arte","tag-boldini","tag-gammanzoni","tag-milano"],"_links":{"self":[{"href":"https:\/\/www.gdapress.it\/it\/index.php\/wp-json\/wp\/v2\/posts\/45802","targetHints":{"allow":["GET"]}}],"collection":[{"href":"https:\/\/www.gdapress.it\/it\/index.php\/wp-json\/wp\/v2\/posts"}],"about":[{"href":"https:\/\/www.gdapress.it\/it\/index.php\/wp-json\/wp\/v2\/types\/post"}],"author":[{"embeddable":true,"href":"https:\/\/www.gdapress.it\/it\/index.php\/wp-json\/wp\/v2\/users\/2"}],"replies":[{"embeddable":true,"href":"https:\/\/www.gdapress.it\/it\/index.php\/wp-json\/wp\/v2\/comments?post=45802"}],"version-history":[{"count":3,"href":"https:\/\/www.gdapress.it\/it\/index.php\/wp-json\/wp\/v2\/posts\/45802\/revisions"}],"predecessor-version":[{"id":45806,"href":"https:\/\/www.gdapress.it\/it\/index.php\/wp-json\/wp\/v2\/posts\/45802\/revisions\/45806"}],"wp:attachment":[{"href":"https:\/\/www.gdapress.it\/it\/index.php\/wp-json\/wp\/v2\/media?parent=45802"}],"wp:term":[{"taxonomy":"category","embeddable":true,"href":"https:\/\/www.gdapress.it\/it\/index.php\/wp-json\/wp\/v2\/categories?post=45802"},{"taxonomy":"post_tag","embeddable":true,"href":"https:\/\/www.gdapress.it\/it\/index.php\/wp-json\/wp\/v2\/tags?post=45802"}],"curies":[{"name":"wp","href":"https:\/\/api.w.org\/{rel}","templated":true}]}}