
{"id":45606,"date":"2014-10-12T09:26:02","date_gmt":"2014-10-12T07:26:02","guid":{"rendered":"http:\/\/www.gdapress.it\/it\/?p=45606"},"modified":"2014-10-12T09:26:02","modified_gmt":"2014-10-12T07:26:02","slug":"manzoni-derby-cabaret-3","status":"publish","type":"post","link":"https:\/\/www.gdapress.it\/it\/index.php\/45606\/teatro\/manzoni-derby-cabaret-3.html","title":{"rendered":"Manzoni Derby Cabaret"},"content":{"rendered":"<p><a href=\"http:\/\/www.gdapress.it\/it\/..\/public\/it\/2014\/10\/Luisa-Corna-Maurizio-Colombi-Manzoni-Derby-Cabaret.jpg\"><img loading=\"lazy\" decoding=\"async\" class=\"alignleft size-large wp-image-45607\" src=\"http:\/\/www.gdapress.it\/it\/..\/public\/it\/2014\/10\/Luisa-Corna-Maurizio-Colombi-Manzoni-Derby-Cabaret-500x335.jpg\" alt=\"Luisa Corna-Maurizio Colombi-Manzoni Derby Cabaret\" width=\"500\" height=\"335\" srcset=\"https:\/\/www.gdapress.it\/it\/..\/public\/it\/2014\/10\/Luisa-Corna-Maurizio-Colombi-Manzoni-Derby-Cabaret-500x335.jpg 500w, https:\/\/www.gdapress.it\/it\/..\/public\/it\/2014\/10\/Luisa-Corna-Maurizio-Colombi-Manzoni-Derby-Cabaret-300x201.jpg 300w\" sizes=\"auto, (max-width: 500px) 100vw, 500px\" \/><\/a><\/p>\n<p><strong>PRIMO APPUNTAMENTO <\/strong><\/p>\n<p><strong>12 ottobre 2014<\/strong><\/p>\n<p><strong>Dinner, Wine &amp; Show<\/strong><br \/>\n<strong><em>Il talent show della comicit\u00e0<\/em><\/strong><br \/>\nLa domenica sera dalle 19.30 alle 22.00<\/p>\n<p>Presentano<br \/>\n<strong>MAURIZIO COLOMBI <\/strong>e<strong>LUISA CORNA<\/strong><\/p>\n<p>con la partecipazione di<\/p>\n<p><strong>Gianni Astone, Giovanni D\u2019Angella e Omar Pirovano<\/strong><\/p>\n<p>e con<strong> Roberto De Marchi e Bruceketta<\/strong><\/p>\n<p>Il <strong>Fioraio Bianchi Caff\u00e8<\/strong><br \/>\npropone un buffet spettacolare.<br \/>\nUna <strong>rock band di musicisti<\/strong><br \/>\naccompagner\u00e0 spettacolo e serata.<br \/>\nL\u2019<strong>Associazione Italiana Sommelier Lombardia<\/strong><br \/>\npropone la degustazione di vini pregiati.<\/p>\n<p><strong>\u00a0<\/strong><\/p>\n<p>Le altre date in calendario: 26 ottobre 2014, 2 novembre 2014, 16 novembre 2014<\/p>\n<p>14 dicembre 2014, 21 dicembre 2014, 18 gennaio 2015, 1 febbraio 2015, 22 febbraio 2015<\/p>\n<p>1 marzo 2015, 15 marzo 2015, 22 marzo 2015, 12 aprile 2015, 19 aprile 2015<\/p>\n<p><strong>\u00a0<\/strong><\/p>\n<p>&nbsp;<\/p>\n<p>Il Manzoni Derby Cabaret, che accoglie lo storico marchio del Derby, \u00e8 un talent show della comicit\u00e0, trasversale per et\u00e0 e gusti del pubblico. Sulla scia del successo ottenuto la scorsa stagione si ripropone con la formula del Dinner, Wine&amp;Show, la domenica a partire dalle 19,30, per dare vita ad un vero laboratorio della comicit\u00e0 milanese, con cui concludere in modo diverso la settimana. Anticipano lo spettacolo una cena a buffet curata dal rinomato Fioraio Bianchi Caff\u00e8, che presenta un ricco e allettante men\u00f9, abbinata alla degustazione di pregiati vini italiani con la guida di un sommelier professionista dell\u2019Associazione Italiana Sommelier Lombardia.\u00a0In palcoscenico una sfida tra i nuovi talenti della comicit\u00e0, accompagnati nel ruolo di coach da Gianni Astone, Giovanni D\u2019Angella e Omar Pirovano; <strong>\u00a0<\/strong>Roberto De Marchi nel ruolo di disturbatore e Bruceketta ospite della serata. I nuovi comici votati dal pubblico e da una giuria di qualit\u00e0, composta dal critico Mario Luzzatto Fegiz, dai volti noti di Radio R 101 e di Tv Sorrisi e Canzoni, si contenderanno il premio finale. Conducono Maurizio Colombi e l\u2019eclettica Luisa Corna, accompagnati da una\u00a0 rock band con musicisti di fama nazionale che si esibiscono dal vivo.Come \u00e8 accaduto lo scorso anno tanti saranno gli ospiti a sorpresa provenienti dal mondo dello spettacolo. Comicit\u00e0, musica, buon cibo e buon vino si fondono in un\u2019esperienza multisensoriale per dare vita ad una serata unica.<\/p>\n<p>&nbsp;<\/p>\n<p>&nbsp;<\/p>\n<p>&nbsp;<\/p>\n","protected":false},"excerpt":{"rendered":"<p>PRIMO APPUNTAMENTO 12 ottobre 2014 Dinner, Wine &amp; Show Il talent show della comicit\u00e0 La domenica sera dalle 19.30 alle 22.00 Presentano MAURIZIO COLOMBI eLUISA CORNA con la partecipazione di Gianni Astone, Giovanni D\u2019Angella e Omar Pirovano e con Roberto De Marchi e Bruceketta Il Fioraio Bianchi Caff\u00e8 propone un buffet spettacolare. Una rock band &hellip; <a href=\"https:\/\/www.gdapress.it\/it\/index.php\/45606\/teatro\/manzoni-derby-cabaret-3.html\" class=\"more-link\">Read more <span class=\"screen-reader-text\">Manzoni Derby Cabaret<\/span><\/a><\/p>\n","protected":false},"author":2,"featured_media":0,"comment_status":"closed","ping_status":"open","sticky":false,"template":"","format":"standard","meta":{"footnotes":""},"categories":[1],"tags":[693,599,610,17],"class_list":["post-45606","post","type-post","status-publish","format-standard","hentry","category-teatro","tag-cabaret","tag-derby","tag-manzoni","tag-milano"],"_links":{"self":[{"href":"https:\/\/www.gdapress.it\/it\/index.php\/wp-json\/wp\/v2\/posts\/45606","targetHints":{"allow":["GET"]}}],"collection":[{"href":"https:\/\/www.gdapress.it\/it\/index.php\/wp-json\/wp\/v2\/posts"}],"about":[{"href":"https:\/\/www.gdapress.it\/it\/index.php\/wp-json\/wp\/v2\/types\/post"}],"author":[{"embeddable":true,"href":"https:\/\/www.gdapress.it\/it\/index.php\/wp-json\/wp\/v2\/users\/2"}],"replies":[{"embeddable":true,"href":"https:\/\/www.gdapress.it\/it\/index.php\/wp-json\/wp\/v2\/comments?post=45606"}],"version-history":[{"count":1,"href":"https:\/\/www.gdapress.it\/it\/index.php\/wp-json\/wp\/v2\/posts\/45606\/revisions"}],"predecessor-version":[{"id":45608,"href":"https:\/\/www.gdapress.it\/it\/index.php\/wp-json\/wp\/v2\/posts\/45606\/revisions\/45608"}],"wp:attachment":[{"href":"https:\/\/www.gdapress.it\/it\/index.php\/wp-json\/wp\/v2\/media?parent=45606"}],"wp:term":[{"taxonomy":"category","embeddable":true,"href":"https:\/\/www.gdapress.it\/it\/index.php\/wp-json\/wp\/v2\/categories?post=45606"},{"taxonomy":"post_tag","embeddable":true,"href":"https:\/\/www.gdapress.it\/it\/index.php\/wp-json\/wp\/v2\/tags?post=45606"}],"curies":[{"name":"wp","href":"https:\/\/api.w.org\/{rel}","templated":true}]}}